{"id":5407,"date":"2023-06-15T16:37:46","date_gmt":"2023-06-15T16:37:46","guid":{"rendered":"https:\/\/defrentealaverdad.com\/?p=5407"},"modified":"2024-11-19T19:35:32","modified_gmt":"2024-11-19T19:35:32","slug":"debaten-sobre-cuidado-de-la-primera-infancia","status":"publish","type":"post","link":"https:\/\/defrentealaverdad.com\/index.php\/2023\/06\/15\/debaten-sobre-cuidado-de-la-primera-infancia\/","title":{"rendered":"Debaten sobre cuidado de la primera infancia"},"content":{"rendered":"<p>&nbsp;<\/p>\n<p><img decoding=\"async\" class=\"aligncenter lazyload\" data-src=\"https:\/\/blogger.googleusercontent.com\/img\/b\/R29vZ2xl\/AVvXsEinwqTByN6oazJdJcklVaw5KNFz9UdhrQxm_zMGj_wJ5qWCce1B8Do8BfiI4RGdwobUOtupAP1nI0gW059VxKWOnRAiSxBnzBncxYn0yKCEsmlesecF7vcqwiiAfkhkZpZ0enOIsKDO16CtiF5IuFD6-xChBPI0gSgdcUfY1obPJnauQphErWqHPwDP\/s320\/Jos%C3%A9%20Ram%C3%B3n%20Holgu%C3%ADn%20Brito,%20Anyoli%20Sanabria,%20Cristina%20Alonso%20y%20Ren%C3%A9%20Grull%C3%B3n.jpg\" src=\"data:image\/svg+xml;base64,PHN2ZyB3aWR0aD0iMSIgaGVpZ2h0PSIxIiB4bWxucz0iaHR0cDovL3d3dy53My5vcmcvMjAwMC9zdmciPjwvc3ZnPg==\" \/><\/p>\n<blockquote>\n<p class=\"x_MsoNormal\" style=\"text-align: justify;\"><i><span lang=\"ES-CO\">Esto, tomando en consideraci\u00f3n que en<\/span><\/i><i><span lang=\"ES-NI\">\u00a0Rep\u00fablica Dominicana solo el 32% de las familias m\u00e1s vulnerables acceden a servicios para la primera infancia; UNICEF remarca en la importancia de aumentar paulatinamente la licencia.<\/span><\/i><\/p>\n<\/blockquote>\n<p class=\"x_MsoNormal\" style=\"text-align: justify;\"><span lang=\"ES-DO\">Santo Domingo.-\u00a0\u00a0<\/span><span lang=\"ES-DO\">El Fondo de las Naciones Unidas para la Infancia (UNICEF) y su Consejo Asesor Empresarial, junto al Consejo Nacional de la Empresa Privada (CONEP), realizaron hoy el s\u00e9ptimo seminario empresarial \u201cSostenibilidad y Ni\u00f1ez: empresas responsables, empresas rentables\u201d, con el prop\u00f3sito de intercambiar experiencias de las iniciativas que desarrollan las corporaciones en el pa\u00eds; a<\/span><span lang=\"ES\">l ofrecer espacios de trabajo m\u00e1s amigables con la familia, pues con estos se fortalece el desarrollo de la naci\u00f3n lo que a su vez vuelve m\u00e1s<b>\u00a0<\/b>rentables y sostenibles sus negocios.<\/span><\/p>\n<p class=\"x_MsoNormal\" style=\"text-align: justify;\"><span lang=\"ES\"><u><\/u>\u00a0<u><\/u><\/span><span lang=\"ES-DO\">En el encuentro empresarial, dieron apertura al evento:\u00a0<\/span><span lang=\"ES-DO\">Vilma Arbaje, viceministra de Comercio Exterior del Ministerio de Industria, Comercio y Mipymes (MICM) y Celso Juan Marranzini, presidente del Consejo Nacional de la Empresa Privada (CONEP).<\/span><u><\/u><u><\/u><\/p>\n<p class=\"x_MsoNormal\" style=\"text-align: justify;\"><span lang=\"ES-DO\">Adem\u00e1s, intervinieron como panelistas\u00a0<\/span><span lang=\"ES-DO\">Olga Sauma, directora ejecutiva de la Alianza Empresarial para el Desarrollo de Costa Rica, Andrea Berm\u00fadez, directora de Recursos Humanos de Boston Scientific de la\u00a0<\/span><span lang=\"ES-DO\">Red Empresarial para el Desarrollo de Costa Rica\u00a0<\/span><span lang=\"ES-DO\">y Giacomo Traverso, coordinador del Cl\u00faster de Contact Center &amp; BPOs de la Asociaci\u00f3n Dominicana de Zonas Francas (ADOZONA), de igual manera Jos\u00e9 Ram\u00f3n Holgu\u00edn, viceministro de Monitoreo y Coordinaci\u00f3n Gubernamental del Ministerio de la Presidencia, quien present\u00f3 el contexto de las pol\u00edticas p\u00fablicas, y tambi\u00e9n empresariales para atender a la ni\u00f1ez en el lugar de trabajo que impulsa el Gobierno.<u><\/u><u><\/u><\/span><\/p>\n<p class=\"x_MsoNormal\" style=\"text-align: justify;\"><b><span lang=\"ES-DO\">\u201c<\/span><\/b><span lang=\"ES-DO\">Hoy conoceremos experiencias exitosas de centros de educaci\u00f3n y cuidado infantil en las empresas y de c\u00f3mo la provisi\u00f3n de estos centros est\u00e1 permitiendo mejores resultados en el desarrollo de los hijos de los colaboradores de estas entidades\u201d, dijo Anyoli Sanabria, representante adjunta de UNICEF.<u><\/u><u><\/u><\/span><\/p>\n<p class=\"x_MsoNormal\" style=\"text-align: justify;\"><span lang=\"ES-DO\"><u><\/u>\u00a0<u><\/u><\/span><span lang=\"ES-DO\">Sanabria asegur\u00f3 que \u201cUNICEF se compromete a acompa\u00f1ar la creaci\u00f3n del reglamento de la\u00a0<b>Ley de Atenci\u00f3n de la Primera Infancia<\/b>, para que se permita dar cobertura con suficiente flexibilidad a la creaci\u00f3n de estos centros de cuidado infantil en las empresas o cerca de las empresas, y tambi\u00e9n reiteramos la importancia de que desde el Congreso y el Senado aprueben de manera definitiva la propuesta de ley sobre el aumento de la licencia de paternidad, al menos hasta los 15 primeros d\u00edas desde el nacimiento o adopci\u00f3n de un beb\u00e9\u201d.<b><u><\/u><u><\/u><\/b><\/span><\/p>\n<p class=\"x_MsoNormal\" style=\"text-align: justify;\"><span lang=\"ES-DO\">\u00abLas empresas, como actores clave en nuestras sociedades, tienen el poder de generar un impacto positivo en la vida de los ni\u00f1os a trav\u00e9s de sus acciones y compromisos. Y lo hacen mediante el dise\u00f1o e implementaci\u00f3n de pol\u00edticas y programas responsables que transforman positivamente la realidad de aquellos que m\u00e1s lo necesitan y las empresas cuentan con pol\u00edticas que impactan de forma directa e indirecta en favor de la ni\u00f1ez\u201d, manifest\u00f3 Celso Juan Marranzini, presidente del CONEP.<\/span><u><\/u><u><\/u><\/p>\n<p class=\"x_MsoNormal\" style=\"text-align: justify;\"><span lang=\"ES-DO\"><u><\/u>\u00a0<u><\/u><\/span><span lang=\"ES-DO\">Asimismo, Marranzini agreg\u00f3 que \u201clas salas de lactancia, los permisos por maternidad y paternidad son pol\u00edticas dise\u00f1adas por y para los colaboradores, as\u00ed como el acceso a centros de desarrollo infantil\u00bb.<\/span><u><\/u><u><\/u><\/p>\n<p class=\"x_MsoNormal\" style=\"text-align: justify;\"><span lang=\"ES-DO\"><u><\/u>\u00a0<u><\/u><\/span><span lang=\"ES-DO\">Por su lado, el viceministro Holgu\u00edn extern<\/span><span lang=\"ES-NI\">\u00f3<\/span><span lang=\"ES-DO\">: \u201cquiero mirar el futuro desde ahora, si no logramos que sea una pol\u00edtica p\u00fablica, el esfuerzo individual de las empresas se puede ir disminuyendo. En esto, el Estado tiene un compromiso especial\u201d.<\/span><u><\/u><u><\/u><\/p>\n<p class=\"x_MsoNormal\" style=\"text-align: justify;\"><span lang=\"ES-NI\"><u><\/u>\u00a0<u><\/u><\/span><span lang=\"ES-NI\">Se comparti\u00f3, a su vez que el desaf\u00edo de cuidado infantil afecta a todos los padres y madres que trabajan, pero es especialmente grave en el caso de quienes tienen hijos que todav\u00eda no tienen la edad suficiente para asistir a la escuela primaria, destac\u00e1ndose que en Rep\u00fablica Dominicana solo el 32% de las familias m\u00e1s vulnerables acceden a servicios de primera.<\/span><\/p>\n<p class=\"x_MsoNormal\" style=\"text-align: justify;\">\n<p style=\"text-align: justify;\">Fuente: UNICEF<\/p>\n","protected":false},"excerpt":{"rendered":"<p>&nbsp; Esto, tomando en consideraci\u00f3n que en\u00a0Rep\u00fablica Dominicana solo el 32% de las familias m\u00e1s<\/p>\n","protected":false},"author":4,"featured_media":0,"comment_status":"open","ping_status":"open","sticky":false,"template":"","format":"standard","meta":{"footnotes":""},"categories":[221],"tags":[],"class_list":["post-5407","post","type-post","status-publish","format-standard","hentry","category-salud"],"_links":{"self":[{"href":"https:\/\/defrentealaverdad.com\/index.php\/wp-json\/wp\/v2\/posts\/5407","targetHints":{"allow":["GET"]}}],"collection":[{"href":"https:\/\/defrentealaverdad.com\/index.php\/wp-json\/wp\/v2\/posts"}],"about":[{"href":"https:\/\/defrentealaverdad.com\/index.php\/wp-json\/wp\/v2\/types\/post"}],"author":[{"embeddable":true,"href":"https:\/\/defrentealaverdad.com\/index.php\/wp-json\/wp\/v2\/users\/4"}],"replies":[{"embeddable":true,"href":"https:\/\/defrentealaverdad.com\/index.php\/wp-json\/wp\/v2\/comments?post=5407"}],"version-history":[{"count":2,"href":"https:\/\/defrentealaverdad.com\/index.php\/wp-json\/wp\/v2\/posts\/5407\/revisions"}],"predecessor-version":[{"id":5409,"href":"https:\/\/defrentealaverdad.com\/index.php\/wp-json\/wp\/v2\/posts\/5407\/revisions\/5409"}],"wp:attachment":[{"href":"https:\/\/defrentealaverdad.com\/index.php\/wp-json\/wp\/v2\/media?parent=5407"}],"wp:term":[{"taxonomy":"category","embeddable":true,"href":"https:\/\/defrentealaverdad.com\/index.php\/wp-json\/wp\/v2\/categories?post=5407"},{"taxonomy":"post_tag","embeddable":true,"href":"https:\/\/defrentealaverdad.com\/index.php\/wp-json\/wp\/v2\/tags?post=5407"}],"curies":[{"name":"wp","href":"https:\/\/api.w.org\/{rel}","templated":true}]}}