{"id":5401,"date":"2023-06-14T16:32:04","date_gmt":"2023-06-14T16:32:04","guid":{"rendered":"https:\/\/defrentealaverdad.com\/?p=5401"},"modified":"2023-06-15T16:35:20","modified_gmt":"2023-06-15T16:35:20","slug":"consulado-general-e-inposdom-retoman-acuerdo-para-envio-de-paqueteria-y-documentos-a-republica-dominicana","status":"publish","type":"post","link":"https:\/\/defrentealaverdad.com\/index.php\/2023\/06\/14\/consulado-general-e-inposdom-retoman-acuerdo-para-envio-de-paqueteria-y-documentos-a-republica-dominicana\/","title":{"rendered":"Consulado General e INPOSDOM retoman acuerdo para env\u00edo de paqueter\u00eda y documentos a Rep\u00fablica Dominicana"},"content":{"rendered":"<div class=\"separator\"><a href=\"https:\/\/blogger.googleusercontent.com\/img\/b\/R29vZ2xl\/AVvXsEjwWGueVFdLC2uelA8gD_xWQrt0i1O3XM02DGD7o-NDOEzXba3x-nmVHAZFV7nqECzij__VJxJ_pbHdsjUge-HH_T8rhCrRrydn2O3QXSdYKO77KVjdSMB-84Z7u7JouCrTBzrVSq_haCncS7rYpiGwaEQtDEg-lIKi-_mEfsoJu2DXOi_QDlRABZuC\/s1600\/IMG-20230614-WA0074.jpg\"><img decoding=\"async\" class=\"aligncenter lazyload\" data-src=\"https:\/\/blogger.googleusercontent.com\/img\/b\/R29vZ2xl\/AVvXsEjwWGueVFdLC2uelA8gD_xWQrt0i1O3XM02DGD7o-NDOEzXba3x-nmVHAZFV7nqECzij__VJxJ_pbHdsjUge-HH_T8rhCrRrydn2O3QXSdYKO77KVjdSMB-84Z7u7JouCrTBzrVSq_haCncS7rYpiGwaEQtDEg-lIKi-_mEfsoJu2DXOi_QDlRABZuC\/s320\/IMG-20230614-WA0074.jpg\" width=\"320\" height=\"291\" border=\"0\" data-original-height=\"1453\" data-original-width=\"1600\" src=\"data:image\/svg+xml;base64,PHN2ZyB3aWR0aD0iMSIgaGVpZ2h0PSIxIiB4bWxucz0iaHR0cDovL3d3dy53My5vcmcvMjAwMC9zdmciPjwvc3ZnPg==\" style=\"--smush-placeholder-width: 320px; --smush-placeholder-aspect-ratio: 320\/291;\" \/><\/a><\/div>\n<p style=\"text-align: justify;\">El Consulado General de la Rep\u00fablica Dominicana en Nueva York y la Direcci\u00f3n del Instituto Postal Dominicano (INPOSDOM) anunciaron el relanzamiento de un acuerdo que permitir\u00e1 a los dominicanos residentes en Nueva York enviar documentos y paqueter\u00edas a su pa\u00eds.<\/p>\n<p style=\"text-align: justify;\">Tras firmar la actualizaci\u00f3n del acuerdo, los se\u00f1ores Eligio J\u00e1quez, c\u00f3nsul general; y Erick Guzm\u00e1n, director del INPOSDOM, aseguraron que el convenio beneficiar\u00e1 econ\u00f3micamente y en tiempo a los dominicanos que hagan uso de los servicios que ofrece la instituci\u00f3n postal estatal, a trav\u00e9s de una ventanilla del consulado dominicano en Nueva York.<\/p>\n<p style=\"text-align: justify;\">El C\u00f3nsul General, Eligio J\u00e1quez, se\u00f1al\u00f3 que los servicios que prestar\u00e1 INPOSDOM a la comunidad dominicana de Nueva York y Estados aleda\u00f1os estar\u00e1n revestidos de toda la seguridad y log\u00edstica operacional requeridas en la actualidad.<\/p>\n<p style=\"text-align: justify;\">\u00abDesde la misma sede consular, sin tener que ir a otro lugar y a precio competitivo por parte del INPOSDOM, los dominicanos podr\u00e1n hacer llegar a sus familiares y amigos cualquier documento y paqueter\u00eda que deseen enviar al pa\u00eds\u00bb, afirm\u00f3 J\u00e1quez.<\/p>\n<p style=\"text-align: justify;\">\u00abEste acuerdo es una muestra de la importancia que le damos a la comunidad dominicana en el extranjero y a su conexi\u00f3n con nuestro pa\u00eds. Nos comprometemos a seguir mejorando nuestros servicios para que los env\u00edos sean cada vez m\u00e1s r\u00e1pidos, seguros y eficientes\u00bb, expres\u00f3 el se\u00f1or Erick Guzm\u00e1n.<\/p>\n<p style=\"text-align: justify;\">El acuerdo entre ambas instituciones oficiales fue retomado tras un encuentro oficial entre el c\u00f3nsul general, Eligio J\u00e1quez; y el director de INPOSDOM, Erick Guzm\u00e1n N\u00fa\u00f1ez, en la sede consular.<\/p>\n<p style=\"text-align: justify;\">Fuente: Prensa Consulado RD en NY<\/p>\n","protected":false},"excerpt":{"rendered":"<p>El Consulado General de la Rep\u00fablica Dominicana en Nueva York y la Direcci\u00f3n del Instituto<\/p>\n","protected":false},"author":4,"featured_media":0,"comment_status":"open","ping_status":"open","sticky":false,"template":"","format":"standard","meta":{"footnotes":""},"categories":[16],"tags":[],"class_list":["post-5401","post","type-post","status-publish","format-standard","hentry","category-internacionales"],"_links":{"self":[{"href":"https:\/\/defrentealaverdad.com\/index.php\/wp-json\/wp\/v2\/posts\/5401","targetHints":{"allow":["GET"]}}],"collection":[{"href":"https:\/\/defrentealaverdad.com\/index.php\/wp-json\/wp\/v2\/posts"}],"about":[{"href":"https:\/\/defrentealaverdad.com\/index.php\/wp-json\/wp\/v2\/types\/post"}],"author":[{"embeddable":true,"href":"https:\/\/defrentealaverdad.com\/index.php\/wp-json\/wp\/v2\/users\/4"}],"replies":[{"embeddable":true,"href":"https:\/\/defrentealaverdad.com\/index.php\/wp-json\/wp\/v2\/comments?post=5401"}],"version-history":[{"count":3,"href":"https:\/\/defrentealaverdad.com\/index.php\/wp-json\/wp\/v2\/posts\/5401\/revisions"}],"predecessor-version":[{"id":5404,"href":"https:\/\/defrentealaverdad.com\/index.php\/wp-json\/wp\/v2\/posts\/5401\/revisions\/5404"}],"wp:attachment":[{"href":"https:\/\/defrentealaverdad.com\/index.php\/wp-json\/wp\/v2\/media?parent=5401"}],"wp:term":[{"taxonomy":"category","embeddable":true,"href":"https:\/\/defrentealaverdad.com\/index.php\/wp-json\/wp\/v2\/categories?post=5401"},{"taxonomy":"post_tag","embeddable":true,"href":"https:\/\/defrentealaverdad.com\/index.php\/wp-json\/wp\/v2\/tags?post=5401"}],"curies":[{"name":"wp","href":"https:\/\/api.w.org\/{rel}","templated":true}]}}