{"id":53765,"date":"2026-01-18T15:30:04","date_gmt":"2026-01-18T15:30:04","guid":{"rendered":"https:\/\/defrentealaverdad.com\/?p=53765"},"modified":"2026-01-18T19:32:28","modified_gmt":"2026-01-18T19:32:28","slug":"solo-fernandez-firma-con-sello-discografico-point-records","status":"publish","type":"post","link":"https:\/\/defrentealaverdad.com\/index.php\/2026\/01\/18\/solo-fernandez-firma-con-sello-discografico-point-records\/","title":{"rendered":"Solo Fern\u00e1ndez firma con sello discogr\u00e1fico Point Records"},"content":{"rendered":"<p style=\"text-align: justify;\">SANTO DOMINGO.- El sello discogr\u00e1fico Point Records ampl\u00eda su portafolio en el territorio nacional con la firma del tr\u00edo ganador del Soberano, <em><strong>Solo Fern\u00e1ndez<\/strong><\/em>, quienes pasan a formar parte de este universo dedicado al desarrollo de artistas emergentes y al impulso de colaboraciones internacionales, en l\u00ednea con la visi\u00f3n de Point Records de proyectar talento local hacia audiencias globales.<\/p>\n<blockquote>\n<p style=\"text-align: center;\">\u00abSolo Fern\u00e1ndez ha demostrado un nivel de creatividad y excelencia que impulsa su proyecci\u00f3n internacional. Para nosotros, representan el socio ideal para elevar la escena alternativa dominicana y llevarla a un nuevo nivel. Musicalmente hablamos el mismo idioma y compartimos la visi\u00f3n de llevar la m\u00fasica dominicana a nuevas audiencias\u00bb, resalt\u00f3 Alexander Brouwer, director ejecutivo de Point Records, sello discogr\u00e1fico fundado por Alexander Brouwer, Zeli Berusch y Pedro Guzm\u00e1n; Brouwer se desempe\u00f1a como director ejecutivo y Zeli Berusch como gerente general, liderando las operaciones e impulsando proyectos que amplifican nuevas voces y expresiones culturales.<\/p>\n<\/blockquote>\n<p style=\"text-align: justify;\">Asimismo, los integrantes del grupo, Gian Rojas, Freddy Navarro y Ricardo Montilla, agregaron que para ellos este paso representa una evoluci\u00f3n natural que les permite integrarse a un equipo m\u00e1s robusto. Adem\u00e1s, significa tener acceso a estudios y otras herramientas que potenciar\u00e1n su creatividad.<\/p>\n<blockquote>\n<p style=\"text-align: center;\">\u201cNos identificamos con el sello por la intenci\u00f3n que existe de ambos lados de apoyar la m\u00fasica local y la escena. El SOLOFEST tiene a\u00f1os existiendo por esta misma causa\u201d, agregaron.<\/p>\n<\/blockquote>\n<p style=\"text-align: justify;\">Cabe destacar que Point Records busca aportar al crecimiento de la escena local en el plano internacional, con la intenci\u00f3n de crear un espacio que impulse el talento del pa\u00eds, conect\u00e1ndolo con colaboraciones y est\u00e1ndares internacionales, sin perder la esencia caribe\u00f1a que nos define.<\/p>\n<p style=\"text-align: justify;\">Brouwer manifest\u00f3 que el inter\u00e9s internacional por los sonidos caribe\u00f1os contin\u00faa en expansi\u00f3n, por lo que ven una oportunidad clara para posicionar propuestas dominicanas en nuevos escenarios y mercados globales.<\/p>\n<blockquote>\n<p style=\"text-align: center;\">\u201cQueremos servir como un puente entre la escena local y la global, elevando los est\u00e1ndares de producci\u00f3n y promoviendo colaboraciones que amplifiquen el talento dominicano\u201d, puntualiz\u00f3.<\/p>\n<\/blockquote>\n<p>Fuente: Equipo \u00abPoint Records\u00bb<\/p>\n","protected":false},"excerpt":{"rendered":"<p>SANTO DOMINGO.- El sello discogr\u00e1fico Point Records ampl\u00eda su portafolio en el territorio nacional con<\/p>\n","protected":false},"author":1,"featured_media":53766,"comment_status":"open","ping_status":"open","sticky":false,"template":"","format":"standard","meta":{"footnotes":""},"categories":[249],"tags":[],"class_list":["post-53765","post","type-post","status-publish","format-standard","has-post-thumbnail","hentry","category-farandula"],"_links":{"self":[{"href":"https:\/\/defrentealaverdad.com\/index.php\/wp-json\/wp\/v2\/posts\/53765","targetHints":{"allow":["GET"]}}],"collection":[{"href":"https:\/\/defrentealaverdad.com\/index.php\/wp-json\/wp\/v2\/posts"}],"about":[{"href":"https:\/\/defrentealaverdad.com\/index.php\/wp-json\/wp\/v2\/types\/post"}],"author":[{"embeddable":true,"href":"https:\/\/defrentealaverdad.com\/index.php\/wp-json\/wp\/v2\/users\/1"}],"replies":[{"embeddable":true,"href":"https:\/\/defrentealaverdad.com\/index.php\/wp-json\/wp\/v2\/comments?post=53765"}],"version-history":[{"count":1,"href":"https:\/\/defrentealaverdad.com\/index.php\/wp-json\/wp\/v2\/posts\/53765\/revisions"}],"predecessor-version":[{"id":53767,"href":"https:\/\/defrentealaverdad.com\/index.php\/wp-json\/wp\/v2\/posts\/53765\/revisions\/53767"}],"wp:featuredmedia":[{"embeddable":true,"href":"https:\/\/defrentealaverdad.com\/index.php\/wp-json\/wp\/v2\/media\/53766"}],"wp:attachment":[{"href":"https:\/\/defrentealaverdad.com\/index.php\/wp-json\/wp\/v2\/media?parent=53765"}],"wp:term":[{"taxonomy":"category","embeddable":true,"href":"https:\/\/defrentealaverdad.com\/index.php\/wp-json\/wp\/v2\/categories?post=53765"},{"taxonomy":"post_tag","embeddable":true,"href":"https:\/\/defrentealaverdad.com\/index.php\/wp-json\/wp\/v2\/tags?post=53765"}],"curies":[{"name":"wp","href":"https:\/\/api.w.org\/{rel}","templated":true}]}}