{"id":53759,"date":"2026-01-18T11:05:18","date_gmt":"2026-01-18T11:05:18","guid":{"rendered":"https:\/\/defrentealaverdad.com\/?p=53759"},"modified":"2026-01-18T15:27:33","modified_gmt":"2026-01-18T15:27:33","slug":"ejercito-intercepta-jeepeta-con-20-haitianos-indocumentados-en-mao-valverde","status":"publish","type":"post","link":"https:\/\/defrentealaverdad.com\/index.php\/2026\/01\/18\/ejercito-intercepta-jeepeta-con-20-haitianos-indocumentados-en-mao-valverde\/","title":{"rendered":"Ej\u00e9rcito intercepta jeepeta con 20 haitianos indocumentados en Mao, Valverde"},"content":{"rendered":"<p>Por F\u00e9lix Rubio<\/p>\n<blockquote>\n<p style=\"text-align: center;\">El conductor fue puesto bajo custodia militar y ser\u00e1 presentado ante el Ministerio P\u00fablico.<\/p>\n<\/blockquote>\n<p style=\"text-align: justify;\"><strong>Mao, provincia Valverde, R.D<\/strong>. \u2013 Un veh\u00edculo que transportaba a veinte (20) nacionales haitianos en condici\u00f3n migratoria irregular fueron interceptado por el Ej\u00e9rcito de Rep\u00fablica Dominicana (ERD), durante operaciones de patrullaje realizadas en el municipio Mao de la provincia Valverde.<\/p>\n<p style=\"text-align: justify;\">La intervenci\u00f3n fue realizada en el sector Jinamagua, donde fue detenida la yipeta marca Toyota, color blanco, placa G438051, conducida por el ciudadano dominicano Jorge Luis Contreras Toribio, quien fue puesto bajo custodia militar y ser\u00e1 presentado ante las autoridades del Ministerio P\u00fablico.<\/p>\n<p style=\"text-align: justify;\">Al momento de la inspecci\u00f3n, las autoridades constataron que el conductor transportaba ocultos en el interior del veh\u00edculo a veinte (20) nacionales haitianos, de los cuales quince (15) son hombres y cinco (05) mujeres, todos sin documentaci\u00f3n que acreditara su permanencia legal en el pa\u00eds.<\/p>\n<p style=\"text-align: justify;\">Tanto el conductor, como los extranjeros indocumentados y el veh\u00edculo retenido, fueron trasladados a la sede de la 4ta. Brigada de Infanter\u00eda del ERD, para los procesos correspondientes conforme a la Ley.<\/p>\n<p>Fuente: Ej\u00e9rcito de Rep\u00fablica Dominicana<\/p>\n","protected":false},"excerpt":{"rendered":"<p>Por F\u00e9lix Rubio El conductor fue puesto bajo custodia militar y ser\u00e1 presentado ante el<\/p>\n","protected":false},"author":1,"featured_media":53760,"comment_status":"open","ping_status":"open","sticky":false,"template":"","format":"standard","meta":{"footnotes":""},"categories":[7],"tags":[],"class_list":["post-53759","post","type-post","status-publish","format-standard","has-post-thumbnail","hentry","category-nacionales"],"_links":{"self":[{"href":"https:\/\/defrentealaverdad.com\/index.php\/wp-json\/wp\/v2\/posts\/53759","targetHints":{"allow":["GET"]}}],"collection":[{"href":"https:\/\/defrentealaverdad.com\/index.php\/wp-json\/wp\/v2\/posts"}],"about":[{"href":"https:\/\/defrentealaverdad.com\/index.php\/wp-json\/wp\/v2\/types\/post"}],"author":[{"embeddable":true,"href":"https:\/\/defrentealaverdad.com\/index.php\/wp-json\/wp\/v2\/users\/1"}],"replies":[{"embeddable":true,"href":"https:\/\/defrentealaverdad.com\/index.php\/wp-json\/wp\/v2\/comments?post=53759"}],"version-history":[{"count":1,"href":"https:\/\/defrentealaverdad.com\/index.php\/wp-json\/wp\/v2\/posts\/53759\/revisions"}],"predecessor-version":[{"id":53761,"href":"https:\/\/defrentealaverdad.com\/index.php\/wp-json\/wp\/v2\/posts\/53759\/revisions\/53761"}],"wp:featuredmedia":[{"embeddable":true,"href":"https:\/\/defrentealaverdad.com\/index.php\/wp-json\/wp\/v2\/media\/53760"}],"wp:attachment":[{"href":"https:\/\/defrentealaverdad.com\/index.php\/wp-json\/wp\/v2\/media?parent=53759"}],"wp:term":[{"taxonomy":"category","embeddable":true,"href":"https:\/\/defrentealaverdad.com\/index.php\/wp-json\/wp\/v2\/categories?post=53759"},{"taxonomy":"post_tag","embeddable":true,"href":"https:\/\/defrentealaverdad.com\/index.php\/wp-json\/wp\/v2\/tags?post=53759"}],"curies":[{"name":"wp","href":"https:\/\/api.w.org\/{rel}","templated":true}]}}