{"id":53734,"date":"2026-01-17T15:57:15","date_gmt":"2026-01-17T15:57:15","guid":{"rendered":"https:\/\/defrentealaverdad.com\/?p=53734"},"modified":"2026-01-17T19:58:37","modified_gmt":"2026-01-17T19:58:37","slug":"la-gala-anton-awards-republica-dominicana-anuncia-a-steven-c-como-su-primer-invitado-internacional","status":"publish","type":"post","link":"https:\/\/defrentealaverdad.com\/index.php\/2026\/01\/17\/la-gala-anton-awards-republica-dominicana-anuncia-a-steven-c-como-su-primer-invitado-internacional\/","title":{"rendered":"La Gala \u00c1nt\u00f3n Awards Rep\u00fablica Dominicana anuncia a Steven C como su primer invitado internacional"},"content":{"rendered":"<p style=\"text-align: justify;\"><strong>Santo Domingo, Rep\u00fablica Dominicana<\/strong> \u2014 El reconocido artista ecuatoriano Steven C ha sido confirmado como el primer invitado internacional de la prestigiosa Gala \u00c1nton Awards Rep\u00fablica Dominicana, marcando un momento hist\u00f3rico para esta celebraci\u00f3n del talento y la m\u00fasica.<\/p>\n<p style=\"text-align: justify;\">Steven C llegar\u00e1 al pa\u00eds para deleitar al p\u00fablico dominicano con su amplio repertorio musical y su inconfundible carisma. Artista muy querido en Ecuador, form\u00f3 parte del exitoso grupo Millenium, con el cual cosech\u00f3 importantes logros y popularidad antes de iniciar su carrera como solista.<\/p>\n<p style=\"text-align: justify;\">Durante la gala, el cantante promete una sorpresa especial, que incluir\u00e1 una colaboraci\u00f3n junto a un artista dominicano muy querido por el p\u00fablico, cuyo nombre se mantiene en reserva. Lo que s\u00ed se ha confirmado es que Santo Domingo ha sido la ciudad elegida para el estreno oficial de su nuevo tema promocional \u201cMe enamor\u00e9 de ti\u201d, canci\u00f3n que ya comienza a generar gran impacto en redes sociales en su versi\u00f3n como solista.<\/p>\n<p style=\"text-align: justify;\">Tras ganar los Premios Master Music y los \u00c1nton Awards Ecuador como Artista Solista Revelaci\u00f3n del A\u00f1o con el tema \u201cB\u00e1ilalo\u201d, Steven C contin\u00faa consolidando su proyecci\u00f3n internacional. Como parte de esta nueva etapa, el artista expresa su profundo deseo de conquistar al p\u00fablico dominicano con su talento, entrega y cercan\u00eda.<\/p>\n<blockquote>\n<p style=\"text-align: center;\">\u201cSiempre he admirado a los dominicanos y su cultura musical. Me siento muy feliz y agradecido por esta gran oportunidad\u201d, expres\u00f3 el artista.<\/p>\n<\/blockquote>\n<p style=\"text-align: justify;\">La participaci\u00f3n de Steven C en la Gala \u00c1nton Awards Rep\u00fablica Dominicana promete ser uno de los momentos m\u00e1s esperados de la noche, reafirmando el car\u00e1cter internacional del evento y el intercambio cultural a trav\u00e9s de la m\u00fasica.<\/p>\n<p>Fuente: Cr\u00f3nicas con Nova<\/p>\n","protected":false},"excerpt":{"rendered":"<p>Santo Domingo, Rep\u00fablica Dominicana \u2014 El reconocido artista ecuatoriano Steven C ha sido confirmado como<\/p>\n","protected":false},"author":1,"featured_media":53735,"comment_status":"open","ping_status":"open","sticky":false,"template":"","format":"standard","meta":{"footnotes":""},"categories":[249],"tags":[],"class_list":["post-53734","post","type-post","status-publish","format-standard","has-post-thumbnail","hentry","category-farandula"],"_links":{"self":[{"href":"https:\/\/defrentealaverdad.com\/index.php\/wp-json\/wp\/v2\/posts\/53734","targetHints":{"allow":["GET"]}}],"collection":[{"href":"https:\/\/defrentealaverdad.com\/index.php\/wp-json\/wp\/v2\/posts"}],"about":[{"href":"https:\/\/defrentealaverdad.com\/index.php\/wp-json\/wp\/v2\/types\/post"}],"author":[{"embeddable":true,"href":"https:\/\/defrentealaverdad.com\/index.php\/wp-json\/wp\/v2\/users\/1"}],"replies":[{"embeddable":true,"href":"https:\/\/defrentealaverdad.com\/index.php\/wp-json\/wp\/v2\/comments?post=53734"}],"version-history":[{"count":1,"href":"https:\/\/defrentealaverdad.com\/index.php\/wp-json\/wp\/v2\/posts\/53734\/revisions"}],"predecessor-version":[{"id":53736,"href":"https:\/\/defrentealaverdad.com\/index.php\/wp-json\/wp\/v2\/posts\/53734\/revisions\/53736"}],"wp:featuredmedia":[{"embeddable":true,"href":"https:\/\/defrentealaverdad.com\/index.php\/wp-json\/wp\/v2\/media\/53735"}],"wp:attachment":[{"href":"https:\/\/defrentealaverdad.com\/index.php\/wp-json\/wp\/v2\/media?parent=53734"}],"wp:term":[{"taxonomy":"category","embeddable":true,"href":"https:\/\/defrentealaverdad.com\/index.php\/wp-json\/wp\/v2\/categories?post=53734"},{"taxonomy":"post_tag","embeddable":true,"href":"https:\/\/defrentealaverdad.com\/index.php\/wp-json\/wp\/v2\/tags?post=53734"}],"curies":[{"name":"wp","href":"https:\/\/api.w.org\/{rel}","templated":true}]}}