{"id":5372,"date":"2023-06-14T17:09:34","date_gmt":"2023-06-14T17:09:34","guid":{"rendered":"https:\/\/defrentealaverdad.com\/?p=5372"},"modified":"2023-06-14T17:09:34","modified_gmt":"2023-06-14T17:09:34","slug":"alcaldia-del-dn-reconoce-como-huespedes-distinguidos-a-magistrados-de-supremas-cortes-de-centroamerica-y-el-caribe","status":"publish","type":"post","link":"https:\/\/defrentealaverdad.com\/index.php\/2023\/06\/14\/alcaldia-del-dn-reconoce-como-huespedes-distinguidos-a-magistrados-de-supremas-cortes-de-centroamerica-y-el-caribe\/","title":{"rendered":"Alcald\u00eda del DN reconoce como Hu\u00e9spedes Distinguidos a magistrados de Supremas Cortes de Centroam\u00e9rica y el Caribe"},"content":{"rendered":"<div class=\"separator\"><a href=\"https:\/\/blogger.googleusercontent.com\/img\/b\/R29vZ2xl\/AVvXsEjA7c_LhlEPFoHyvYnenK6d2zXM6JM-f2PZuhRxOxwwOXjytGFkZSaUzu4v9_eN9e21jfuGdYrtv2z_o_mxps4g00CNXZTZ7PhuJA5RezasQ8cH_o9Qc90c8IXZ0Yf8zXnJgtqQj3BhKli8ufIcYFjgqptzsWA_lAkLqbfAgHOxNdH4UlOuXS4ItyhU\/s1600\/IMG-20230614-WA0106.jpg\"><img decoding=\"async\" class=\"aligncenter lazyload\" data-src=\"https:\/\/blogger.googleusercontent.com\/img\/b\/R29vZ2xl\/AVvXsEjA7c_LhlEPFoHyvYnenK6d2zXM6JM-f2PZuhRxOxwwOXjytGFkZSaUzu4v9_eN9e21jfuGdYrtv2z_o_mxps4g00CNXZTZ7PhuJA5RezasQ8cH_o9Qc90c8IXZ0Yf8zXnJgtqQj3BhKli8ufIcYFjgqptzsWA_lAkLqbfAgHOxNdH4UlOuXS4ItyhU\/s320\/IMG-20230614-WA0106.jpg\" width=\"320\" height=\"213\" border=\"0\" data-original-height=\"1066\" data-original-width=\"1600\" src=\"data:image\/svg+xml;base64,PHN2ZyB3aWR0aD0iMSIgaGVpZ2h0PSIxIiB4bWxucz0iaHR0cDovL3d3dy53My5vcmcvMjAwMC9zdmciPjwvc3ZnPg==\" style=\"--smush-placeholder-width: 320px; --smush-placeholder-aspect-ratio: 320\/213;\" \/><\/a><\/div>\n<p style=\"text-align: justify;\">Santo Domingo RD. Durante un acto realizado en el Palacio Consistorial de la Ciudad Colonial, La Alcald\u00eda del Distrito Nacional reconoci\u00f3 a los presidentes de las supremas cortes de justicia de Costa Rica, El Salvador, Guatemala, Honduras, Nicaragua, Panam\u00e1 y Puerto Rico y M\u00e9xico, como Hu\u00e9spedes Distinguidos de Santo Domingo.<\/p>\n<p style=\"text-align: justify;\">Los jueces de Centroam\u00e9rica y el Caribe, Maite D Oronoz Rodr\u00edguez, Silvia Patricia Vald\u00e9s Quezada, Alba Luz Ramos Vanegas, Mar\u00eda Eugenia L\u00f3pez Arias, Rub\u00e9n Remigio Ferro, Orlando Aguirre G\u00f3mez, Rebeca Lizette Raquel Obando, Oscar Alberto L\u00f3pez Jerez; Hassan Lahdan Saqr Al Mohannadi, Lilia M\u00f3nica L\u00f3pez Benitez y Roy Pinada Castro fueron reconocidos por su trayectoria y el trabajo que realizan desde sus posiciones.<\/p>\n<div class=\"separator\" style=\"text-align: justify;\"><a href=\"https:\/\/blogger.googleusercontent.com\/img\/b\/R29vZ2xl\/AVvXsEgZTuTXMv6okYtkIwpksFzmRtHdyjYR3KwRod2gnXzXfwat1Ix2hL1uIb7T5eFtMsbRPfLKqsvjviDxXu0QdY7jPQ2Y_vKC-yvUl9mJwjwWRwcE2qxCOmHkkBm5Eyn-gb6hKwhidWunVRKM0LGLzQs9yitni6b-jfc5i9lwd_nYqXSbMHDNVSCz5JF1\/s1600\/IMG-20230614-WA0111.jpg\"><img decoding=\"async\" class=\"aligncenter lazyload\" data-src=\"https:\/\/blogger.googleusercontent.com\/img\/b\/R29vZ2xl\/AVvXsEgZTuTXMv6okYtkIwpksFzmRtHdyjYR3KwRod2gnXzXfwat1Ix2hL1uIb7T5eFtMsbRPfLKqsvjviDxXu0QdY7jPQ2Y_vKC-yvUl9mJwjwWRwcE2qxCOmHkkBm5Eyn-gb6hKwhidWunVRKM0LGLzQs9yitni6b-jfc5i9lwd_nYqXSbMHDNVSCz5JF1\/s320\/IMG-20230614-WA0111.jpg\" width=\"320\" height=\"213\" border=\"0\" data-original-height=\"1066\" data-original-width=\"1600\" src=\"data:image\/svg+xml;base64,PHN2ZyB3aWR0aD0iMSIgaGVpZ2h0PSIxIiB4bWxucz0iaHR0cDovL3d3dy53My5vcmcvMjAwMC9zdmciPjwvc3ZnPg==\" style=\"--smush-placeholder-width: 320px; --smush-placeholder-aspect-ratio: 320\/213;\" \/><\/a><\/div>\n<p style=\"text-align: justify;\">La alcaldesa del Distrito Nacional, Carolina Mej\u00eda, habl\u00f3 de la historia de la ciudad e invit\u00f3 a los magistrados a volver y disfrutar del pa\u00eds con sus familias.<\/p>\n<p style=\"text-align: justify;\">\u00abLa Rep\u00fablica Dominicana, est\u00e1 Ciudad primada de Am\u00e9rica se siente feliz de que ustedes tengan la oportunidad de tratar temas trascendentales y que son necesarios hoy donde la tecnolog\u00eda a avanzado. Escuch\u00e9 al presidente hablar de inteligencia artificial, son muchos los retos que actualmente tenemos\u00bb dijo Mej\u00eda.<\/p>\n<p style=\"text-align: justify;\">La alcaldesa indic\u00f3, \u00abhoy los reconocemos, son ustedes personas especiales en sus pa\u00edses y aqu\u00ed en Rep\u00fablica Dominicana tambi\u00e9n. Santo Domingo una vez m\u00e1s les dice bienvenidos y los esperamos pronto en esta su casa\u00bb.<\/p>\n<p style=\"text-align: justify;\">De igual manera, la Alcald\u00eda, reconoci\u00f3 a Luis Henry Molina Pe\u00f1a, presidente de la Suprema Corte de Justicia y del Consejo del Poder Judicial del pa\u00eds, como mun\u00edcipe distinguido de la Ciudad.<\/p>\n<p style=\"text-align: justify;\">El presidente de la Suprema Corte de Justicia agradeci\u00f3 la distinci\u00f3n realizada por la alcaldesa a los magistrados e indic\u00f3 que el apoyo brindado por la Alcald\u00eda ha sido fundamental para el \u00e9xito de esta importante Reuni\u00f3n Ordinaria del Consejo Judicial Centroamericano y del Caribe.<\/p>\n<p style=\"text-align: justify;\">\u201cEste reconocimiento nos llena de orgullo y nos motiva a\u00fan m\u00e1s a trabajar arduamente por la justicia y el fortalecimiento de nuestros sistemas judiciales. La colaboraci\u00f3n entre el Gobierno Municipal y el Poder Judicial tiene aristas vitales para garantizar el acceso a una justicia eficiente y equitativa para todos los ciudadanos\u201d, subray\u00f3 el magistrado Henry Molina.<\/p>\n<p style=\"text-align: justify;\">Los magistrados presidentes se encuentran en el pa\u00eds participando de la Reuni\u00f3n Ordinaria del Consejo Judicial Centroamericano y del Caribe (CJCC) de la Rep\u00fablica Dominicana es sede.<\/p>\n<p style=\"text-align: justify;\">En la actividad, que se realiza desde del 12 al 14 de junio del corriente a\u00f1o, participan los representantes de los Poderes Judiciales de Costa Rica, El Salvador, Guatemala, Honduras, Nicaragua, Panam\u00e1 y Puerto Rico; mientras que representantes de la Cortes Supremas de Cuba y M\u00e9xico fungir\u00e1n como observadores.<\/p>\n<p style=\"text-align: justify;\">Durante el acto de inauguraci\u00f3n el poder Judicial dominicano, asumi\u00f3 la presidencia pro tempore del Consejo Judicial Centroamericano y del Caribe, funci\u00f3n que estar\u00e1 a cargo del magistrado Luis Henry Molina Pe\u00f1a. El traspaso se produjo de parte de la magistrada Mite Oronoz Rodr\u00edguez, presidenta del Tribunal Supremo de Puerto Rico.<\/p>\n<p>&nbsp;<\/p>\n<p>Fuente: Alcald\u00eda del Distrito Nacional<\/p>\n","protected":false},"excerpt":{"rendered":"<p>Santo Domingo RD. Durante un acto realizado en el Palacio Consistorial de la Ciudad Colonial,<\/p>\n","protected":false},"author":1,"featured_media":0,"comment_status":"open","ping_status":"open","sticky":false,"template":"","format":"standard","meta":{"footnotes":""},"categories":[7],"tags":[],"class_list":["post-5372","post","type-post","status-publish","format-standard","hentry","category-nacionales"],"_links":{"self":[{"href":"https:\/\/defrentealaverdad.com\/index.php\/wp-json\/wp\/v2\/posts\/5372","targetHints":{"allow":["GET"]}}],"collection":[{"href":"https:\/\/defrentealaverdad.com\/index.php\/wp-json\/wp\/v2\/posts"}],"about":[{"href":"https:\/\/defrentealaverdad.com\/index.php\/wp-json\/wp\/v2\/types\/post"}],"author":[{"embeddable":true,"href":"https:\/\/defrentealaverdad.com\/index.php\/wp-json\/wp\/v2\/users\/1"}],"replies":[{"embeddable":true,"href":"https:\/\/defrentealaverdad.com\/index.php\/wp-json\/wp\/v2\/comments?post=5372"}],"version-history":[{"count":1,"href":"https:\/\/defrentealaverdad.com\/index.php\/wp-json\/wp\/v2\/posts\/5372\/revisions"}],"predecessor-version":[{"id":5373,"href":"https:\/\/defrentealaverdad.com\/index.php\/wp-json\/wp\/v2\/posts\/5372\/revisions\/5373"}],"wp:attachment":[{"href":"https:\/\/defrentealaverdad.com\/index.php\/wp-json\/wp\/v2\/media?parent=5372"}],"wp:term":[{"taxonomy":"category","embeddable":true,"href":"https:\/\/defrentealaverdad.com\/index.php\/wp-json\/wp\/v2\/categories?post=5372"},{"taxonomy":"post_tag","embeddable":true,"href":"https:\/\/defrentealaverdad.com\/index.php\/wp-json\/wp\/v2\/tags?post=5372"}],"curies":[{"name":"wp","href":"https:\/\/api.w.org\/{rel}","templated":true}]}}