{"id":5346,"date":"2023-06-12T15:56:54","date_gmt":"2023-06-12T15:56:54","guid":{"rendered":"https:\/\/defrentealaverdad.com\/?p=5346"},"modified":"2023-06-13T15:57:45","modified_gmt":"2023-06-13T15:57:45","slug":"experta-en-asuntos-legales-e-impositivos-considera-peligrosa-ley-de-facturacion-electronica","status":"publish","type":"post","link":"https:\/\/defrentealaverdad.com\/index.php\/2023\/06\/12\/experta-en-asuntos-legales-e-impositivos-considera-peligrosa-ley-de-facturacion-electronica\/","title":{"rendered":"Experta en asuntos legales e impositivos considera peligrosa Ley de Facturaci\u00f3n Electr\u00f3nica"},"content":{"rendered":"<div>\n<div class=\"separator\"><a href=\"https:\/\/blogger.googleusercontent.com\/img\/b\/R29vZ2xl\/AVvXsEjvw2hIMXXKcn_F8WeQaUrZSnQuXjFnqsffgSbp7yLiwlx9LUn4EK27qtNMQNT_tdtM7Lv4pGyaACR9C2rPs7LWyHFcXF8Famh4pTip7SntH7IBjVv-R_cwFNMKDX8n4xXTl3Lqj7xHlcbLq-LOuwGtdT9vk8KqA8SSKsijYqgzf7yXVcf7bH8pdqzs\/s1280\/IMG-20230612-WA0072.jpg\"><img decoding=\"async\" class=\"aligncenter lazyload\" data-src=\"https:\/\/blogger.googleusercontent.com\/img\/b\/R29vZ2xl\/AVvXsEjvw2hIMXXKcn_F8WeQaUrZSnQuXjFnqsffgSbp7yLiwlx9LUn4EK27qtNMQNT_tdtM7Lv4pGyaACR9C2rPs7LWyHFcXF8Famh4pTip7SntH7IBjVv-R_cwFNMKDX8n4xXTl3Lqj7xHlcbLq-LOuwGtdT9vk8KqA8SSKsijYqgzf7yXVcf7bH8pdqzs\/s320\/IMG-20230612-WA0072.jpg\" width=\"320\" height=\"170\" border=\"0\" data-original-height=\"678\" data-original-width=\"1280\" src=\"data:image\/svg+xml;base64,PHN2ZyB3aWR0aD0iMSIgaGVpZ2h0PSIxIiB4bWxucz0iaHR0cDovL3d3dy53My5vcmcvMjAwMC9zdmciPjwvc3ZnPg==\" style=\"--smush-placeholder-width: 320px; --smush-placeholder-aspect-ratio: 320\/170;\" \/><\/a><\/div>\n<\/div>\n<div>\n<div><\/div>\n<div>La profesional del derecho, experta en litigios en asuntos impositivos, penales y corporativos, licenciada Pablita Cabrera Mart\u00ednez, consider\u00f3 como peligroso y generador de problemas el reci\u00e9n aprobado proyecto de ley que establece la obligatoriedad del uso de la facturaci\u00f3n electr\u00f3nica en el pa\u00eds.<\/div>\n<div><\/div>\n<div><\/div>\n<div>\n<div class=\"separator\"><a href=\"https:\/\/blogger.googleusercontent.com\/img\/b\/R29vZ2xl\/AVvXsEjQrBEtLgdA7lzMcKZoxg6HUUep13ZXhuBzCk8HDYC3m4WQ6QM8IPWZX013LrsVEVrshNL02Ta6ZC_Wr0heOQHmimPEPRu-du7uhyUDl1ERVhnKR_uO-uSPaNrYMRUBcKLw8_JcPxeekJQPCGPlQDp823kbPO2xgKrfSPuGoBO_LeTNPp8L_yZh76NH\/s925\/IMG-20230612-WA0073.jpg\"><img decoding=\"async\" class=\"aligncenter lazyload\" data-src=\"https:\/\/blogger.googleusercontent.com\/img\/b\/R29vZ2xl\/AVvXsEjQrBEtLgdA7lzMcKZoxg6HUUep13ZXhuBzCk8HDYC3m4WQ6QM8IPWZX013LrsVEVrshNL02Ta6ZC_Wr0heOQHmimPEPRu-du7uhyUDl1ERVhnKR_uO-uSPaNrYMRUBcKLw8_JcPxeekJQPCGPlQDp823kbPO2xgKrfSPuGoBO_LeTNPp8L_yZh76NH\/s320\/IMG-20230612-WA0073.jpg\" width=\"320\" height=\"252\" border=\"0\" data-original-height=\"728\" data-original-width=\"925\" src=\"data:image\/svg+xml;base64,PHN2ZyB3aWR0aD0iMSIgaGVpZ2h0PSIxIiB4bWxucz0iaHR0cDovL3d3dy53My5vcmcvMjAwMC9zdmciPjwvc3ZnPg==\" style=\"--smush-placeholder-width: 320px; --smush-placeholder-aspect-ratio: 320\/252;\" \/><\/a><\/div>\n<\/div>\n<div>La abogada explica, entre otras cosas, que si se comete un error en el registro de la factura no se podr\u00e1 modificar tras ser validada en el sistema. \u00abNos podemos equivocar en la factura y poner una cifra incorrecta, por ejemplo, el registro de 280,000 pesos tras agregarle por error un cero de m\u00e1s a los 28,000; es un problema, porque se estar\u00eda obligado a pagar un impuesto que no es imputable\u00bb, agreg\u00f3 la profesional.<\/div>\n<div><\/div>\n<div>Pablita Cabrera Mart\u00ednez entiende que la Leyde Facturaci\u00f3n Electr\u00f3nica viene a cercenar derechos adquiridos por el contribuyente, en el que ante cualquier deuda en la Direcci\u00f3n General de Impuestos Internos, no se podr\u00e1 emitir factura alguna.<\/div>\n<div><\/div>\n<div>La profesional habl\u00f3 en el marco de la inauguraci\u00f3n de la oficina de contadores y abogados corporativos Gesti\u00f3n Empresarial y Litigios (Geli S.R.L.), espacio que busca convertirse en la mejor opci\u00f3n para la soluci\u00f3n de conflictos legales de ciudadanos, donde predomina verdad y la justicia. La magister Pablita Cabrera Mart\u00ednez, es la CEO, gerente administradora general de la empresa, quien destac\u00f3 que la oficina ya viene poniendo a disposici\u00f3n de los ciudadanos soluciones amigables ante situaci\u00f3n legales que les roban la paz.<\/div>\n<div><\/div>\n<div>\u00abNos encargamos de todo lo que tiene que ver con asuntos contables, de auditor\u00eda, de gesti\u00f3n financiera; de todo lo que tiene que ver con lo personal, empresarial y corporativa; estamos capacitados para dar respuestas a los clientes\u00bb, expres\u00f3 profesional del derecho.<\/div>\n<div><\/div>\n<div>Geli S.R.L est\u00e1 ubicada en la calle Jes\u00fas de Gal\u00edndez, n\u00famero 30, en el antiguo Centro del Ri\u00f1\u00f3n en San Crist\u00f3bal, y a pesar de estar en la provincia sure\u00f1a, tiene alcance nacional.<\/div>\n<div><\/div>\n<div>Fuente: Relaciones P\u00fablica -Oficina de Contadores y Abogados Corporativos Gesti\u00f3n Empresarial y Litigios (Geli S.R.L.)<\/div>\n<\/div>\n","protected":false},"excerpt":{"rendered":"<p>La profesional del derecho, experta en litigios en asuntos impositivos, penales y corporativos, licenciada Pablita<\/p>\n","protected":false},"author":2,"featured_media":0,"comment_status":"open","ping_status":"open","sticky":false,"template":"","format":"standard","meta":{"footnotes":""},"categories":[7],"tags":[],"class_list":["post-5346","post","type-post","status-publish","format-standard","hentry","category-nacionales"],"_links":{"self":[{"href":"https:\/\/defrentealaverdad.com\/index.php\/wp-json\/wp\/v2\/posts\/5346","targetHints":{"allow":["GET"]}}],"collection":[{"href":"https:\/\/defrentealaverdad.com\/index.php\/wp-json\/wp\/v2\/posts"}],"about":[{"href":"https:\/\/defrentealaverdad.com\/index.php\/wp-json\/wp\/v2\/types\/post"}],"author":[{"embeddable":true,"href":"https:\/\/defrentealaverdad.com\/index.php\/wp-json\/wp\/v2\/users\/2"}],"replies":[{"embeddable":true,"href":"https:\/\/defrentealaverdad.com\/index.php\/wp-json\/wp\/v2\/comments?post=5346"}],"version-history":[{"count":1,"href":"https:\/\/defrentealaverdad.com\/index.php\/wp-json\/wp\/v2\/posts\/5346\/revisions"}],"predecessor-version":[{"id":5347,"href":"https:\/\/defrentealaverdad.com\/index.php\/wp-json\/wp\/v2\/posts\/5346\/revisions\/5347"}],"wp:attachment":[{"href":"https:\/\/defrentealaverdad.com\/index.php\/wp-json\/wp\/v2\/media?parent=5346"}],"wp:term":[{"taxonomy":"category","embeddable":true,"href":"https:\/\/defrentealaverdad.com\/index.php\/wp-json\/wp\/v2\/categories?post=5346"},{"taxonomy":"post_tag","embeddable":true,"href":"https:\/\/defrentealaverdad.com\/index.php\/wp-json\/wp\/v2\/tags?post=5346"}],"curies":[{"name":"wp","href":"https:\/\/api.w.org\/{rel}","templated":true}]}}