{"id":5343,"date":"2023-06-12T15:54:56","date_gmt":"2023-06-12T15:54:56","guid":{"rendered":"https:\/\/defrentealaverdad.com\/?p=5343"},"modified":"2023-06-13T15:55:48","modified_gmt":"2023-06-13T15:55:48","slug":"deparal-y-cnd-capacitan-sobre-consecuencias-de-la-ley-50-88-sobre-drogas-y-sustancias-controladas","status":"publish","type":"post","link":"https:\/\/defrentealaverdad.com\/index.php\/2023\/06\/12\/deparal-y-cnd-capacitan-sobre-consecuencias-de-la-ley-50-88-sobre-drogas-y-sustancias-controladas\/","title":{"rendered":"DEPARAL y CND capacitan sobre consecuencias de la ley 50-88, sobre drogas y sustancias controladas"},"content":{"rendered":"<p style=\"text-align: justify;\">Por Felix Rubio<\/p>\n<div class=\"separator\" style=\"text-align: justify;\"><a href=\"https:\/\/blogger.googleusercontent.com\/img\/b\/R29vZ2xl\/AVvXsEjmGeYVUpGWX4gNcnKVWO-82J_smdOVwqM516RVlRpRylfaJz6d2ufr2vkstvWD5CeU34TuJHj5ETTbEAPNYXay4szE6jHSz4eMd6SsZuayoY6PTQMpz7AqAAmC-mS2ulQZUQu_lm0RLHk65m7bSeus44oFH6dgThzh2AukZEU6zMlNHrk7zKhZlsfnOg\/s1600\/IMG-20230612-WA0014.jpg\"><img decoding=\"async\" data-src=\"https:\/\/blogger.googleusercontent.com\/img\/b\/R29vZ2xl\/AVvXsEjmGeYVUpGWX4gNcnKVWO-82J_smdOVwqM516RVlRpRylfaJz6d2ufr2vkstvWD5CeU34TuJHj5ETTbEAPNYXay4szE6jHSz4eMd6SsZuayoY6PTQMpz7AqAAmC-mS2ulQZUQu_lm0RLHk65m7bSeus44oFH6dgThzh2AukZEU6zMlNHrk7zKhZlsfnOg\/s320\/IMG-20230612-WA0014.jpg\" width=\"320\" height=\"240\" border=\"0\" data-original-height=\"1200\" data-original-width=\"1600\" src=\"data:image\/svg+xml;base64,PHN2ZyB3aWR0aD0iMSIgaGVpZ2h0PSIxIiB4bWxucz0iaHR0cDovL3d3dy53My5vcmcvMjAwMC9zdmciPjwvc3ZnPg==\" class=\"lazyload\" style=\"--smush-placeholder-width: 320px; --smush-placeholder-aspect-ratio: 320\/240;\" \/><\/a><\/div>\n<p style=\"text-align: justify;\">\nEn el d\u00eda de hoy el Departamento de Prevenci\u00f3n en el \u00e1rea laboral (Deparal), del Consejo Nacional de Drogas, junto a la Regional Valdesia San Cristobal (CND), realizaron una capacitaci\u00f3n a m\u00e1s de 150 Conscriptos de la Escuela de Entrenamiento Policial Mayor General\u00ae\ufe0fEulogio Benito Monci\u00f3n Leonardo.<\/p>\n<p>Ubicado en el sector de Hatillo del Municipio de San Cristobal, Con el objetivo de crear conciencia sobre los da\u00f1os, efectos y consecuencias que ocasionan el uso de sustancias psicoactivas a la salud.<\/p>\n<div class=\"separator\" style=\"text-align: justify;\"><a href=\"https:\/\/blogger.googleusercontent.com\/img\/b\/R29vZ2xl\/AVvXsEgnNFfxoN0qYufOUpEpIyxUf26exUH8hEXoh6udvOSI7QXWLdxHigsXFGhBNowixKKDnHstqEb2zRHmb4hw1unoza6ZwlNB6iBszGggkfkpG-044SXpF8NJkbW0DQiSfyxtBaXauUcYoklqOPcM4hiMupnIfvhV9_EtJ68F6-cUwMtKSM6diCxjBff7BA\/s1600\/IMG-20230612-WA0015.jpg\"><img decoding=\"async\" data-src=\"https:\/\/blogger.googleusercontent.com\/img\/b\/R29vZ2xl\/AVvXsEgnNFfxoN0qYufOUpEpIyxUf26exUH8hEXoh6udvOSI7QXWLdxHigsXFGhBNowixKKDnHstqEb2zRHmb4hw1unoza6ZwlNB6iBszGggkfkpG-044SXpF8NJkbW0DQiSfyxtBaXauUcYoklqOPcM4hiMupnIfvhV9_EtJ68F6-cUwMtKSM6diCxjBff7BA\/s320\/IMG-20230612-WA0015.jpg\" width=\"320\" height=\"249\" border=\"0\" data-original-height=\"1244\" data-original-width=\"1600\" src=\"data:image\/svg+xml;base64,PHN2ZyB3aWR0aD0iMSIgaGVpZ2h0PSIxIiB4bWxucz0iaHR0cDovL3d3dy53My5vcmcvMjAwMC9zdmciPjwvc3ZnPg==\" class=\"lazyload\" style=\"--smush-placeholder-width: 320px; --smush-placeholder-aspect-ratio: 320\/249;\" \/><\/a><\/div>\n<p style=\"text-align: justify;\">\nDicha capacitaci\u00f3n consiste en las Consecuencias de la ley 50-88, sobre drogas y sustancias controladas en la Rep\u00fablica Dominican. @consejodedrogasrd.<\/p>\n<p>&nbsp;<\/p>\n<p>Fuente: Consejo Nacional de Drogas<\/p>\n","protected":false},"excerpt":{"rendered":"<p>Por Felix Rubio En el d\u00eda de hoy el Departamento de Prevenci\u00f3n en el \u00e1rea<\/p>\n","protected":false},"author":1,"featured_media":0,"comment_status":"open","ping_status":"open","sticky":false,"template":"","format":"standard","meta":{"footnotes":""},"categories":[7],"tags":[],"class_list":["post-5343","post","type-post","status-publish","format-standard","hentry","category-nacionales"],"_links":{"self":[{"href":"https:\/\/defrentealaverdad.com\/index.php\/wp-json\/wp\/v2\/posts\/5343","targetHints":{"allow":["GET"]}}],"collection":[{"href":"https:\/\/defrentealaverdad.com\/index.php\/wp-json\/wp\/v2\/posts"}],"about":[{"href":"https:\/\/defrentealaverdad.com\/index.php\/wp-json\/wp\/v2\/types\/post"}],"author":[{"embeddable":true,"href":"https:\/\/defrentealaverdad.com\/index.php\/wp-json\/wp\/v2\/users\/1"}],"replies":[{"embeddable":true,"href":"https:\/\/defrentealaverdad.com\/index.php\/wp-json\/wp\/v2\/comments?post=5343"}],"version-history":[{"count":1,"href":"https:\/\/defrentealaverdad.com\/index.php\/wp-json\/wp\/v2\/posts\/5343\/revisions"}],"predecessor-version":[{"id":5344,"href":"https:\/\/defrentealaverdad.com\/index.php\/wp-json\/wp\/v2\/posts\/5343\/revisions\/5344"}],"wp:attachment":[{"href":"https:\/\/defrentealaverdad.com\/index.php\/wp-json\/wp\/v2\/media?parent=5343"}],"wp:term":[{"taxonomy":"category","embeddable":true,"href":"https:\/\/defrentealaverdad.com\/index.php\/wp-json\/wp\/v2\/categories?post=5343"},{"taxonomy":"post_tag","embeddable":true,"href":"https:\/\/defrentealaverdad.com\/index.php\/wp-json\/wp\/v2\/tags?post=5343"}],"curies":[{"name":"wp","href":"https:\/\/api.w.org\/{rel}","templated":true}]}}