{"id":5341,"date":"2023-06-12T15:54:15","date_gmt":"2023-06-12T15:54:15","guid":{"rendered":"https:\/\/defrentealaverdad.com\/?p=5341"},"modified":"2023-06-13T15:54:46","modified_gmt":"2023-06-13T15:54:46","slug":"muere-a-sus-87-anos-silvio-berlusconi","status":"publish","type":"post","link":"https:\/\/defrentealaverdad.com\/index.php\/2023\/06\/12\/muere-a-sus-87-anos-silvio-berlusconi\/","title":{"rendered":"Muere a sus 87 a\u00f1os Silvio Berlusconi"},"content":{"rendered":"<div class=\"separator\" style=\"text-align: justify;\"><a href=\"https:\/\/blogger.googleusercontent.com\/img\/b\/R29vZ2xl\/AVvXsEiaj6GsacvZ96eVKLF0_SLhDGLPf8TcAyCIHwzfzWUsbm8gqXl0ekQQoqzijq-UnNkUe_HdHtaiRy925o-HuUSUxjuhjvf61octwDQ5hV7ODS0zDgaKcWp_4VUnTgdUrJxB77sc1O4kJtfPHkfjiG-DbP7nTK2eyRZI8JcybCzlhiw-SHdBSJ1D7qy33w\/s693\/Screenshot_20230612-073801-894.png\"><img decoding=\"async\" data-src=\"https:\/\/blogger.googleusercontent.com\/img\/b\/R29vZ2xl\/AVvXsEiaj6GsacvZ96eVKLF0_SLhDGLPf8TcAyCIHwzfzWUsbm8gqXl0ekQQoqzijq-UnNkUe_HdHtaiRy925o-HuUSUxjuhjvf61octwDQ5hV7ODS0zDgaKcWp_4VUnTgdUrJxB77sc1O4kJtfPHkfjiG-DbP7nTK2eyRZI8JcybCzlhiw-SHdBSJ1D7qy33w\/s320\/Screenshot_20230612-073801-894.png\" width=\"320\" height=\"210\" border=\"0\" data-original-height=\"455\" data-original-width=\"693\" src=\"data:image\/svg+xml;base64,PHN2ZyB3aWR0aD0iMSIgaGVpZ2h0PSIxIiB4bWxucz0iaHR0cDovL3d3dy53My5vcmcvMjAwMC9zdmciPjwvc3ZnPg==\" class=\"lazyload\" style=\"--smush-placeholder-width: 320px; --smush-placeholder-aspect-ratio: 320\/210;\" \/><\/a><\/div>\n<p style=\"text-align: justify;\">Roma, Italia. &#8211; El Tres veces primer ministro, due\u00f1o de Mediaset y expresidente del equipo de f\u00fatbol AC Milan, quien construy\u00f3 el relato de la Italia moderna\u202fel veterano pol\u00edtico italiano, fundador y l\u00edder permanente del partido Forza Italia (Adelante Italia), Silvio Berlusconi, muri\u00f3 a la edad de 87 a\u00f1os, inform\u00f3 este lunes Corriere della Sera.<\/p>\n<p>Berlusconi, tres veces primer ministro de Italia y due\u00f1o del imperio medi\u00e1tico Mediaset, el hombre que revolucion\u00f3 las telecomunicaciones y atraves\u00f3 cientos de esc\u00e1ndalos legales y personales, muri\u00f3 en el hospital San Raffaele de Mil\u00e1n a causa de las distintas complicaciones card\u00edacas que arrastraba.<\/p>\n<div class=\"separator\" style=\"text-align: justify;\"><a href=\"https:\/\/blogger.googleusercontent.com\/img\/b\/R29vZ2xl\/AVvXsEivVgZS8wxmFg8faAkehekj6sDP9wng1PAZK42PDUVm3GTKpWjLqye81hK1h_9Z6Yv79DtjnW-xus6XPn9HtJ8yFf0gnqt7IX_DB6Oo1vt6RJ6EV2B2W0OWfYWxV_gH5pKqwSGe4TlubEihXejVS6q8OJE52R5egRrpXqdhIxvI5YCRECY2bM4caCoAiw\/s620\/Silvio-Berlusconi.jpg\"><img decoding=\"async\" data-src=\"https:\/\/blogger.googleusercontent.com\/img\/b\/R29vZ2xl\/AVvXsEivVgZS8wxmFg8faAkehekj6sDP9wng1PAZK42PDUVm3GTKpWjLqye81hK1h_9Z6Yv79DtjnW-xus6XPn9HtJ8yFf0gnqt7IX_DB6Oo1vt6RJ6EV2B2W0OWfYWxV_gH5pKqwSGe4TlubEihXejVS6q8OJE52R5egRrpXqdhIxvI5YCRECY2bM4caCoAiw\/s320\/Silvio-Berlusconi.jpg\" width=\"320\" height=\"170\" border=\"0\" data-original-height=\"330\" data-original-width=\"620\" src=\"data:image\/svg+xml;base64,PHN2ZyB3aWR0aD0iMSIgaGVpZ2h0PSIxIiB4bWxucz0iaHR0cDovL3d3dy53My5vcmcvMjAwMC9zdmciPjwvc3ZnPg==\" class=\"lazyload\" style=\"--smush-placeholder-width: 320px; --smush-placeholder-aspect-ratio: 320\/170;\" \/><\/a><\/div>\n<p style=\"text-align: justify;\">\nA principios de abril, tras ser hospitalizado por neumon\u00eda, se descubri\u00f3 que el empresario nacido en Mil\u00e1n, padec\u00eda leucemia mielomonoc\u00edtica cr\u00f3nica.<\/p>\n<p>En ese momento, Berlusconi pas\u00f3 m\u00e1s de un mes en el Hospital San Raffaele de Mil\u00e1n antes de ser readmitido el 9 de junio.<\/p>\n<p>Berlusconi siempre ha sido un opositor ac\u00e9rrimo del comunismo y un defensor del modelo capitalista liberal.<\/p>\n<p>Sin embargo, bajo su liderazgo, el Grupo de los Siete se expandi\u00f3 para convertirse en el G8 con la participaci\u00f3n de Rusia.<\/p>\n<p>Berlusconi desarroll\u00f3 una relaci\u00f3n personal con el presidente ruso Vladimir Putin a trav\u00e9s de a\u00f1os de reuniones de alto nivel.<\/p>\n<p>Silvio Berlusconi ten\u00eda cinco hijos y estaba casado en la actualidad con Marta Fascina, de 33 a\u00f1os. Era la figura m\u00e1s influyente del \u00faltimo cuarto de siglo en Italia.<\/p>\n<p>Berlusconi fue imputado en numerosas ocasiones por prostituci\u00f3n de menores y escuchas ilegales, se investigaron durante a\u00f1os sus v\u00ednculos con la mafia y el dudoso origen de su fortuna, precisamente relacionado con la Cosa Nostra. Se pavone\u00f3 sin rubor de sus amistades con dictadores, alent\u00f3 el transfuguismo, que convirti\u00f3 en un modus vivendi de los parlamentarios, cont\u00f3 chistes inaceptables a la luz de la actual correcci\u00f3n pol\u00edtica y retorci\u00f3 la Constituci\u00f3n y las leyes italianas como le convino en cada momento.<\/p>\n<p>Al final,empero, fue condenado solo por fraude fiscal, una pena que le cost\u00f3 la inhabilitaci\u00f3n pol\u00edtica y que marc\u00f3 el inicio de su decadencia.<\/p>\n<p>Pero hasta el \u00faltimo d\u00eda de su vida, incapaz de se\u00f1alar a un sucesor en un partido condenado a extinguirse con \u00e9l, influy\u00f3 en transformaciones pol\u00edticas como el reciente ascenso de Mario Draghi a la presidencia del consejo de ministros de Italia. E incluso su derrocamiento.<\/p>\n<p>FUENTE: Rel\u00e1mpago informativo<\/p>\n","protected":false},"excerpt":{"rendered":"<p>Roma, Italia. &#8211; El Tres veces primer ministro, due\u00f1o de Mediaset y expresidente del equipo<\/p>\n","protected":false},"author":4,"featured_media":0,"comment_status":"open","ping_status":"open","sticky":false,"template":"","format":"standard","meta":{"footnotes":""},"categories":[16],"tags":[],"class_list":["post-5341","post","type-post","status-publish","format-standard","hentry","category-internacionales"],"_links":{"self":[{"href":"https:\/\/defrentealaverdad.com\/index.php\/wp-json\/wp\/v2\/posts\/5341","targetHints":{"allow":["GET"]}}],"collection":[{"href":"https:\/\/defrentealaverdad.com\/index.php\/wp-json\/wp\/v2\/posts"}],"about":[{"href":"https:\/\/defrentealaverdad.com\/index.php\/wp-json\/wp\/v2\/types\/post"}],"author":[{"embeddable":true,"href":"https:\/\/defrentealaverdad.com\/index.php\/wp-json\/wp\/v2\/users\/4"}],"replies":[{"embeddable":true,"href":"https:\/\/defrentealaverdad.com\/index.php\/wp-json\/wp\/v2\/comments?post=5341"}],"version-history":[{"count":1,"href":"https:\/\/defrentealaverdad.com\/index.php\/wp-json\/wp\/v2\/posts\/5341\/revisions"}],"predecessor-version":[{"id":5342,"href":"https:\/\/defrentealaverdad.com\/index.php\/wp-json\/wp\/v2\/posts\/5341\/revisions\/5342"}],"wp:attachment":[{"href":"https:\/\/defrentealaverdad.com\/index.php\/wp-json\/wp\/v2\/media?parent=5341"}],"wp:term":[{"taxonomy":"category","embeddable":true,"href":"https:\/\/defrentealaverdad.com\/index.php\/wp-json\/wp\/v2\/categories?post=5341"},{"taxonomy":"post_tag","embeddable":true,"href":"https:\/\/defrentealaverdad.com\/index.php\/wp-json\/wp\/v2\/tags?post=5341"}],"curies":[{"name":"wp","href":"https:\/\/api.w.org\/{rel}","templated":true}]}}