{"id":5295,"date":"2023-06-07T03:24:01","date_gmt":"2023-06-07T03:24:01","guid":{"rendered":"https:\/\/defrentealaverdad.com\/?p=5295"},"modified":"2023-06-09T03:31:57","modified_gmt":"2023-06-09T03:31:57","slug":"la-empresaria-y-pastora-xiomari-veloz-presenta-pura-fe-de-milagro-en-milagro","status":"publish","type":"post","link":"https:\/\/defrentealaverdad.com\/index.php\/2023\/06\/07\/la-empresaria-y-pastora-xiomari-veloz-presenta-pura-fe-de-milagro-en-milagro\/","title":{"rendered":"La empresaria y pastora Xiomari Veloz presenta \u00abPura Fe: De milagro en milagro\u00bb"},"content":{"rendered":"<blockquote>\n<p style=\"text-align: justify;\"><em>Un programa radial que renueva la fe y acompa\u00f1ar\u00e1 a los oyentes cada ma\u00f1ana<\/em><\/p>\n<\/blockquote>\n<p style=\"text-align: justify;\">SANTO DOMINGO:-7 de junio de 2023: La reconocida empresaria y pastora Xiomari Veloz anunci\u00f3 el lanzamiento de su nuevo programa radial llamado <strong>\u00abPura Fe: De Milagro en Milagro\u00bb<\/strong>.<\/p>\n<p style=\"text-align: justify;\">Este innovador proyecto tiene como objetivo principal acompa\u00f1ar a los oyentes en el comienzo de su d\u00eda, alent\u00e1ndolos a renovar su fe en Dios y vivir experiencias milagrosas.<\/p>\n<p><img decoding=\"async\" class=\"size-medium wp-image-5296 aligncenter lazyload\" data-src=\"https:\/\/defrentealaverdad.com\/wp-content\/uploads\/2023\/06\/Untitled-300x213.jpg\" alt=\"\" width=\"300\" height=\"213\" data-srcset=\"https:\/\/defrentealaverdad.com\/wp-content\/uploads\/2023\/06\/Untitled-300x213.jpg 300w, https:\/\/defrentealaverdad.com\/wp-content\/uploads\/2023\/06\/Untitled.jpg 496w\" data-sizes=\"(max-width: 300px) 100vw, 300px\" src=\"data:image\/svg+xml;base64,PHN2ZyB3aWR0aD0iMSIgaGVpZ2h0PSIxIiB4bWxucz0iaHR0cDovL3d3dy53My5vcmcvMjAwMC9zdmciPjwvc3ZnPg==\" style=\"--smush-placeholder-width: 300px; --smush-placeholder-aspect-ratio: 300\/213;\" \/><\/p>\n<p style=\"text-align: justify;\">El programa, que se estrenar\u00e1 el pr\u00f3ximo lunes 12 de junio, busca convertirse en un medio inspirador y motivador para aquellos que desean encontrar esperanza y fortaleza espiritual en su vida diaria. Con la experiencia y sabidur\u00eda de <strong>Xiomari Veloz<\/strong> como gu\u00eda, \u00abPura Fe\u00bb pretende transmitir un mensaje de esperanza, amor y crecimiento personal.<\/p>\n<p style=\"text-align: justify;\">Conocida por su labor como empresaria y su destacada trayectoria en el \u00e1mbito religioso, Veloz ha decidido embarcarse en este nuevo proyecto con el firme prop\u00f3sito de servir como un canal para renovar la fe de las personas y ayudarles a experimentar milagros en cada aspecto de sus vidas.<\/p>\n<p style=\"text-align: justify;\">El programa <strong>\u00abPura Fe: De Milagro en Milagro\u00bb<\/strong> se transmitir\u00e1 en vivo todos los d\u00edas de lunes a viernes, desde las 6:00 a.m. hasta las 7:00 a.m., a trav\u00e9s de la emisora radial <strong>\u201cPURA VIDA 92.9 FM\u00bb<\/strong>. Durante cada emisi\u00f3n, la pastora compartir\u00e1 reflexiones, testimonios y ense\u00f1anzas basadas en su profundo conocimiento de la fe cristiana, con el objetivo de brindar una perspectiva positiva y edificante a los oyentes.<\/p>\n<blockquote>\n<p style=\"text-align: justify;\"><em>\u00abEstoy emocionada de presentar este programa que, estoy segura, tocar\u00e1 el coraz\u00f3n de muchos oyentes\u00bb,<\/em> expres\u00f3 Veloz. <em>\u00abMi deseo es que &#8216;Pura Fe&#8217; se convierta en una herramienta para que las personas encuentren paz, esperanza y la fuerza necesaria para enfrentar los desaf\u00edos diarios\u00bb<\/em><\/p>\n<p style=\"text-align: justify;\">\n<\/blockquote>\n<p style=\"text-align: justify;\">Asi se expres\u00f3 Veloz durante el lanzamiento en las instalaciones de <strong>Pura Vida 92.9 FM<\/strong>, tambi\u00e9n llamada <strong>Pura Vida Network.<\/strong>\u00a0 Asimismo, Karol Germ\u00e1n, Gerente General de la emisora, expres\u00f3 unas emotivas palabras de bienvenida al equipo de Pura Fe, en representaci\u00f3n de los Ejecutivos Presidenciales Jossie Esteban y Mildred Villanueva.\u00a0 La conferencia de prensa fue \u00a0conducida por Johanni Reyes, Presidenta de la Confederaci\u00f3n Iberoamericana de Comunicadoras Hispanas.<\/p>\n<p style=\"text-align: justify;\">La audiencia podr\u00e1 participar en el programa enviando sus preguntas, solicitando oraci\u00f3n y enviando sus testimonios a trav\u00e9s de las redes sociales de la pastora, las cuales ser\u00e1n seleccionadas y respondidas en futuros episodios.<\/p>\n<p style=\"text-align: justify;\">Adem\u00e1s, los episodios se podr\u00e1n escuchar en formato de podcast a trav\u00e9s del sitio web oficial de la pastora. Para m\u00e1s informaci\u00f3n sobre el programa <strong>\u00abPura Fe: De Milagro en Milagro\u00bb<\/strong> y para estar al tanto de las \u00faltimas novedades de Xiomari Veloz, invita a los interesados a visitar las redes sociales oficiales: facebook @icadoradoresdelreino, Instagram @icadoradoresdelreino y en su canal \u00a0YouTube @pastoraxiomarivelozoficial<\/p>\n<p style=\"text-align: justify;\"><strong><u>Sobre Xiomari Veloz<\/u><\/strong><\/p>\n<p style=\"text-align: justify;\">Es mercad\u00f3loga, empresaria, productora de radio, televisi\u00f3n y Pastora de la Iglesia Adoradores del Reino. Dirige la Fundaci\u00f3n Adoradores del Reino, donde apoyan familias y ni\u00f1os con necesidades especiales.<\/p>\n<p>&nbsp;<\/p>\n<p>Fuente: Prensa Pura Vida FM<\/p>\n","protected":false},"excerpt":{"rendered":"<p>Un programa radial que renueva la fe y acompa\u00f1ar\u00e1 a los oyentes cada ma\u00f1ana SANTO<\/p>\n","protected":false},"author":4,"featured_media":0,"comment_status":"open","ping_status":"open","sticky":false,"template":"","format":"standard","meta":{"footnotes":""},"categories":[6,7],"tags":[],"class_list":["post-5295","post","type-post","status-publish","format-standard","hentry","category-espectaculos","category-nacionales"],"_links":{"self":[{"href":"https:\/\/defrentealaverdad.com\/index.php\/wp-json\/wp\/v2\/posts\/5295","targetHints":{"allow":["GET"]}}],"collection":[{"href":"https:\/\/defrentealaverdad.com\/index.php\/wp-json\/wp\/v2\/posts"}],"about":[{"href":"https:\/\/defrentealaverdad.com\/index.php\/wp-json\/wp\/v2\/types\/post"}],"author":[{"embeddable":true,"href":"https:\/\/defrentealaverdad.com\/index.php\/wp-json\/wp\/v2\/users\/4"}],"replies":[{"embeddable":true,"href":"https:\/\/defrentealaverdad.com\/index.php\/wp-json\/wp\/v2\/comments?post=5295"}],"version-history":[{"count":2,"href":"https:\/\/defrentealaverdad.com\/index.php\/wp-json\/wp\/v2\/posts\/5295\/revisions"}],"predecessor-version":[{"id":5298,"href":"https:\/\/defrentealaverdad.com\/index.php\/wp-json\/wp\/v2\/posts\/5295\/revisions\/5298"}],"wp:attachment":[{"href":"https:\/\/defrentealaverdad.com\/index.php\/wp-json\/wp\/v2\/media?parent=5295"}],"wp:term":[{"taxonomy":"category","embeddable":true,"href":"https:\/\/defrentealaverdad.com\/index.php\/wp-json\/wp\/v2\/categories?post=5295"},{"taxonomy":"post_tag","embeddable":true,"href":"https:\/\/defrentealaverdad.com\/index.php\/wp-json\/wp\/v2\/tags?post=5295"}],"curies":[{"name":"wp","href":"https:\/\/api.w.org\/{rel}","templated":true}]}}