{"id":5290,"date":"2023-06-09T01:18:26","date_gmt":"2023-06-09T01:18:26","guid":{"rendered":"https:\/\/defrentealaverdad.com\/?p=5290"},"modified":"2023-06-09T01:18:26","modified_gmt":"2023-06-09T01:18:26","slug":"digev-junto-a-otras-instituciones-avanzan-en-formulacion-de-proyecto-para-optimizar-formacion-y-educacion","status":"publish","type":"post","link":"https:\/\/defrentealaverdad.com\/index.php\/2023\/06\/09\/digev-junto-a-otras-instituciones-avanzan-en-formulacion-de-proyecto-para-optimizar-formacion-y-educacion\/","title":{"rendered":"\u00a0DIGEV junto a otras instituciones avanzan en formulaci\u00f3n de proyecto para optimizar formaci\u00f3n y educaci\u00f3n"},"content":{"rendered":"<p>Por Felix Rubio<\/p>\n<p>&nbsp;<\/p>\n<div class=\"separator\"><a href=\"https:\/\/blogger.googleusercontent.com\/img\/b\/R29vZ2xl\/AVvXsEh4kuNWe8Mt08tHWpEPUCD-raomn5eaItdtXiqi4Y7a6EZdqRHFrkMwAs22MIDbPCPEDW4YYWJwYxFkOq3QNmeOfDrpVeO9MVwlATmhdMsnY_KAhrJgtEYhK5r1q6wA7Bpxmtf6VjqRDcyhWBstMMVncOycA8Wnk1yFeUIywqp7yaRv9_YkHylLzv73sQ\/s1024\/IMG-20230608-WA0018.jpg\"><img decoding=\"async\" data-src=\"https:\/\/blogger.googleusercontent.com\/img\/b\/R29vZ2xl\/AVvXsEh4kuNWe8Mt08tHWpEPUCD-raomn5eaItdtXiqi4Y7a6EZdqRHFrkMwAs22MIDbPCPEDW4YYWJwYxFkOq3QNmeOfDrpVeO9MVwlATmhdMsnY_KAhrJgtEYhK5r1q6wA7Bpxmtf6VjqRDcyhWBstMMVncOycA8Wnk1yFeUIywqp7yaRv9_YkHylLzv73sQ\/s320\/IMG-20230608-WA0018.jpg\" width=\"320\" height=\"213\" border=\"0\" data-original-height=\"683\" data-original-width=\"1024\" src=\"data:image\/svg+xml;base64,PHN2ZyB3aWR0aD0iMSIgaGVpZ2h0PSIxIiB4bWxucz0iaHR0cDovL3d3dy53My5vcmcvMjAwMC9zdmciPjwvc3ZnPg==\" class=\"lazyload\" style=\"--smush-placeholder-width: 320px; --smush-placeholder-aspect-ratio: 320\/213;\" \/><\/a><\/div>\n<p>Santo Domingo.- La Direcci\u00f3n General de las Escuelas Vocacionales de las Fuerzas Armadas y de la Polic\u00eda Nacional(DIGEV) recibi\u00f3 este fin de semana informaci\u00f3n actualizada sobre los avances de la formulaci\u00f3n del Proyecto del Marco Nacional de Cualificaciones el cual tiene como finalidad la articulaci\u00f3n entre la educaci\u00f3n y la formaci\u00f3n t\u00e9cnico vocacional<\/p>\n<div class=\"separator\"><a href=\"https:\/\/blogger.googleusercontent.com\/img\/b\/R29vZ2xl\/AVvXsEhQqCCQI5VHp5Bb_v5S_kZQ4vzB7t8KkMDX6h5G6lPWS4IljB0AgGCzGFRMGINaP9ibHnfsTLX3ASVTxghIgnVIR95u_5FPF-9ID0oRSEvbssMT0KzQGXVl0ZEf3fPxqydIGpYrwmxps9VxAXSML0ekH4EboFCNwZAFFNFoNExKo2-eHf_RMO5hOcI73g\/s1024\/IMG-20230608-WA0023.jpg\"><img decoding=\"async\" data-src=\"https:\/\/blogger.googleusercontent.com\/img\/b\/R29vZ2xl\/AVvXsEhQqCCQI5VHp5Bb_v5S_kZQ4vzB7t8KkMDX6h5G6lPWS4IljB0AgGCzGFRMGINaP9ibHnfsTLX3ASVTxghIgnVIR95u_5FPF-9ID0oRSEvbssMT0KzQGXVl0ZEf3fPxqydIGpYrwmxps9VxAXSML0ekH4EboFCNwZAFFNFoNExKo2-eHf_RMO5hOcI73g\/s320\/IMG-20230608-WA0023.jpg\" width=\"320\" height=\"213\" border=\"0\" data-original-height=\"683\" data-original-width=\"1024\" src=\"data:image\/svg+xml;base64,PHN2ZyB3aWR0aD0iMSIgaGVpZ2h0PSIxIiB4bWxucz0iaHR0cDovL3d3dy53My5vcmcvMjAwMC9zdmciPjwvc3ZnPg==\" class=\"lazyload\" style=\"--smush-placeholder-width: 320px; --smush-placeholder-aspect-ratio: 320\/213;\" \/><\/a><\/div>\n<p>.<\/p>\n<p>Los avances del referido proyecto les fueron presentado al director general de las Escuelas Vocacionales de las Fuerzas Armadas y de la Polic\u00eda Nacional, Mayor General RD., Juan Jos\u00e9 Ota\u00f1o Jim\u00e9nez; la Plana Mayor, y los 32 inspectores que gestionan las escuelas vocacionales en todo el territorio nacional.<\/p>\n<div class=\"separator\"><a href=\"https:\/\/blogger.googleusercontent.com\/img\/b\/R29vZ2xl\/AVvXsEg7Ls1Kym3ONN2A9lahTLBYXv-ahok8GJasZQhMP9Q6stwj20BX_FNauQkYlAA2K94i6LCZo7GYsoLdnA1DiwORyqwLgOqhp_UDIFYX7HYgEM-5YPprW5JHfI23GE3Hc-PTl7f7tZzs-1FcXK3MBZjHsT9bQstBumbMqXDwuG1p9wMc42e0jKJsgZp4XQ\/s1024\/IMG-20230608-WA0020.jpg\"><img decoding=\"async\" data-src=\"https:\/\/blogger.googleusercontent.com\/img\/b\/R29vZ2xl\/AVvXsEg7Ls1Kym3ONN2A9lahTLBYXv-ahok8GJasZQhMP9Q6stwj20BX_FNauQkYlAA2K94i6LCZo7GYsoLdnA1DiwORyqwLgOqhp_UDIFYX7HYgEM-5YPprW5JHfI23GE3Hc-PTl7f7tZzs-1FcXK3MBZjHsT9bQstBumbMqXDwuG1p9wMc42e0jKJsgZp4XQ\/s320\/IMG-20230608-WA0020.jpg\" width=\"320\" height=\"213\" border=\"0\" data-original-height=\"683\" data-original-width=\"1024\" src=\"data:image\/svg+xml;base64,PHN2ZyB3aWR0aD0iMSIgaGVpZ2h0PSIxIiB4bWxucz0iaHR0cDovL3d3dy53My5vcmcvMjAwMC9zdmciPjwvc3ZnPg==\" class=\"lazyload\" style=\"--smush-placeholder-width: 320px; --smush-placeholder-aspect-ratio: 320\/213;\" \/><\/a><\/div>\n<p>La presentaci\u00f3n de las informaciones sobre los avances de la formulaci\u00f3n del citado proyecto estuvo a cargo de la directora de Valida daci\u00f3n y Certificaci\u00f3n del Instituto Nacional de Formaci\u00f3n T\u00e9cnico Profesional (INFOTEP), Ramona Mej\u00eda, quien destac\u00f3 que el mismo est\u00e1 coordinado por el Ministerio de la Presidencia.<\/p>\n<div class=\"separator\"><a href=\"https:\/\/blogger.googleusercontent.com\/img\/b\/R29vZ2xl\/AVvXsEj0ZzGFFg3VeiUqOH-EAVMAxVFeo3hCnjQECXYGIJoSAqSPPMV2RQVvCODB0wIlq-rute7xQnAH_z9NE8fs8MW_XQez9SzwY9hYPa9R008oR8Rt39IdQeYFJUnO2F9ITRtzp2baSmR5HaEYzMLaFIxgkwDYpdD5Sivptn5qsCX1cGI5QXtFNMyHJY3ljg\/s1024\/IMG-20230608-WA0019.jpg\"><img decoding=\"async\" data-src=\"https:\/\/blogger.googleusercontent.com\/img\/b\/R29vZ2xl\/AVvXsEj0ZzGFFg3VeiUqOH-EAVMAxVFeo3hCnjQECXYGIJoSAqSPPMV2RQVvCODB0wIlq-rute7xQnAH_z9NE8fs8MW_XQez9SzwY9hYPa9R008oR8Rt39IdQeYFJUnO2F9ITRtzp2baSmR5HaEYzMLaFIxgkwDYpdD5Sivptn5qsCX1cGI5QXtFNMyHJY3ljg\/s320\/IMG-20230608-WA0019.jpg\" width=\"320\" height=\"213\" border=\"0\" data-original-height=\"683\" data-original-width=\"1024\" src=\"data:image\/svg+xml;base64,PHN2ZyB3aWR0aD0iMSIgaGVpZ2h0PSIxIiB4bWxucz0iaHR0cDovL3d3dy53My5vcmcvMjAwMC9zdmciPjwvc3ZnPg==\" class=\"lazyload\" style=\"--smush-placeholder-width: 320px; --smush-placeholder-aspect-ratio: 320\/213;\" \/><\/a><\/div>\n<p>Resalt\u00f3 que en la formulaci\u00f3n del proyecto est\u00e1n involucradas, adem\u00e1s de las Escuelas Vocacionales, un grupo de instituciones vinculadas al tema de la educaci\u00f3n del sector p\u00fablico, privado, la sociedad civil y el sector laboral, quienes tienen como misi\u00f3n fundamental optimizar la educaci\u00f3n y la formaci\u00f3n en la Rep\u00fablica Dominicana.<\/p>\n<p>Mediante comunicado de prensa, la entidad formativa indic\u00f3 que entre las instituciones que est\u00e1n trabajando en la importante iniciativa figuran los ministerios de Educaci\u00f3n, Educaci\u00f3n Ciencia y Tecnolog\u00eda, Infotep y una representaci\u00f3n del sector laboral y empresarial del pa\u00eds.<\/p>\n<div class=\"separator\"><a href=\"https:\/\/blogger.googleusercontent.com\/img\/b\/R29vZ2xl\/AVvXsEgK0HaAsF2QKHnakiLY0rpp1Sd_pIio8wkJh2uqHfTsZlGsiM_vuM6eR0xkp9lbQ9w51LIAON8OAo3XKwGTl6UMsIwRs9HWD4stBRXhhMbELEgBHZzTgJ_wmd091uEcB-yZykGjqxZHBuBQrLT0No_Hw9Gyh5Eb3DRoka9q2OCHnlXsNqVYojPmXRuzlg\/s1024\/IMG-20230608-WA0022.jpg\"><img decoding=\"async\" data-src=\"https:\/\/blogger.googleusercontent.com\/img\/b\/R29vZ2xl\/AVvXsEgK0HaAsF2QKHnakiLY0rpp1Sd_pIio8wkJh2uqHfTsZlGsiM_vuM6eR0xkp9lbQ9w51LIAON8OAo3XKwGTl6UMsIwRs9HWD4stBRXhhMbELEgBHZzTgJ_wmd091uEcB-yZykGjqxZHBuBQrLT0No_Hw9Gyh5Eb3DRoka9q2OCHnlXsNqVYojPmXRuzlg\/s320\/IMG-20230608-WA0022.jpg\" width=\"320\" height=\"213\" border=\"0\" data-original-height=\"683\" data-original-width=\"1024\" src=\"data:image\/svg+xml;base64,PHN2ZyB3aWR0aD0iMSIgaGVpZ2h0PSIxIiB4bWxucz0iaHR0cDovL3d3dy53My5vcmcvMjAwMC9zdmciPjwvc3ZnPg==\" class=\"lazyload\" style=\"--smush-placeholder-width: 320px; --smush-placeholder-aspect-ratio: 320\/213;\" \/><\/a><\/div>\n<p>El Mayor General ERD., Ota\u00f1o Jim\u00e9nez, al valorar la actividad, dijo sentirse muy optimista y contento con el proyecto y el trabajo logrado hasta el momento, dada la importancia que tiene para seguir avanzando en el desarrollo de la formaci\u00f3n y la educaci\u00f3n integral en todo el pa\u00eds.<\/p>\n<div class=\"separator\"><a href=\"https:\/\/blogger.googleusercontent.com\/img\/b\/R29vZ2xl\/AVvXsEgLs2c6m-a34Z_cUocp5S2bn5qHJKT6lSkFElMo1z6NGj_c0wml06ZpJyeVekwrmNQwQfxfsUz1CxWsaY75WBEh8xNyETGm-_SmSiZfe9dZTxwxHz2FUpQh_IbTrq2YysqaigQgT_ORjiO9Nw6FEYfuW9ORYD5PefjhwAHyZv1Jy6DAO1t0ED-IX0SgnQ\/s1024\/IMG-20230608-WA0021.jpg\"><img decoding=\"async\" data-src=\"https:\/\/blogger.googleusercontent.com\/img\/b\/R29vZ2xl\/AVvXsEgLs2c6m-a34Z_cUocp5S2bn5qHJKT6lSkFElMo1z6NGj_c0wml06ZpJyeVekwrmNQwQfxfsUz1CxWsaY75WBEh8xNyETGm-_SmSiZfe9dZTxwxHz2FUpQh_IbTrq2YysqaigQgT_ORjiO9Nw6FEYfuW9ORYD5PefjhwAHyZv1Jy6DAO1t0ED-IX0SgnQ\/s320\/IMG-20230608-WA0021.jpg\" width=\"320\" height=\"213\" border=\"0\" data-original-height=\"683\" data-original-width=\"1024\" src=\"data:image\/svg+xml;base64,PHN2ZyB3aWR0aD0iMSIgaGVpZ2h0PSIxIiB4bWxucz0iaHR0cDovL3d3dy53My5vcmcvMjAwMC9zdmciPjwvc3ZnPg==\" class=\"lazyload\" style=\"--smush-placeholder-width: 320px; --smush-placeholder-aspect-ratio: 320\/213;\" \/><\/a><\/div>\n<p>La presentaci\u00f3n sobre los avances del proyecto de ley que ya ha sido remitido por el Poder Ejecutivo al Congreso Nacional se llev\u00f3 a cabo en la Sede Central de la DIGEV, ubicada en el municipio Santo Domingo Este.<br \/>\nPrensa y Relaciones P\u00fablicas DIGEV<\/p>\n","protected":false},"excerpt":{"rendered":"<p>Por Felix Rubio &nbsp; Santo Domingo.- La Direcci\u00f3n General de las Escuelas Vocacionales de las<\/p>\n","protected":false},"author":1,"featured_media":0,"comment_status":"open","ping_status":"open","sticky":false,"template":"","format":"standard","meta":{"footnotes":""},"categories":[7],"tags":[],"class_list":["post-5290","post","type-post","status-publish","format-standard","hentry","category-nacionales"],"_links":{"self":[{"href":"https:\/\/defrentealaverdad.com\/index.php\/wp-json\/wp\/v2\/posts\/5290","targetHints":{"allow":["GET"]}}],"collection":[{"href":"https:\/\/defrentealaverdad.com\/index.php\/wp-json\/wp\/v2\/posts"}],"about":[{"href":"https:\/\/defrentealaverdad.com\/index.php\/wp-json\/wp\/v2\/types\/post"}],"author":[{"embeddable":true,"href":"https:\/\/defrentealaverdad.com\/index.php\/wp-json\/wp\/v2\/users\/1"}],"replies":[{"embeddable":true,"href":"https:\/\/defrentealaverdad.com\/index.php\/wp-json\/wp\/v2\/comments?post=5290"}],"version-history":[{"count":1,"href":"https:\/\/defrentealaverdad.com\/index.php\/wp-json\/wp\/v2\/posts\/5290\/revisions"}],"predecessor-version":[{"id":5291,"href":"https:\/\/defrentealaverdad.com\/index.php\/wp-json\/wp\/v2\/posts\/5290\/revisions\/5291"}],"wp:attachment":[{"href":"https:\/\/defrentealaverdad.com\/index.php\/wp-json\/wp\/v2\/media?parent=5290"}],"wp:term":[{"taxonomy":"category","embeddable":true,"href":"https:\/\/defrentealaverdad.com\/index.php\/wp-json\/wp\/v2\/categories?post=5290"},{"taxonomy":"post_tag","embeddable":true,"href":"https:\/\/defrentealaverdad.com\/index.php\/wp-json\/wp\/v2\/tags?post=5290"}],"curies":[{"name":"wp","href":"https:\/\/api.w.org\/{rel}","templated":true}]}}