{"id":5276,"date":"2023-06-06T19:24:51","date_gmt":"2023-06-06T19:24:51","guid":{"rendered":"https:\/\/defrentealaverdad.com\/?p=5276"},"modified":"2024-11-19T19:36:24","modified_gmt":"2024-11-19T19:36:24","slug":"pescadores-de-azua-exigen-exhaustiva-investigacion-sobre-muertes-de-peces","status":"publish","type":"post","link":"https:\/\/defrentealaverdad.com\/index.php\/2023\/06\/06\/pescadores-de-azua-exigen-exhaustiva-investigacion-sobre-muertes-de-peces\/","title":{"rendered":"Pescadores de Azua exigen exhaustiva investigaci\u00f3n sobre muertes de peces"},"content":{"rendered":"<p><strong>Los Negros, Azua.-<\/strong><strong>\u00a0<\/strong>Pescadores y comunitarios de la comunidad Los Negros de la provincia de\u00a0<strong>Azua<\/strong><strong>\u00a0<\/strong>demandaron este lunes del Ministerio de\u00a0<strong>Medio Ambiente\u00a0<\/strong>ordenar una exhaustiva investigaci\u00f3n en torno a la<strong>\u00a0<\/strong><strong>muerte de peces, cangrejos y otras especies marinas,<\/strong><strong>\u00a0<\/strong>pr\u00f3ximo a dos barcazas que fueron instaladas en el lugar.\u00a0Se trata de las generadoras de electricidad de la empresa turca\u00a0<strong>Karadeniz Powership.<\/strong><\/p>\n<p>Alberto Matos Montilla, presidente de la Asociaci\u00f3n de Vendedores de Pescados, dijo que resulta sospechoso que aparezcan peces y cangrejos muertos a orilla de la playa, cosa que nunca hab\u00eda visto en los 51 a\u00f1os que tiene viviendo en el lugar.<\/p>\n<p>Manifest\u00f3 que ya la Academia de Ciencias est\u00e1 investigando el caso para determinar la causa de las muertes de las especies marinas.<\/p>\n<p>\u00abHemos llamado a las autoridades y se han hecho los ciegos y sordos y no quieren que eso salga a la luz, porque hemos llamado a\u00a0<strong>Medio Ambiente<\/strong>, al Gobierno, a todo el mundo, los \u00fanicos que est\u00e1n con nosotros, que los llamamos y ya vinieron, es la Academia de Ciencias\u00bb, indic\u00f3.<\/p>\n<p>Manifest\u00f3 que alguien recogi\u00f3 los pescados muertos que fueron arrojados a las orillas, pero que este lunes se encontraron con la sorpresa de decenas de cangrejos muerto en las salidas de las cuevas.<\/p>\n<p>Sostuvo que varios residentes han rechazado las planta por \u00absus efectos nocivos\u00bb y la respuesta ha sido la represi\u00f3n, que incluso le dieron un disparo en una pierna y a un compa\u00f1ero otro de perdigones por parte de la Polic\u00eda Nacional.<\/p>\n<p>Entiende que las autoridades de salud deben investigar la causa de por qu\u00e9 cuatro personas han sido sacadas en ambulancias del 9-1-1 desde que las plantas fueron instaladas hace poco m\u00e1s de un mes.<\/p>\n<p>Por su lado, Juan Adalberto Beltr\u00e9, dirigente comunitario, dijo que desde hace tiempo han llevado una lucha en contra de las barcazas porque saben del da\u00f1o a la salud y al\u00a0<strong>medio ambiente<\/strong>\u00a0que causan y que, incluso, la justicia ha fallado en su contra.<\/p>\n<p>\u00abEntend\u00edamos que nos iba a hacer da\u00f1o, pero no sab\u00edamos que tan pronto, nosotros nos cansamos de pedirle a las autoridades que abri\u00e9ramos un espacio de discusi\u00f3n, porque ese proyecto fue impuesto a la fuerza, a soborno, a terror y muestra de ello es que ni vistas p\u00fablicas se hicieron\u00bb, acot\u00f3.<\/p>\n<p>El dirigente comunitario advirti\u00f3 que no se quedar\u00e1n de brazos cruzados y dijo que luchar\u00e1n hasta las \u00faltimas consecuencias y sin temor.<\/p>\n<p style=\"font-weight: 400;\">Fuente: Noti Global RD<\/p>\n","protected":false},"excerpt":{"rendered":"<p>Los Negros, Azua.-\u00a0Pescadores y comunitarios de la comunidad Los Negros de la provincia de\u00a0Azua\u00a0demandaron este<\/p>\n","protected":false},"author":1,"featured_media":0,"comment_status":"open","ping_status":"open","sticky":false,"template":"","format":"standard","meta":{"footnotes":""},"categories":[7],"tags":[],"class_list":["post-5276","post","type-post","status-publish","format-standard","hentry","category-nacionales"],"_links":{"self":[{"href":"https:\/\/defrentealaverdad.com\/index.php\/wp-json\/wp\/v2\/posts\/5276","targetHints":{"allow":["GET"]}}],"collection":[{"href":"https:\/\/defrentealaverdad.com\/index.php\/wp-json\/wp\/v2\/posts"}],"about":[{"href":"https:\/\/defrentealaverdad.com\/index.php\/wp-json\/wp\/v2\/types\/post"}],"author":[{"embeddable":true,"href":"https:\/\/defrentealaverdad.com\/index.php\/wp-json\/wp\/v2\/users\/1"}],"replies":[{"embeddable":true,"href":"https:\/\/defrentealaverdad.com\/index.php\/wp-json\/wp\/v2\/comments?post=5276"}],"version-history":[{"count":1,"href":"https:\/\/defrentealaverdad.com\/index.php\/wp-json\/wp\/v2\/posts\/5276\/revisions"}],"predecessor-version":[{"id":5277,"href":"https:\/\/defrentealaverdad.com\/index.php\/wp-json\/wp\/v2\/posts\/5276\/revisions\/5277"}],"wp:attachment":[{"href":"https:\/\/defrentealaverdad.com\/index.php\/wp-json\/wp\/v2\/media?parent=5276"}],"wp:term":[{"taxonomy":"category","embeddable":true,"href":"https:\/\/defrentealaverdad.com\/index.php\/wp-json\/wp\/v2\/categories?post=5276"},{"taxonomy":"post_tag","embeddable":true,"href":"https:\/\/defrentealaverdad.com\/index.php\/wp-json\/wp\/v2\/tags?post=5276"}],"curies":[{"name":"wp","href":"https:\/\/api.w.org\/{rel}","templated":true}]}}