{"id":5238,"date":"2023-06-01T20:16:14","date_gmt":"2023-06-01T20:16:14","guid":{"rendered":"https:\/\/defrentealaverdad.com\/?p=5238"},"modified":"2023-06-02T20:21:10","modified_gmt":"2023-06-02T20:21:10","slug":"cesep-participa-en-ejercicios-centam-guardian-2023","status":"publish","type":"post","link":"https:\/\/defrentealaverdad.com\/index.php\/2023\/06\/01\/cesep-participa-en-ejercicios-centam-guardian-2023\/","title":{"rendered":"CESEP participa en ejercicios \u201cCENTAM Guardian 2023\u201d."},"content":{"rendered":"<p>Por Felix Rubio<\/p>\n<div class=\"separator\" style=\"text-align: justify;\"><a href=\"https:\/\/blogger.googleusercontent.com\/img\/b\/R29vZ2xl\/AVvXsEiHe4EVXa_BV7XQK4Dt24dSXw_Oz_dhlDNhUYRJIwUKJ0tojauE2l4svCNxanVfkbUxjo90d_Bm872lEuc4ki78cIjLoUuwl34-QwOgoM2yRt5IcnjzQ5uqGfko_iFeA1EpeQPBzZbbEvJad_m6S_Rs0Pn4O75tcC7SsoRdRQLQo-_U2U8hPsZ-vC3wLA\/s682\/IMG-20230601-WA0032.jpg\"><img decoding=\"async\" data-src=\"https:\/\/blogger.googleusercontent.com\/img\/b\/R29vZ2xl\/AVvXsEiHe4EVXa_BV7XQK4Dt24dSXw_Oz_dhlDNhUYRJIwUKJ0tojauE2l4svCNxanVfkbUxjo90d_Bm872lEuc4ki78cIjLoUuwl34-QwOgoM2yRt5IcnjzQ5uqGfko_iFeA1EpeQPBzZbbEvJad_m6S_Rs0Pn4O75tcC7SsoRdRQLQo-_U2U8hPsZ-vC3wLA\/s320\/IMG-20230601-WA0032.jpg\" width=\"320\" height=\"320\" border=\"0\" data-original-height=\"682\" data-original-width=\"682\" src=\"data:image\/svg+xml;base64,PHN2ZyB3aWR0aD0iMSIgaGVpZ2h0PSIxIiB4bWxucz0iaHR0cDovL3d3dy53My5vcmcvMjAwMC9zdmciPjwvc3ZnPg==\" class=\"lazyload\" style=\"--smush-placeholder-width: 320px; --smush-placeholder-aspect-ratio: 320\/320;\" \/><\/a><\/div>\n<p style=\"text-align: justify;\">El Cuerpo Especializado de Seguridad Portuaria (CESEP) particip\u00f3 ayer mi\u00e9rcoles 31 de mayo, en el \u201cEjercicio de Escala Multinacional Conjunto de Asistencia Humanitaria y Alivio a Desastre CENTAM GUARDIAN 2023\u201d, realizado en la margen Occidental del puerto R\u00edo Haina, bajo la organizaci\u00f3n del Comando Sur de Estados Unidos, junto al Ministerio de Defensa (MIDE) y el Centro de Operaciones de Emergencia (COE).<\/p>\n<div class=\"separator\" style=\"text-align: justify;\"><a href=\"https:\/\/blogger.googleusercontent.com\/img\/b\/R29vZ2xl\/AVvXsEh5uG93RBo3v-nH7_CYP9eW0nNlsAHy_JqYnrajFjpH68Q1h6ve_lMGczyzTSieXa2uTX1s6az_X-EtW9_407mflzpbD0rlQiIn4c-TL30kdcLRIS9ZQAOPPMpGW67LDlLk0qEGxLvoGEatD4Xvi9yVNI6FnJWGhhgGTzarGlXuro327tnjJNxkCLsrcg\/s682\/IMG-20230601-WA0035.jpg\"><img decoding=\"async\" class=\"aligncenter lazyload\" data-src=\"https:\/\/blogger.googleusercontent.com\/img\/b\/R29vZ2xl\/AVvXsEh5uG93RBo3v-nH7_CYP9eW0nNlsAHy_JqYnrajFjpH68Q1h6ve_lMGczyzTSieXa2uTX1s6az_X-EtW9_407mflzpbD0rlQiIn4c-TL30kdcLRIS9ZQAOPPMpGW67LDlLk0qEGxLvoGEatD4Xvi9yVNI6FnJWGhhgGTzarGlXuro327tnjJNxkCLsrcg\/s320\/IMG-20230601-WA0035.jpg\" width=\"320\" height=\"320\" border=\"0\" data-original-height=\"682\" data-original-width=\"682\" src=\"data:image\/svg+xml;base64,PHN2ZyB3aWR0aD0iMSIgaGVpZ2h0PSIxIiB4bWxucz0iaHR0cDovL3d3dy53My5vcmcvMjAwMC9zdmciPjwvc3ZnPg==\" style=\"--smush-placeholder-width: 320px; --smush-placeholder-aspect-ratio: 320\/320;\" \/><\/a><\/div>\n<p style=\"text-align: justify;\">Estos ejercicios buscan preparar la Rep\u00fablica Dominicana para dar respuesta oportuna a emergencias y\/o desastres naturales, poniendo a prueba los procedimientos de trabajo de las instituciones civiles y militares, a trav\u00e9s de un ejercicio nacional de simulaci\u00f3n y simulacro donde se practican situaciones posibles que puedan afectar al pa\u00eds, como son terremotos, huracanes, evacuaciones, b\u00fasqueda y rescate, y derrame de sustancias peligrosas, entre otros.<\/p>\n<div class=\"separator\" style=\"text-align: justify;\"><a href=\"https:\/\/blogger.googleusercontent.com\/img\/b\/R29vZ2xl\/AVvXsEiAGNjMWmWDxMSljRgOZ3reghnhEH3kBwdVIfpVxGPcttINlNG2zD5aE5stpbIMRZZ1KLiG2AFvvRR5WIWLr0C4h3U-3pAIXyO23OK44ESHl-ssAHfDwFuJcwMgIRAMWNJFbSuY425NM7SZgq-yODG6lIbPlm8GfXB1RKBE7jWkbMspqg1fS1Thhz6e_w\/s682\/IMG-20230601-WA0034.jpg\"><img decoding=\"async\" class=\"aligncenter lazyload\" data-src=\"https:\/\/blogger.googleusercontent.com\/img\/b\/R29vZ2xl\/AVvXsEiAGNjMWmWDxMSljRgOZ3reghnhEH3kBwdVIfpVxGPcttINlNG2zD5aE5stpbIMRZZ1KLiG2AFvvRR5WIWLr0C4h3U-3pAIXyO23OK44ESHl-ssAHfDwFuJcwMgIRAMWNJFbSuY425NM7SZgq-yODG6lIbPlm8GfXB1RKBE7jWkbMspqg1fS1Thhz6e_w\/s320\/IMG-20230601-WA0034.jpg\" width=\"320\" height=\"320\" border=\"0\" data-original-height=\"682\" data-original-width=\"682\" src=\"data:image\/svg+xml;base64,PHN2ZyB3aWR0aD0iMSIgaGVpZ2h0PSIxIiB4bWxucz0iaHR0cDovL3d3dy53My5vcmcvMjAwMC9zdmciPjwvc3ZnPg==\" style=\"--smush-placeholder-width: 320px; --smush-placeholder-aspect-ratio: 320\/320;\" \/><\/a><\/div>\n<p style=\"text-align: justify;\">El CESEP y la empresa Haina International Terminal (HIT), participaron de manera conjunta en la coordinaci\u00f3n del simulacro de emergencia por derramamiento de una sustancia peligrosa, en un almac\u00e9n destinado para el reguardo de estas sustancias, en el puerto de Haina Margen Occidental.<\/p>\n<div class=\"separator\" style=\"text-align: justify;\"><a href=\"https:\/\/blogger.googleusercontent.com\/img\/b\/R29vZ2xl\/AVvXsEgqHfycAkf2oFgGStfHyaA-XQpJJ64YrCTM5BbfVH7oi0PrhrL0eNHc8MpH_YkFNa8cuRdkFm77gmTxAxz3TT8onGFl_gkGX1oL8H92SWD59V8e7K05bfV5MsuxZuZTZRp3dI5CJDwsRMW4Vgm0g5Z4pRLxw9bx0a7TGVKL5KbwQBu-F_6sIUhQ04Qd-g\/s682\/IMG-20230601-WA0030.jpg\"><img decoding=\"async\" class=\"aligncenter lazyload\" data-src=\"https:\/\/blogger.googleusercontent.com\/img\/b\/R29vZ2xl\/AVvXsEgqHfycAkf2oFgGStfHyaA-XQpJJ64YrCTM5BbfVH7oi0PrhrL0eNHc8MpH_YkFNa8cuRdkFm77gmTxAxz3TT8onGFl_gkGX1oL8H92SWD59V8e7K05bfV5MsuxZuZTZRp3dI5CJDwsRMW4Vgm0g5Z4pRLxw9bx0a7TGVKL5KbwQBu-F_6sIUhQ04Qd-g\/s320\/IMG-20230601-WA0030.jpg\" width=\"320\" height=\"320\" border=\"0\" data-original-height=\"682\" data-original-width=\"682\" src=\"data:image\/svg+xml;base64,PHN2ZyB3aWR0aD0iMSIgaGVpZ2h0PSIxIiB4bWxucz0iaHR0cDovL3d3dy53My5vcmcvMjAwMC9zdmciPjwvc3ZnPg==\" style=\"--smush-placeholder-width: 320px; --smush-placeholder-aspect-ratio: 320\/320;\" \/><\/a><\/div>\n<p style=\"text-align: justify;\">El objetivo de este evento en espec\u00edfico, fue que las unidades de respuesta involucradas, NBQR Mide, COE, Bomberos de Santo Domingo, Autoridad Portuaria Dominicana, entre otras, lograran evaluar los tiempos de activaci\u00f3n, movilizaci\u00f3n de victimas, operaciones, descontaminaci\u00f3n, contenci\u00f3n, desmovilizaci\u00f3n y cierre de operaciones del \u00e1rea afectada, acorde a los protocolos establecidos.<\/p>\n<div class=\"separator\" style=\"text-align: justify;\"><a href=\"https:\/\/blogger.googleusercontent.com\/img\/b\/R29vZ2xl\/AVvXsEhIuTZpX4n6RyLUxkHWT0IdMmUBsjUe18KZfni6T7I7R2Jzf_rqzOcR2MrM-NYYRHMuto0f7J9YJN9I1cOxwScdOpc7wh0WStQm3PUVZ6B7r7E6kYAQ77BUdI0wZz8ikYrHL6LcR0EN3uvGDKuqiFpsimJGUj3UsYDHLJ8WChXrFe6Fxhh0ffIxohpR4A\/s682\/IMG-20230601-WA0027.jpg\"><img decoding=\"async\" class=\"aligncenter lazyload\" data-src=\"https:\/\/blogger.googleusercontent.com\/img\/b\/R29vZ2xl\/AVvXsEhIuTZpX4n6RyLUxkHWT0IdMmUBsjUe18KZfni6T7I7R2Jzf_rqzOcR2MrM-NYYRHMuto0f7J9YJN9I1cOxwScdOpc7wh0WStQm3PUVZ6B7r7E6kYAQ77BUdI0wZz8ikYrHL6LcR0EN3uvGDKuqiFpsimJGUj3UsYDHLJ8WChXrFe6Fxhh0ffIxohpR4A\/s320\/IMG-20230601-WA0027.jpg\" width=\"320\" height=\"320\" border=\"0\" data-original-height=\"682\" data-original-width=\"682\" src=\"data:image\/svg+xml;base64,PHN2ZyB3aWR0aD0iMSIgaGVpZ2h0PSIxIiB4bWxucz0iaHR0cDovL3d3dy53My5vcmcvMjAwMC9zdmciPjwvc3ZnPg==\" style=\"--smush-placeholder-width: 320px; --smush-placeholder-aspect-ratio: 320\/320;\" \/><\/a><\/div>\n<p style=\"text-align: justify;\">Durante la realizaci\u00f3n de esta fase del CENTAM Guardian 2023 en el puerto, estuvo presente el director general del CESEP contralmirante Henry Ant. Guzm\u00e1n Taveras, as\u00ed como personal de la direcci\u00f3n de Operaciones, departamento de Armas y Explosivos y el Jefe de Seguridad del referido puerto, de ese cuerpo especializado.<\/p>\n<div class=\"separator\" style=\"text-align: justify;\"><a href=\"https:\/\/blogger.googleusercontent.com\/img\/b\/R29vZ2xl\/AVvXsEjT46fItAdhpuav-GqiJNp149A4ZHA-_tHNI7u9eIh8JGIidKOjt89MyrqedWWmmKXWiopt2zh4W60LRj6UPPvFY_UiZVAOHcOmuv8JKVkqcgeQnWrnZR_pCnCGpiOi0k_c06nOAIx1IjeJx3fHXQUnPrDDJgNPrvy78GWm1I7-9CC5ZgDdu7J3T2PPMA\/s682\/IMG-20230601-WA0032.jpg\"><img decoding=\"async\" class=\"aligncenter lazyload\" data-src=\"https:\/\/blogger.googleusercontent.com\/img\/b\/R29vZ2xl\/AVvXsEjT46fItAdhpuav-GqiJNp149A4ZHA-_tHNI7u9eIh8JGIidKOjt89MyrqedWWmmKXWiopt2zh4W60LRj6UPPvFY_UiZVAOHcOmuv8JKVkqcgeQnWrnZR_pCnCGpiOi0k_c06nOAIx1IjeJx3fHXQUnPrDDJgNPrvy78GWm1I7-9CC5ZgDdu7J3T2PPMA\/s320\/IMG-20230601-WA0032.jpg\" width=\"320\" height=\"320\" border=\"0\" data-original-height=\"682\" data-original-width=\"682\" src=\"data:image\/svg+xml;base64,PHN2ZyB3aWR0aD0iMSIgaGVpZ2h0PSIxIiB4bWxucz0iaHR0cDovL3d3dy53My5vcmcvMjAwMC9zdmciPjwvc3ZnPg==\" style=\"--smush-placeholder-width: 320px; --smush-placeholder-aspect-ratio: 320\/320;\" \/><\/a><\/div>\n<div style=\"text-align: justify;\"><\/div>\n<div style=\"text-align: justify;\">Fuente: Prensa CESEP<\/div>\n","protected":false},"excerpt":{"rendered":"<p>Por Felix Rubio El Cuerpo Especializado de Seguridad Portuaria (CESEP) particip\u00f3 ayer mi\u00e9rcoles 31 de<\/p>\n","protected":false},"author":1,"featured_media":0,"comment_status":"open","ping_status":"open","sticky":false,"template":"","format":"standard","meta":{"footnotes":""},"categories":[7],"tags":[],"class_list":["post-5238","post","type-post","status-publish","format-standard","hentry","category-nacionales"],"_links":{"self":[{"href":"https:\/\/defrentealaverdad.com\/index.php\/wp-json\/wp\/v2\/posts\/5238","targetHints":{"allow":["GET"]}}],"collection":[{"href":"https:\/\/defrentealaverdad.com\/index.php\/wp-json\/wp\/v2\/posts"}],"about":[{"href":"https:\/\/defrentealaverdad.com\/index.php\/wp-json\/wp\/v2\/types\/post"}],"author":[{"embeddable":true,"href":"https:\/\/defrentealaverdad.com\/index.php\/wp-json\/wp\/v2\/users\/1"}],"replies":[{"embeddable":true,"href":"https:\/\/defrentealaverdad.com\/index.php\/wp-json\/wp\/v2\/comments?post=5238"}],"version-history":[{"count":2,"href":"https:\/\/defrentealaverdad.com\/index.php\/wp-json\/wp\/v2\/posts\/5238\/revisions"}],"predecessor-version":[{"id":5240,"href":"https:\/\/defrentealaverdad.com\/index.php\/wp-json\/wp\/v2\/posts\/5238\/revisions\/5240"}],"wp:attachment":[{"href":"https:\/\/defrentealaverdad.com\/index.php\/wp-json\/wp\/v2\/media?parent=5238"}],"wp:term":[{"taxonomy":"category","embeddable":true,"href":"https:\/\/defrentealaverdad.com\/index.php\/wp-json\/wp\/v2\/categories?post=5238"},{"taxonomy":"post_tag","embeddable":true,"href":"https:\/\/defrentealaverdad.com\/index.php\/wp-json\/wp\/v2\/tags?post=5238"}],"curies":[{"name":"wp","href":"https:\/\/api.w.org\/{rel}","templated":true}]}}