{"id":5180,"date":"2023-05-31T20:44:18","date_gmt":"2023-05-31T20:44:18","guid":{"rendered":"https:\/\/defrentealaverdad.com\/?p=5180"},"modified":"2023-05-31T20:44:18","modified_gmt":"2023-05-31T20:44:18","slug":"hoy-se-commemora-el-dia-sin-tabaco","status":"publish","type":"post","link":"https:\/\/defrentealaverdad.com\/index.php\/2023\/05\/31\/hoy-se-commemora-el-dia-sin-tabaco\/","title":{"rendered":"Hoy se commemora el D\u00eda sin tabaco"},"content":{"rendered":"<p style=\"text-align: justify;\"><img decoding=\"async\" data-src=\"https:\/\/www.suteba.org.ar\/files\/99183_7080.jpg\" alt=\"31 DE MAYO: D\u00cdA MUNDIAL SIN TABACO 2023 - Suteba\" src=\"data:image\/svg+xml;base64,PHN2ZyB3aWR0aD0iMSIgaGVpZ2h0PSIxIiB4bWxucz0iaHR0cDovL3d3dy53My5vcmcvMjAwMC9zdmciPjwvc3ZnPg==\" class=\"lazyload\" \/><\/p>\n<p style=\"text-align: justify;\">Hoy, 31 de mayo, es D\u00eda Mundial sin Tabaco, establecido en 1988 por la OMS con el objetivo de: <strong>\u201cconcienciar a la poblaci\u00f3n sobre los efectos nocivos del consumo de tabaco, y promover pol\u00edticas p\u00fablicas para disminuir su consumo\u201d.<\/strong><\/p>\n<p style=\"text-align: justify;\">La planta de tabaco es originaria del altiplano andino, espec\u00edficamente entre Per\u00fa y Ecuador. Desde ese punto se expandi\u00f3 al resto del mundo. Las primeras referencias escritas del consumo de tabaco son de la autor\u00eda de Gonzalo Fern\u00e1ndez de Oviedo en su Historia general y natural de las Indias (1535).<\/p>\n<p style=\"text-align: justify;\">Termino esta nota con un pensamiento de Benjamin Franklin:<strong><em> \u201cEs m\u00e1s f\u00e1cil prevenir malos h\u00e1bitos que romperlos\u201d.<\/em><\/strong><\/p>\n<p style=\"text-align: justify;\">\n<p style=\"text-align: justify;\">Fuente: Marlene te Informa \/ Imagen de Fuente Externa<\/p>\n","protected":false},"excerpt":{"rendered":"<p>Hoy, 31 de mayo, es D\u00eda Mundial sin Tabaco, establecido en 1988 por la OMS<\/p>\n","protected":false},"author":1,"featured_media":0,"comment_status":"open","ping_status":"open","sticky":false,"template":"","format":"standard","meta":{"footnotes":""},"categories":[16,221],"tags":[],"class_list":["post-5180","post","type-post","status-publish","format-standard","hentry","category-internacionales","category-salud"],"_links":{"self":[{"href":"https:\/\/defrentealaverdad.com\/index.php\/wp-json\/wp\/v2\/posts\/5180","targetHints":{"allow":["GET"]}}],"collection":[{"href":"https:\/\/defrentealaverdad.com\/index.php\/wp-json\/wp\/v2\/posts"}],"about":[{"href":"https:\/\/defrentealaverdad.com\/index.php\/wp-json\/wp\/v2\/types\/post"}],"author":[{"embeddable":true,"href":"https:\/\/defrentealaverdad.com\/index.php\/wp-json\/wp\/v2\/users\/1"}],"replies":[{"embeddable":true,"href":"https:\/\/defrentealaverdad.com\/index.php\/wp-json\/wp\/v2\/comments?post=5180"}],"version-history":[{"count":1,"href":"https:\/\/defrentealaverdad.com\/index.php\/wp-json\/wp\/v2\/posts\/5180\/revisions"}],"predecessor-version":[{"id":5181,"href":"https:\/\/defrentealaverdad.com\/index.php\/wp-json\/wp\/v2\/posts\/5180\/revisions\/5181"}],"wp:attachment":[{"href":"https:\/\/defrentealaverdad.com\/index.php\/wp-json\/wp\/v2\/media?parent=5180"}],"wp:term":[{"taxonomy":"category","embeddable":true,"href":"https:\/\/defrentealaverdad.com\/index.php\/wp-json\/wp\/v2\/categories?post=5180"},{"taxonomy":"post_tag","embeddable":true,"href":"https:\/\/defrentealaverdad.com\/index.php\/wp-json\/wp\/v2\/tags?post=5180"}],"curies":[{"name":"wp","href":"https:\/\/api.w.org\/{rel}","templated":true}]}}