{"id":5171,"date":"2023-05-31T14:31:33","date_gmt":"2023-05-31T14:31:33","guid":{"rendered":"https:\/\/defrentealaverdad.com\/?p=5171"},"modified":"2023-05-31T14:31:59","modified_gmt":"2023-05-31T14:31:59","slug":"willy-chirino-agradece-a-haydee-milanes-por-cantar-con-el-en-miami-el-publico-lo-disfruto-muchisimo","status":"publish","type":"post","link":"https:\/\/defrentealaverdad.com\/index.php\/2023\/05\/31\/willy-chirino-agradece-a-haydee-milanes-por-cantar-con-el-en-miami-el-publico-lo-disfruto-muchisimo\/","title":{"rendered":"Willy Chirino agradece a Hayd\u00e9e Milan\u00e9s por cantar con \u00e9l en Miami: \u00abEl p\u00fablico lo disfrut\u00f3 much\u00edsimo\u00bb"},"content":{"rendered":"<p style=\"text-align: justify;\">El cantautor cubano\u00a0<strong>Willy Chirino<\/strong>\u00a0agradeci\u00f3\u00a0a su compatriota\u00a0<strong>Hayd\u00e9e Milan\u00e9s<\/strong>\u00a0por cantar con \u00e9l el s\u00e1bado pasado en su concierto en Miami.<\/p>\n<p style=\"text-align: justify;\">Willy invit\u00f3 a la hija del emblem\u00e1tico Pablo Milan\u00e9s a subir al escenario del\u00a0<em>Flamingo Theater Bar<\/em>, donde ambos interpretaron juntos el tema\u00a0<em>Pensamiento<\/em>.<\/p>\n<p style=\"text-align: justify;\">\u00abGracias, Hayd\u00e9e. Para ser primera vez que la cantamos nos qued\u00f3 hermosa\u00bb, dijo en su\u00a0Facebook.<\/p>\n<p><img decoding=\"async\" class=\"aligncenter lazyload\" data-src=\"https:\/\/cdn1.celebritax.com\/sites\/default\/files\/images\/43231\/post_haydee.jpg\" src=\"data:image\/svg+xml;base64,PHN2ZyB3aWR0aD0iMSIgaGVpZ2h0PSIxIiB4bWxucz0iaHR0cDovL3d3dy53My5vcmcvMjAwMC9zdmciPjwvc3ZnPg==\" \/><\/p>\n<div class=\"text-center\" style=\"text-align: justify;\">\n<div class=\"amp-facebook-video-converted\">\n<div class=\"amp-hidden\">\n<div class=\"placeholder img\">\n<div class=\"animated-background img\">Seg\u00fan relat\u00f3 el reconocido m\u00fasico y compositor en otro post, fue para \u00e9l una gran sorpresa cuando vio a \u00abesa gran artista cubana\u00bb sentada en el p\u00fablico. \u00abTuve la osad\u00eda de invitarla a cantar un tema conmigo sin previo ensayo. Fue un momento muy especial y el p\u00fablico lo disfrut\u00f3 much\u00edsimo. Escog\u00ed <em>Pensamiento<\/em>, una canci\u00f3n preciosa de la vieja trova cubana\u2026 Nos qued\u00f3 hermosa\u00bb, asegur\u00f3.<\/div>\n<\/div>\n<\/div>\n<\/div>\n<\/div>\n<div class=\"article-ads-1 visible-lg visible-md hidden-cu\" style=\"text-align: justify;\">\n<div class=\"amp-hidden\">\n<div class=\"placeholder img\">\n<div class=\"animated-background img\"><\/div>\n<div class=\"animated-background img\">Esa fue la primera vez que Hayd\u00e9e Milan\u00e9s asisti\u00f3 a un concierto en vivo de Willy Chirino, donde seg\u00fan confes\u00f3, pas\u00f3 todo el tiempo \u00abcantando y bailando\u00bb.<\/div>\n<\/div>\n<\/div>\n<\/div>\n<p style=\"text-align: justify;\">\u00abFue muy emotivo, porque\u00a0<strong>me la pas\u00e9 cantando y bailando las canciones que sol\u00eda escuchar en las fiestas de mi adolescencia<\/strong>; qu\u00e9 hermosura y qu\u00e9 buen gusto de m\u00fasica, qu\u00e9 voz tan bella, \u00a1qu\u00e9 cuban\u00eda, se\u00f1ores!\u00a0Cu\u00e1nto nos han faltado los conciertos de Willy Chirino en Cuba&#8230;\u00bb, afirm\u00f3.<\/p>\n<p style=\"text-align: justify;\">La cantante habl\u00f3 del momento en que \u00abpara rematar mi felicidad\u00bb, Willy la invit\u00f3 a subir a cantar juntos.<\/p>\n<p style=\"text-align: justify;\">\u00abQu\u00e9 hecho tan hermoso cantar con Willy, cuanta belleza, cuanta emoci\u00f3n y energ\u00eda bonita!\u00bb, coment\u00f3.<\/p>\n<p style=\"text-align: justify;\">Hayd\u00e9e conoci\u00f3 personalmente al autor de\u00a0<em>Ya viene\u00a0llegando<\/em>\u00a0en abril \u00faltimo, ocasi\u00f3n en que asegur\u00f3 que\u00a0<strong>un d\u00eda cumplir\u00e1\u00a0el sue\u00f1o de verlo cantar en Cuba.<\/strong><\/p>\n<p style=\"text-align: justify;\">\u00abHace tres d\u00edas tuve la suerte de conocer al gran Willy Chirino, a quien admiro y disfruto \u00a1desde hace tantos a\u00f1os! Qu\u00e9 gusto conocerte (\u00a1qu\u00e9 linda persona!), qu\u00e9 emotivo escuchar de cerca tu c\u00e1lida voz cantando un fragmento de tu canci\u00f3n. No sabes cu\u00e1nta alegr\u00eda has impregnado en mi coraz\u00f3n con tus canciones, \u00a1tus interpretaciones!\u00bb, dijo la artista en sus redes.<\/p>\n<p>Fuente: Cibercuba<\/p>\n","protected":false},"excerpt":{"rendered":"<p>El cantautor cubano\u00a0Willy Chirino\u00a0agradeci\u00f3\u00a0a su compatriota\u00a0Hayd\u00e9e Milan\u00e9s\u00a0por cantar con \u00e9l el s\u00e1bado pasado en su<\/p>\n","protected":false},"author":4,"featured_media":0,"comment_status":"open","ping_status":"open","sticky":false,"template":"","format":"standard","meta":{"footnotes":""},"categories":[6,16],"tags":[],"class_list":["post-5171","post","type-post","status-publish","format-standard","hentry","category-espectaculos","category-internacionales"],"_links":{"self":[{"href":"https:\/\/defrentealaverdad.com\/index.php\/wp-json\/wp\/v2\/posts\/5171","targetHints":{"allow":["GET"]}}],"collection":[{"href":"https:\/\/defrentealaverdad.com\/index.php\/wp-json\/wp\/v2\/posts"}],"about":[{"href":"https:\/\/defrentealaverdad.com\/index.php\/wp-json\/wp\/v2\/types\/post"}],"author":[{"embeddable":true,"href":"https:\/\/defrentealaverdad.com\/index.php\/wp-json\/wp\/v2\/users\/4"}],"replies":[{"embeddable":true,"href":"https:\/\/defrentealaverdad.com\/index.php\/wp-json\/wp\/v2\/comments?post=5171"}],"version-history":[{"count":2,"href":"https:\/\/defrentealaverdad.com\/index.php\/wp-json\/wp\/v2\/posts\/5171\/revisions"}],"predecessor-version":[{"id":5173,"href":"https:\/\/defrentealaverdad.com\/index.php\/wp-json\/wp\/v2\/posts\/5171\/revisions\/5173"}],"wp:attachment":[{"href":"https:\/\/defrentealaverdad.com\/index.php\/wp-json\/wp\/v2\/media?parent=5171"}],"wp:term":[{"taxonomy":"category","embeddable":true,"href":"https:\/\/defrentealaverdad.com\/index.php\/wp-json\/wp\/v2\/categories?post=5171"},{"taxonomy":"post_tag","embeddable":true,"href":"https:\/\/defrentealaverdad.com\/index.php\/wp-json\/wp\/v2\/tags?post=5171"}],"curies":[{"name":"wp","href":"https:\/\/api.w.org\/{rel}","templated":true}]}}