{"id":5169,"date":"2023-05-31T14:23:20","date_gmt":"2023-05-31T14:23:20","guid":{"rendered":"https:\/\/defrentealaverdad.com\/?p=5169"},"modified":"2023-05-31T14:23:20","modified_gmt":"2023-05-31T14:23:20","slug":"jce-extiende-plazo-a-partidos-para-depositar-alcances-y-demarcaciones-de-primarias","status":"publish","type":"post","link":"https:\/\/defrentealaverdad.com\/index.php\/2023\/05\/31\/jce-extiende-plazo-a-partidos-para-depositar-alcances-y-demarcaciones-de-primarias\/","title":{"rendered":"JCE extiende plazo a partidos para depositar alcances y demarcaciones de primarias"},"content":{"rendered":"<div class=\"col-md-12\">\n<div class=\"header_single_post\">\n<div class=\"col-md-6 row-no-padding\">\n<div class=\"addtoany_shortcode\">\n<div class=\"a2a_kit a2a_kit_size_32 addtoany_list\" data-a2a-url=\"https:\/\/z101digital.com\/jce-extiende-plazo-a-partidos-para-depositar-alcances-y-demarcaciones-de-primarias\/\" data-a2a-title=\"JCE extiende plazo a partidos para depositar alcances y demarcaciones de primarias\"><\/div>\n<\/div>\n<\/div>\n<\/div>\n<\/div>\n<div class=\"col-md-8 single-post-imgs-light-box-container\">\n<div class=\"position-relative\">\n<div class=\"fluidbox__wrap\"><img decoding=\"async\" class=\"img-responsive image-post fluidbox__thumb aligncenter lazyload\" data-src=\"https:\/\/z101digital.com\/wp-content\/uploads\/2022\/12\/jce-1024x670.jpg\" alt=\"\" src=\"data:image\/svg+xml;base64,PHN2ZyB3aWR0aD0iMSIgaGVpZ2h0PSIxIiB4bWxucz0iaHR0cDovL3d3dy53My5vcmcvMjAwMC9zdmciPjwvc3ZnPg==\" style=\"--smush-placeholder-width: 1024px; --smush-placeholder-aspect-ratio: 1024\/670;\" \/><\/p>\n<div class=\"fluidbox__ghost\"><\/div>\n<div class=\"fluidbox__loader\"><\/div>\n<\/div>\n<h2 class=\"caption-image-post\" style=\"text-align: justify;\"><span style=\"font-size: 16px;\">La Junta Central Electoral (JCE) extendi\u00f3 hasta el pr\u00f3ximo 12 de julio a las 12: 00 de la mediod\u00eda, <strong>el plazo otorgado a los partidos pol\u00edticos que escoger\u00e1n sus candidatos mediante el sistema de primaria para que depositen el alcance y las demarcaciones que ser\u00e1n incluidos en sus respectivos procesos.<\/strong><\/span><\/h2>\n<\/div>\n<p style=\"text-align: justify;\">El plazo, cuyo vencimiento estaba pautado este martes, es para\u00a0preparar los presupuestos y establecer la organizaci\u00f3n electoral necesaria para llevar a cabo el proceso interno para la escogencia de candidatos y candidatas a puestos de elecci\u00f3n popular.<\/p>\n<p style=\"text-align: justify;\">La fecha otorgada por el Pleno del organismo rector de comicios en sesi\u00f3n extraordinaria del 24 de mayo, venc\u00eda este martes 30.<\/p>\n<p style=\"text-align: justify;\">La informaci\u00f3n le fue comunicada al Partido Revolucionario Moderno (PRM), la Fuerza del Pueblo y el Partido Generaci\u00f3n de Servidores.<\/p>\n<\/div>\n<p>&nbsp;<\/p>\n<p>Fuente: Z101<\/p>\n","protected":false},"excerpt":{"rendered":"<p>La Junta Central Electoral (JCE) extendi\u00f3 hasta el pr\u00f3ximo 12 de julio a las 12:<\/p>\n","protected":false},"author":1,"featured_media":0,"comment_status":"open","ping_status":"open","sticky":false,"template":"","format":"standard","meta":{"footnotes":""},"categories":[7],"tags":[],"class_list":["post-5169","post","type-post","status-publish","format-standard","hentry","category-nacionales"],"_links":{"self":[{"href":"https:\/\/defrentealaverdad.com\/index.php\/wp-json\/wp\/v2\/posts\/5169","targetHints":{"allow":["GET"]}}],"collection":[{"href":"https:\/\/defrentealaverdad.com\/index.php\/wp-json\/wp\/v2\/posts"}],"about":[{"href":"https:\/\/defrentealaverdad.com\/index.php\/wp-json\/wp\/v2\/types\/post"}],"author":[{"embeddable":true,"href":"https:\/\/defrentealaverdad.com\/index.php\/wp-json\/wp\/v2\/users\/1"}],"replies":[{"embeddable":true,"href":"https:\/\/defrentealaverdad.com\/index.php\/wp-json\/wp\/v2\/comments?post=5169"}],"version-history":[{"count":1,"href":"https:\/\/defrentealaverdad.com\/index.php\/wp-json\/wp\/v2\/posts\/5169\/revisions"}],"predecessor-version":[{"id":5170,"href":"https:\/\/defrentealaverdad.com\/index.php\/wp-json\/wp\/v2\/posts\/5169\/revisions\/5170"}],"wp:attachment":[{"href":"https:\/\/defrentealaverdad.com\/index.php\/wp-json\/wp\/v2\/media?parent=5169"}],"wp:term":[{"taxonomy":"category","embeddable":true,"href":"https:\/\/defrentealaverdad.com\/index.php\/wp-json\/wp\/v2\/categories?post=5169"},{"taxonomy":"post_tag","embeddable":true,"href":"https:\/\/defrentealaverdad.com\/index.php\/wp-json\/wp\/v2\/tags?post=5169"}],"curies":[{"name":"wp","href":"https:\/\/api.w.org\/{rel}","templated":true}]}}