{"id":5167,"date":"2023-05-31T14:20:15","date_gmt":"2023-05-31T14:20:15","guid":{"rendered":"https:\/\/defrentealaverdad.com\/?p=5167"},"modified":"2023-05-31T14:20:15","modified_gmt":"2023-05-31T14:20:15","slug":"se-entrega-conductor-de-patana-choco-autobus-escolar-dejo-dos-estudiantes-muerto-y-varios-en-hato-mayor","status":"publish","type":"post","link":"https:\/\/defrentealaverdad.com\/index.php\/2023\/05\/31\/se-entrega-conductor-de-patana-choco-autobus-escolar-dejo-dos-estudiantes-muerto-y-varios-en-hato-mayor\/","title":{"rendered":"Se entrega conductor de patana choc\u00f3 autob\u00fas escolar dej\u00f3 dos estudiantes muerto y varios en Hato Mayor"},"content":{"rendered":"<p>Por Felix Rubio<\/p>\n<p><img decoding=\"async\" class=\"aligncenter lazyload\" data-src=\"https:\/\/noticialibre.com\/wp-content\/uploads\/2023\/05\/img-20230530-wa16427185365512868649646-1024x577.jpg\" src=\"data:image\/svg+xml;base64,PHN2ZyB3aWR0aD0iMSIgaGVpZ2h0PSIxIiB4bWxucz0iaHR0cDovL3d3dy53My5vcmcvMjAwMC9zdmciPjwvc3ZnPg==\" style=\"--smush-placeholder-width: 1024px; --smush-placeholder-aspect-ratio: 1024\/577;\" \/><\/p>\n<p style=\"text-align: justify;\">HATO MAYOR.- Se entreg\u00f3 a la Direcci\u00f3n General de Seguridad de Tr\u00e1nsito y Transporte Terrestre (DIGESETT) conductor de la patana impact\u00f3 a un autob\u00fas escolar, donde resultaron muertas dos estudiantes y otras trece heridas, incluyendo el conductor del veh\u00edculo escolar.<\/p>\n<p style=\"text-align: justify;\">El ch\u00f3fer fue identificado como Ismael Daniel Matos Hern\u00e1ndez, de 24 a\u00f1os de edad, seg\u00fan su c\u00e9dula residente en Santo Domingo.<\/p>\n<p style=\"text-align: justify;\">El detenido se entreg\u00f3 de manera voluntaria en el Destacamento de la Digesett Local, de d\u00f3nde fue trasladado por agentes de la Polic\u00eda de Tr\u00e1nsito al Cuartel de la 40ta Compa\u00f1\u00eda de Hato Mayor. Para preservar su integridad y donde hay una mayor seguridad.<\/p>\n<p style=\"text-align: justify;\">En fat\u00eddico accidente murieron de estudiantes y otros trce resultaron heridos, algunos de grave incluyendo el ch\u00f3fer del autob\u00fas.<\/p>\n<p style=\"text-align: justify;\">Matos, tras la colisi\u00f3n emprendi\u00f3 la huida, entregandose hace pocos minutos a las autoridades.<\/p>\n<p>&nbsp;<\/p>\n<p>Fuente: Prensa DIGESETT<\/p>\n<p>&nbsp;<\/p>\n","protected":false},"excerpt":{"rendered":"<p>Por Felix Rubio HATO MAYOR.- Se entreg\u00f3 a la Direcci\u00f3n General de Seguridad de Tr\u00e1nsito<\/p>\n","protected":false},"author":1,"featured_media":0,"comment_status":"open","ping_status":"open","sticky":false,"template":"","format":"standard","meta":{"footnotes":""},"categories":[7],"tags":[],"class_list":["post-5167","post","type-post","status-publish","format-standard","hentry","category-nacionales"],"_links":{"self":[{"href":"https:\/\/defrentealaverdad.com\/index.php\/wp-json\/wp\/v2\/posts\/5167","targetHints":{"allow":["GET"]}}],"collection":[{"href":"https:\/\/defrentealaverdad.com\/index.php\/wp-json\/wp\/v2\/posts"}],"about":[{"href":"https:\/\/defrentealaverdad.com\/index.php\/wp-json\/wp\/v2\/types\/post"}],"author":[{"embeddable":true,"href":"https:\/\/defrentealaverdad.com\/index.php\/wp-json\/wp\/v2\/users\/1"}],"replies":[{"embeddable":true,"href":"https:\/\/defrentealaverdad.com\/index.php\/wp-json\/wp\/v2\/comments?post=5167"}],"version-history":[{"count":1,"href":"https:\/\/defrentealaverdad.com\/index.php\/wp-json\/wp\/v2\/posts\/5167\/revisions"}],"predecessor-version":[{"id":5168,"href":"https:\/\/defrentealaverdad.com\/index.php\/wp-json\/wp\/v2\/posts\/5167\/revisions\/5168"}],"wp:attachment":[{"href":"https:\/\/defrentealaverdad.com\/index.php\/wp-json\/wp\/v2\/media?parent=5167"}],"wp:term":[{"taxonomy":"category","embeddable":true,"href":"https:\/\/defrentealaverdad.com\/index.php\/wp-json\/wp\/v2\/categories?post=5167"},{"taxonomy":"post_tag","embeddable":true,"href":"https:\/\/defrentealaverdad.com\/index.php\/wp-json\/wp\/v2\/tags?post=5167"}],"curies":[{"name":"wp","href":"https:\/\/api.w.org\/{rel}","templated":true}]}}