{"id":5165,"date":"2023-05-31T14:18:20","date_gmt":"2023-05-31T14:18:20","guid":{"rendered":"https:\/\/defrentealaverdad.com\/?p=5165"},"modified":"2023-05-31T14:18:20","modified_gmt":"2023-05-31T14:18:20","slug":"cormidom-afirma-respeta-las-leyes-de-rd-y-acata-decision-tomada-por-la-corte-de-trabajo","status":"publish","type":"post","link":"https:\/\/defrentealaverdad.com\/index.php\/2023\/05\/31\/cormidom-afirma-respeta-las-leyes-de-rd-y-acata-decision-tomada-por-la-corte-de-trabajo\/","title":{"rendered":"CORMIDOM afirma respeta las leyes de RD y acata decisi\u00f3n tomada por la Corte de Trabajo"},"content":{"rendered":"<p><img decoding=\"async\" class=\"aligncenter lazyload\" data-src=\"https:\/\/img.mmc.com.do\/elcaribe-bucket\/uploads\/2023\/05\/whatsapp-image-2023-05-30-at-85915-pm.jpeg\" src=\"data:image\/svg+xml;base64,PHN2ZyB3aWR0aD0iMSIgaGVpZ2h0PSIxIiB4bWxucz0iaHR0cDovL3d3dy53My5vcmcvMjAwMC9zdmciPjwvc3ZnPg==\" \/><\/p>\n<p style=\"text-align: justify;\"><strong>Santo Domingo, RD.-\u00a0<\/strong>La Corporaci\u00f3n Minera Dominicana<strong>\u00a0(Cormidom)\u00a0<\/strong>asegur\u00f3 este martes que respeta las leyes del pa\u00eds y acata la decisi\u00f3n tomada por la Corte de Trabajo del Departamento Judicial de La Vega, que ordena el desafuero del secretario general del Sindicato de Trabajadores de la Mina Cerro de Maim\u00f3n (Sitracema).<\/p>\n<p style=\"text-align: justify;\">La corte orden\u00f3 el desafuero de\u00a0<strong>Rub\u00e9n Orlando Garc\u00eda Santana (Macho)\u00a0<\/strong>a trav\u00e9s de la sentencia laboral 479-2023-SSEN-0071, tras afirmar que existen pruebas legales en su contra. La sentencia est\u00e1 firmada por los magistrados Miguel Patricio Minguij\u00f3n Abreu, Mar\u00eda Altagracia Ramos, Cristian de Jes\u00fas Paulino, Ram\u00f3n Santiago Rosario y Keila Acosta Mena.<\/p>\n<p style=\"text-align: justify;\">Se recuerda que, debido a la huelga promovida por el se\u00f1or Rub\u00e9n Orlando Garc\u00eda Santana (Macho), que caus\u00f3 p\u00e9rdidas significativas para la empresa, los empleados y la comunidad,\u00a0Cormidom\u00a0se vio en la necesidad de suspender sus operaciones productivas y entrar solamente en fase de mantenimiento, en un esfuerzo para preservar la seguridad de los empleados y el fututo del negocio.<\/p>\n<div id=\"\" class=\"mmc_ads \" style=\"text-align: justify;\">\n<div id=\"div-gpt-ad-elCaribe_300x250_inread\" class=\"\" data-google-query-id=\"CJnUyYPfn_8CFdnLhwodlu4DYQ\">\n<div id=\"google_ads_iframe_\/22084339\/elCaribe_300x250_inread_0__container__\">Yipsy Roa, representante legal de Cormidom expres\u00f3: \u201cDesde un principio, Cormidom ha estado apostando al respeto y aplicaci\u00f3n de las leyes en la Rep\u00fablica Dominicana. En ese sentido respetamos la decisi\u00f3n de este tribunal\u201d, expuso.<\/div>\n<\/div>\n<\/div>\n<p style=\"text-align: justify;\">Roa plante\u00f3 que la empresa reitera su compromiso con el libre derecho sindical de sus empleados, siempre en el marco del respeto a las normativas legales de la Rep\u00fablica Dominicana.<\/p>\n<p style=\"text-align: justify;\">Solicit\u00f3 la unidad de todos, la empresa, empleados y comunidad, para generar la confianza de los inversionistas a fin de puedan decidir continuar las operaciones en Rep\u00fablica Dominicana y poder reabrir la mina.<\/p>\n<div id=\"\" class=\"mmc_ads \" style=\"text-align: justify;\">\n<div id=\"div-gpt-ad-elCaribe_300x250_inread\" class=\"\"><\/div>\n<\/div>\n<p style=\"text-align: justify;\">La barra de la defensa de la empresa estuvo compuesta por los juristas, Yipsy Roa, Mart\u00edn Valerio, Miguel Valerio, Juan Moreno, Washington Gonz\u00e1lez y Sebasti\u00e1n Urraca.<\/p>\n<p style=\"text-align: justify;\">\n<p style=\"text-align: justify;\">Fuente: El Caribe<\/p>\n","protected":false},"excerpt":{"rendered":"<p>Santo Domingo, RD.-\u00a0La Corporaci\u00f3n Minera Dominicana\u00a0(Cormidom)\u00a0asegur\u00f3 este martes que respeta las leyes del pa\u00eds y<\/p>\n","protected":false},"author":1,"featured_media":0,"comment_status":"open","ping_status":"open","sticky":false,"template":"","format":"standard","meta":{"footnotes":""},"categories":[2,7],"tags":[],"class_list":["post-5165","post","type-post","status-publish","format-standard","hentry","category-economicas","category-nacionales"],"_links":{"self":[{"href":"https:\/\/defrentealaverdad.com\/index.php\/wp-json\/wp\/v2\/posts\/5165","targetHints":{"allow":["GET"]}}],"collection":[{"href":"https:\/\/defrentealaverdad.com\/index.php\/wp-json\/wp\/v2\/posts"}],"about":[{"href":"https:\/\/defrentealaverdad.com\/index.php\/wp-json\/wp\/v2\/types\/post"}],"author":[{"embeddable":true,"href":"https:\/\/defrentealaverdad.com\/index.php\/wp-json\/wp\/v2\/users\/1"}],"replies":[{"embeddable":true,"href":"https:\/\/defrentealaverdad.com\/index.php\/wp-json\/wp\/v2\/comments?post=5165"}],"version-history":[{"count":1,"href":"https:\/\/defrentealaverdad.com\/index.php\/wp-json\/wp\/v2\/posts\/5165\/revisions"}],"predecessor-version":[{"id":5166,"href":"https:\/\/defrentealaverdad.com\/index.php\/wp-json\/wp\/v2\/posts\/5165\/revisions\/5166"}],"wp:attachment":[{"href":"https:\/\/defrentealaverdad.com\/index.php\/wp-json\/wp\/v2\/media?parent=5165"}],"wp:term":[{"taxonomy":"category","embeddable":true,"href":"https:\/\/defrentealaverdad.com\/index.php\/wp-json\/wp\/v2\/categories?post=5165"},{"taxonomy":"post_tag","embeddable":true,"href":"https:\/\/defrentealaverdad.com\/index.php\/wp-json\/wp\/v2\/tags?post=5165"}],"curies":[{"name":"wp","href":"https:\/\/api.w.org\/{rel}","templated":true}]}}