{"id":5159,"date":"2023-05-31T14:09:36","date_gmt":"2023-05-31T14:09:36","guid":{"rendered":"https:\/\/defrentealaverdad.com\/?p=5159"},"modified":"2023-05-31T14:10:53","modified_gmt":"2023-05-31T14:10:53","slug":"gobierno-informa-se-prolongara-hasta-el-16-de-junio-servicio-gratuito-teleferico-alcarrizos-en-horario-extendido","status":"publish","type":"post","link":"https:\/\/defrentealaverdad.com\/index.php\/2023\/05\/31\/gobierno-informa-se-prolongara-hasta-el-16-de-junio-servicio-gratuito-teleferico-alcarrizos-en-horario-extendido\/","title":{"rendered":"Gobierno informa se prolongar\u00e1 hasta el 16 de junio servicio gratuito Telef\u00e9rico Alcarrizos en horario extendido"},"content":{"rendered":"<p style=\"text-align: justify;\">Santo Domingo. &#8211; El Gobierno, a trav\u00e9s de la\u00a0<strong>Oficina de Proyectos de Movilidad Urbana e Interurbana de la Presidencia<\/strong>, inform\u00f3 que se extender\u00e1n hasta el\u00a0<strong>16 de junio<\/strong>\u00a0del presente a\u00f1o las operaciones gratuitas del\u00a0<strong>Telef\u00e9rico de Los Alcarrizos<\/strong>, incluyendo las rutas alimentadoras de la\u00a0<strong>OMSA<\/strong>\u00a0que operan bajo el\u00a0<strong>Sistema Integrado de Transporte (SIT).<\/strong><strong>\u00a0<\/strong><\/p>\n<p style=\"text-align: justify;\">Estas nuevas rutas son las que van desde la Estaci\u00f3n Los Alcarrizos hasta el Kil\u00f3metro 9 de la autopista Duarte y el expreso 27 de Febrero que llega hasta el Huacalito.<\/p>\n<p style=\"text-align: justify;\">Asimismo, informaron que a\u00a0<strong>partir de este mi\u00e9rcoles 1 de junio entrar\u00e1 en vigor el nuevo horario extendido<\/strong>\u00a0de las operaciones del sistema para brindar servicio de lunes a viernes de 6 de la ma\u00f1ana a 10 de la noche y los s\u00e1bados desde las 6 de la ma\u00f1ana hasta las 8 de la noche. Los domingos y d\u00edas feriados ser\u00e1 desde las 8 de la ma\u00f1ana hasta las 8 de la noche.<\/p>\n<p style=\"text-align: justify;\"><em>\u201cLa intenci\u00f3n de extender el tiempo de gratuidad y empezar a operar en el horario regular del sistema, es que los usuarios que a\u00fan no lo han utilizado puedan vivir la experiencia adem\u00e1s de darles tiempo para que puedan adquirir las diferentes tarjetas e instrumentos de pagos que estar\u00e1n disponible para el Telef\u00e9rico y las unidades alimentadoras de la OMSA-SIT en todas las estaciones de Metro y Telef\u00e9rico\u201d,<\/em>\u00a0reafirma la nota de prensa.<\/p>\n<p style=\"text-align: justify;\">A partir del 16 de junio, los usuarios podr\u00e1n pagar en efectivo directamente en la boleter\u00eda, usando la tarjeta de Metro, la tarjeta del Sistema Integrado de Transporte SDGo, las tarjetas de cr\u00e9dito y d\u00e9bito de VISA y MASTERCARD que contengan la tecnolog\u00eda EMV (las que tienen el s\u00edmbolo de wifi en su exterior), as\u00ed como la posibilidad del pago \u00fanico de viaje pagando en efectivo\u201d.<\/p>\n<p style=\"text-align: justify;\">Durante el\u00a0<strong>primer mes de operaciones<\/strong>\u00a0del Telef\u00e9rico de los Alcarrizos\u00a0<strong>cerca de medio mill\u00f3n de ciudadanos hicieron uso de sus instalaciones<\/strong>\u00a0para vivir la experiencia e incorporar este uso a su cotidianidad y beneficiarse del impacto positivo que este sistema brinda en la calidad de vida de sus usuarios.<\/p>\n<p style=\"text-align: justify;\">El Telef\u00e9rico de los Alcarrizos es considerado uno de los m\u00e1s modernos del mundo, en su naturaleza,\u00a0<strong>como primer sistema urbano monocable que alcanza una capacidad de 4,500 pasajeros por hora por sentido y el m\u00e1s r\u00e1pido de todos<\/strong>, por sus 7 metros sobre segundo, que equivalen a 25 kil\u00f3metros por hora, gracias a la mayor potencia de motor y al mayor di\u00e1metro de cable.<\/p>\n<p style=\"text-align: justify;\"><strong>Informaciones generales sobre el Telef\u00e9rico de Los Alcarrizos:<\/strong><\/p>\n<p style=\"text-align: justify;\">Este sistema de transporte por cable impacta de manera directa a\u00a0<strong>alrededor de 400,000 personas\u00a0<\/strong>con la\u00a0<strong>reducci\u00f3n de tiempo en el viaje y del costo de transporte<\/strong>, adem\u00e1s de aumentar la accesibilidad a un sistema de\u00a0<strong>transporte seguro y c\u00f3modo<\/strong>, lo cual contribuye a mejorar la calidad de vida de sus usuarios.<\/p>\n<p style=\"text-align: justify;\">El sistema monocable de pinzas desembragables tiene una capacidad de 4,500 pasajeros por hora por sentido (pphps) Cada cabina tiene capacidad para transportar 10 personas c\u00f3modamente sentadas y 2 personas paradas.<\/p>\n<p style=\"text-align: justify;\">La velocidad de recorrido es de 25 km\/h (7 m\/s), sin demora,\u00a0<strong>sobrevolando zonas de gran congestionamiento en el municipio de Los Alcarrizos<\/strong>.\u00a0\u00a0Esto permite que el recorrido de 4.20 kil\u00f3metros comprendidos desde la primera hasta la \u00faltima estaci\u00f3n se realice en apenas 15 minutos.<\/p>\n<p><img decoding=\"async\" class=\"aligncenter lazyload\" data-src=\"https:\/\/m3r4n8n8.stackpathcdn.com\/wp-content\/uploads\/2023\/05\/WhatsApp-Image-2023-05-01-at-2.08.35-PM.webp\" alt=\"Conozca las rutas del Telef\u00e9rico de Los Alcarrizos\" src=\"data:image\/svg+xml;base64,PHN2ZyB3aWR0aD0iMSIgaGVpZ2h0PSIxIiB4bWxucz0iaHR0cDovL3d3dy53My5vcmcvMjAwMC9zdmciPjwvc3ZnPg==\" \/><\/p>\n<p style=\"text-align: justify;\">El sistema se compone de 4 estaciones:<\/p>\n<p style=\"text-align: justify;\">\u2022\u00a0\u00a0\u00a0\u00a0\u00a0\u00a0\u00a0\u00a0\u00a0\u00a0\u00a0Estaci\u00f3n 1 Los Alcarrizos<\/p>\n<p style=\"text-align: justify;\">\u2022\u00a0\u00a0\u00a0\u00a0\u00a0\u00a0\u00a0\u00a0\u00a0\u00a0\u00a0Estaci\u00f3n 2 Las Toronjas<\/p>\n<p style=\"text-align: justify;\">\u2022\u00a0\u00a0\u00a0\u00a0\u00a0\u00a0\u00a0\u00a0\u00a0\u00a0\u00a0Estaci\u00f3n 3 Puente Blanco<\/p>\n<p style=\"text-align: justify;\">\u2022\u00a0\u00a0\u00a0\u00a0\u00a0\u00a0\u00a0\u00a0\u00a0\u00a0\u00a0Estaci\u00f3n 4 Los Americanos.<\/p>\n<p style=\"text-align: justify;\">\n<p style=\"text-align: justify;\">Fuente: Presidencia RD<\/p>\n","protected":false},"excerpt":{"rendered":"<p>Santo Domingo. &#8211; El Gobierno, a trav\u00e9s de la\u00a0Oficina de Proyectos de Movilidad Urbana e<\/p>\n","protected":false},"author":1,"featured_media":0,"comment_status":"open","ping_status":"open","sticky":false,"template":"","format":"standard","meta":{"footnotes":""},"categories":[7],"tags":[],"class_list":["post-5159","post","type-post","status-publish","format-standard","hentry","category-nacionales"],"_links":{"self":[{"href":"https:\/\/defrentealaverdad.com\/index.php\/wp-json\/wp\/v2\/posts\/5159","targetHints":{"allow":["GET"]}}],"collection":[{"href":"https:\/\/defrentealaverdad.com\/index.php\/wp-json\/wp\/v2\/posts"}],"about":[{"href":"https:\/\/defrentealaverdad.com\/index.php\/wp-json\/wp\/v2\/types\/post"}],"author":[{"embeddable":true,"href":"https:\/\/defrentealaverdad.com\/index.php\/wp-json\/wp\/v2\/users\/1"}],"replies":[{"embeddable":true,"href":"https:\/\/defrentealaverdad.com\/index.php\/wp-json\/wp\/v2\/comments?post=5159"}],"version-history":[{"count":2,"href":"https:\/\/defrentealaverdad.com\/index.php\/wp-json\/wp\/v2\/posts\/5159\/revisions"}],"predecessor-version":[{"id":5161,"href":"https:\/\/defrentealaverdad.com\/index.php\/wp-json\/wp\/v2\/posts\/5159\/revisions\/5161"}],"wp:attachment":[{"href":"https:\/\/defrentealaverdad.com\/index.php\/wp-json\/wp\/v2\/media?parent=5159"}],"wp:term":[{"taxonomy":"category","embeddable":true,"href":"https:\/\/defrentealaverdad.com\/index.php\/wp-json\/wp\/v2\/categories?post=5159"},{"taxonomy":"post_tag","embeddable":true,"href":"https:\/\/defrentealaverdad.com\/index.php\/wp-json\/wp\/v2\/tags?post=5159"}],"curies":[{"name":"wp","href":"https:\/\/api.w.org\/{rel}","templated":true}]}}