{"id":5143,"date":"2023-05-31T13:44:45","date_gmt":"2023-05-31T13:44:45","guid":{"rendered":"https:\/\/defrentealaverdad.com\/?p=5143"},"modified":"2024-11-19T19:29:39","modified_gmt":"2024-11-19T19:29:39","slug":"comunicadora-genesis-fermin-comparte-experiencias-con-periodistas-de-la-television-suiza","status":"publish","type":"post","link":"https:\/\/defrentealaverdad.com\/index.php\/2023\/05\/31\/comunicadora-genesis-fermin-comparte-experiencias-con-periodistas-de-la-television-suiza\/","title":{"rendered":"Comunicadora G\u00e9nesis Ferm\u00edn comparte experiencias con periodistas de la televisi\u00f3n Suiza"},"content":{"rendered":"<p>Por Mirla Hern\u00e1ndez<\/p>\n<p>&nbsp;<\/p>\n<blockquote>\n<p style=\"text-align: justify;\"><em>\u00abResalta importancia de impulsar el p\u00f3dcast como herramienta de comunicaci\u00f3n y educaci\u00f3n\u00bb<\/em><\/p>\n<p>&nbsp;<\/p>\n<p>&nbsp;<\/p><\/blockquote>\n<p>&nbsp;<\/p>\n<p style=\"text-align: justify;\">La comunicadora dominicana, G\u00e9nesis Ferm\u00edn, intercambi\u00f3 experiencias profesionales con otros periodistas del canal Tele 1 de Suiza, sobre la importancia de impulsar el p\u00f3dcast como herramienta informativa y educativa.<\/p>\n<p><img decoding=\"async\" class=\"alignnone size-medium wp-image-5144 aligncenter lazyload\" data-src=\"https:\/\/defrentealaverdad.com\/wp-content\/uploads\/2023\/05\/858bb0ef-63c9-40f9-af01-ef6613cc70d0-300x221.jpeg\" alt=\"\" width=\"300\" height=\"221\" data-srcset=\"https:\/\/defrentealaverdad.com\/wp-content\/uploads\/2023\/05\/858bb0ef-63c9-40f9-af01-ef6613cc70d0-300x221.jpeg 300w, https:\/\/defrentealaverdad.com\/wp-content\/uploads\/2023\/05\/858bb0ef-63c9-40f9-af01-ef6613cc70d0.jpeg 760w\" data-sizes=\"(max-width: 300px) 100vw, 300px\" src=\"data:image\/svg+xml;base64,PHN2ZyB3aWR0aD0iMSIgaGVpZ2h0PSIxIiB4bWxucz0iaHR0cDovL3d3dy53My5vcmcvMjAwMC9zdmciPjwvc3ZnPg==\" style=\"--smush-placeholder-width: 300px; --smush-placeholder-aspect-ratio: 300\/221;\" \/><\/p>\n<p style=\"text-align: justify;\">Ferm\u00edn, panelista del p\u00f3dcast <strong>\u201cA La Derecha\u201d,<\/strong> que se difunde a trav\u00e9s del Nuevo Diario, indic\u00f3 que durante su recorrido en las instalaciones del medio europeo, que incluye radio, televisi\u00f3n y prensa escrita, recibi\u00f3 el inter\u00e9s de parte de profesionales suizos de motorizar los p\u00f3dcast en su pa\u00eds, entre ellos la moderadora Elena Hirt, quien agreg\u00f3 que espera que en Suiza los podcast puedan existentes alcancen un mayor auge.<\/p>\n<p><img decoding=\"async\" class=\"alignnone size-medium wp-image-5145 aligncenter lazyload\" data-src=\"https:\/\/defrentealaverdad.com\/wp-content\/uploads\/2023\/05\/444a6ec6-248c-4882-8274-e3d30b25dd12-300x265.jpeg\" alt=\"\" width=\"300\" height=\"265\" data-srcset=\"https:\/\/defrentealaverdad.com\/wp-content\/uploads\/2023\/05\/444a6ec6-248c-4882-8274-e3d30b25dd12-300x265.jpeg 300w, https:\/\/defrentealaverdad.com\/wp-content\/uploads\/2023\/05\/444a6ec6-248c-4882-8274-e3d30b25dd12.jpeg 760w\" data-sizes=\"(max-width: 300px) 100vw, 300px\" src=\"data:image\/svg+xml;base64,PHN2ZyB3aWR0aD0iMSIgaGVpZ2h0PSIxIiB4bWxucz0iaHR0cDovL3d3dy53My5vcmcvMjAwMC9zdmciPjwvc3ZnPg==\" style=\"--smush-placeholder-width: 300px; --smush-placeholder-aspect-ratio: 300\/265;\" \/><\/p>\n<p style=\"text-align: justify;\">\u201cDefinitivamente el audio est\u00e1 en efervescencia con nuevas narrativas y con el p\u00f3dcast a la delantera en las plataformas digitales en Rep\u00fablica Dominicana\u201d, se\u00f1al\u00f3 Ferm\u00edn.<\/p>\n<p style=\"text-align: justify;\">Sostuvo que,<em><strong> \u201cEl periodismo ha hallado en el p\u00f3dcast una forma de conectar con la audiencia. Formatos como el documental de audio, las piezas de investigaci\u00f3n y los llamados daily podcast, como el p\u00f3dcast informativo al estilo de \u201cThe Daily\u201d de The New York Times, est\u00e1n apuntando a una nueva manera de hacer periodismo narrado\u201d.<\/strong><\/em><\/p>\n<p style=\"text-align: justify;\">La comunicadora que se caracteriza por abordar temas pol\u00edticos desde la \u00f3ptica femenina, al conversar adem\u00e1s con los periodistas suizos Ramona Schelbert y Thomas Erni, destac\u00f3 la tecnolog\u00eda a la vanguardia y el equipo profesional de periodistas del medio Tele 1, que informa a la Suiza de habla alemana, espec\u00edficamente a los cantones (provincias): Lutzern, Zug, Uri, Schwyz, Obwalden y Niwalden.<\/p>\n<p><img decoding=\"async\" class=\"size-medium wp-image-5146 aligncenter lazyload\" data-src=\"https:\/\/defrentealaverdad.com\/wp-content\/uploads\/2023\/05\/c4b5dc64-96b4-4fe9-856c-ce7821b38b41-247x300.jpeg\" alt=\"\" width=\"247\" height=\"300\" data-srcset=\"https:\/\/defrentealaverdad.com\/wp-content\/uploads\/2023\/05\/c4b5dc64-96b4-4fe9-856c-ce7821b38b41-247x300.jpeg 247w, https:\/\/defrentealaverdad.com\/wp-content\/uploads\/2023\/05\/c4b5dc64-96b4-4fe9-856c-ce7821b38b41.jpeg 768w\" data-sizes=\"(max-width: 247px) 100vw, 247px\" src=\"data:image\/svg+xml;base64,PHN2ZyB3aWR0aD0iMSIgaGVpZ2h0PSIxIiB4bWxucz0iaHR0cDovL3d3dy53My5vcmcvMjAwMC9zdmciPjwvc3ZnPg==\" style=\"--smush-placeholder-width: 247px; --smush-placeholder-aspect-ratio: 247\/300;\" \/><\/p>\n<p style=\"text-align: justify;\">G\u00e9nesis Fermin puntualiz\u00f3 que con esta visita se abre la posibilidad de continuar un intercambio cultural y de buenas pr\u00e1cticas entres periodistas de ambas naciones, a trav\u00e9s de sus diferentes plataformas de comunicaci\u00f3n.<\/p>\n<p style=\"text-align: justify;\">Fuente: Externa<\/p>\n","protected":false},"excerpt":{"rendered":"<p>Por Mirla Hern\u00e1ndez &nbsp; \u00abResalta importancia de impulsar el p\u00f3dcast como herramienta de comunicaci\u00f3n y<\/p>\n","protected":false},"author":4,"featured_media":0,"comment_status":"open","ping_status":"open","sticky":false,"template":"","format":"standard","meta":{"footnotes":""},"categories":[245],"tags":[],"class_list":["post-5143","post","type-post","status-publish","format-standard","hentry","category-cultura"],"_links":{"self":[{"href":"https:\/\/defrentealaverdad.com\/index.php\/wp-json\/wp\/v2\/posts\/5143","targetHints":{"allow":["GET"]}}],"collection":[{"href":"https:\/\/defrentealaverdad.com\/index.php\/wp-json\/wp\/v2\/posts"}],"about":[{"href":"https:\/\/defrentealaverdad.com\/index.php\/wp-json\/wp\/v2\/types\/post"}],"author":[{"embeddable":true,"href":"https:\/\/defrentealaverdad.com\/index.php\/wp-json\/wp\/v2\/users\/4"}],"replies":[{"embeddable":true,"href":"https:\/\/defrentealaverdad.com\/index.php\/wp-json\/wp\/v2\/comments?post=5143"}],"version-history":[{"count":4,"href":"https:\/\/defrentealaverdad.com\/index.php\/wp-json\/wp\/v2\/posts\/5143\/revisions"}],"predecessor-version":[{"id":5153,"href":"https:\/\/defrentealaverdad.com\/index.php\/wp-json\/wp\/v2\/posts\/5143\/revisions\/5153"}],"wp:attachment":[{"href":"https:\/\/defrentealaverdad.com\/index.php\/wp-json\/wp\/v2\/media?parent=5143"}],"wp:term":[{"taxonomy":"category","embeddable":true,"href":"https:\/\/defrentealaverdad.com\/index.php\/wp-json\/wp\/v2\/categories?post=5143"},{"taxonomy":"post_tag","embeddable":true,"href":"https:\/\/defrentealaverdad.com\/index.php\/wp-json\/wp\/v2\/tags?post=5143"}],"curies":[{"name":"wp","href":"https:\/\/api.w.org\/{rel}","templated":true}]}}