{"id":5133,"date":"2023-05-31T13:28:38","date_gmt":"2023-05-31T13:28:38","guid":{"rendered":"https:\/\/defrentealaverdad.com\/?p=5133"},"modified":"2024-11-19T19:30:04","modified_gmt":"2024-11-19T19:30:04","slug":"hospitales-militares-reciben-del-mescyt-acreditacion-universitaria-docente","status":"publish","type":"post","link":"https:\/\/defrentealaverdad.com\/index.php\/2023\/05\/31\/hospitales-militares-reciben-del-mescyt-acreditacion-universitaria-docente\/","title":{"rendered":"\u00a0Hospitales militares reciben del MESCyT acreditaci\u00f3n universitaria docente"},"content":{"rendered":"<p>Por Felix Rubio<\/p>\n<blockquote>\n<div class=\"separator\"><\/div>\n<p><em><strong>INSUDE se encamina a convertirse en Universidad de Defensa Nacional<\/strong><\/em><\/p><\/blockquote>\n<p style=\"text-align: justify;\"><a href=\"https:\/\/blogger.googleusercontent.com\/img\/b\/R29vZ2xl\/AVvXsEjApcdnlN71i-AXliSHwnbk1_gxj89YkP5WE1bV6-WEOczfADTleGwbSP4_e3mhQaDfb6GtrsMngBY7SqV6VoFel_sHLbNouqsV59qKUSlFy0FDygHTQcj3NqU1DHurkUAXKeYKZd5OO2zhhZnRw1P1-V0IdmsY9zGy23PoQuAkvaZoBdJbpSrEi7TxCg\/s1280\/IMG-20230530-WA0029.jpg\"><img decoding=\"async\" class=\"aligncenter lazyload\" data-src=\"https:\/\/blogger.googleusercontent.com\/img\/b\/R29vZ2xl\/AVvXsEjApcdnlN71i-AXliSHwnbk1_gxj89YkP5WE1bV6-WEOczfADTleGwbSP4_e3mhQaDfb6GtrsMngBY7SqV6VoFel_sHLbNouqsV59qKUSlFy0FDygHTQcj3NqU1DHurkUAXKeYKZd5OO2zhhZnRw1P1-V0IdmsY9zGy23PoQuAkvaZoBdJbpSrEi7TxCg\/s320\/IMG-20230530-WA0029.jpg\" width=\"320\" height=\"213\" border=\"0\" data-original-height=\"853\" data-original-width=\"1280\" src=\"data:image\/svg+xml;base64,PHN2ZyB3aWR0aD0iMSIgaGVpZ2h0PSIxIiB4bWxucz0iaHR0cDovL3d3dy53My5vcmcvMjAwMC9zdmciPjwvc3ZnPg==\" style=\"--smush-placeholder-width: 320px; --smush-placeholder-aspect-ratio: 320\/213;\" \/><\/a><\/p>\n<p style=\"text-align: justify;\">SANTO DOMINGO. &#8211; Los hospitales Central de las Fuerzas Armadas y Doctor Ram\u00f3n de Lara de la Fuerza A\u00e9rea, recibieron la acreditaci\u00f3n oficial como hospitales universitarios docentes, que otorga el Ministerio de Educaci\u00f3n Superior, Ciencia y Tecnolog\u00eda (MESCyT).<\/p>\n<div class=\"separator\"><a href=\"https:\/\/blogger.googleusercontent.com\/img\/b\/R29vZ2xl\/AVvXsEguC6hk5aT3tmozTUHe6J8w777458a3DzpCil-GE7tzTC8Y3eMga3O2s2DuZwB3dQ3MXYNbsIvQfnvcff6izkjlcrIthIZ2DQ8YktJTaMemjN_In6DgC5DHHXD7jYglqpEC-lV5gTFBKT77asz1rHAYHPN_-4u_NE_8vd98ozAdPhe7LbnlDa2CCulL5A\/s1600\/IMG-20230530-WA0035.jpg\"><img decoding=\"async\" class=\"aligncenter lazyload\" data-src=\"https:\/\/blogger.googleusercontent.com\/img\/b\/R29vZ2xl\/AVvXsEguC6hk5aT3tmozTUHe6J8w777458a3DzpCil-GE7tzTC8Y3eMga3O2s2DuZwB3dQ3MXYNbsIvQfnvcff6izkjlcrIthIZ2DQ8YktJTaMemjN_In6DgC5DHHXD7jYglqpEC-lV5gTFBKT77asz1rHAYHPN_-4u_NE_8vd98ozAdPhe7LbnlDa2CCulL5A\/s320\/IMG-20230530-WA0035.jpg\" width=\"320\" height=\"213\" border=\"0\" data-original-height=\"1066\" data-original-width=\"1600\" src=\"data:image\/svg+xml;base64,PHN2ZyB3aWR0aD0iMSIgaGVpZ2h0PSIxIiB4bWxucz0iaHR0cDovL3d3dy53My5vcmcvMjAwMC9zdmciPjwvc3ZnPg==\" style=\"--smush-placeholder-width: 320px; --smush-placeholder-aspect-ratio: 320\/213;\" \/><\/a><\/div>\n<p style=\"text-align: justify;\">Las acreditaciones recibidas, est\u00e1n contenidas en las resoluciones 16-2023 y 17-2023 del Consejo Nacional de Educaci\u00f3n Superior, Ciencia y Tecnolog\u00eda (CONESCyT), aprobadas en sesi\u00f3n ordinaria del 21 de abril de los corrientes en virtud de lo que establece la Ley 139-01, que faculta al organismo en su art\u00edculo 38, literal a), a \u201cestablecer las pol\u00edticas tendentes al desarrollo del sistema de educaci\u00f3n superior\u201d.<\/p>\n<div class=\"separator\"><a href=\"https:\/\/blogger.googleusercontent.com\/img\/b\/R29vZ2xl\/AVvXsEi0fJPNqu_ma4EY5TPlWjtlAw4NfgfDb59d0PRRQc-plJJiIWqGx8kBzxx0GzfvnInB1lNHzLMTt7cuQcKDsM9qh115ih7J7SV5ft6fTyHIs7EI3arL2tGFR0wfBb-tBShRHathMEoIg9rNXiTLxnHtv1o8d0ofXQqIfOo8qQPcGbsqmP4pcBY4mFiA4A\/s1280\/IMG-20230530-WA0033.jpg\"><img decoding=\"async\" class=\"aligncenter lazyload\" data-src=\"https:\/\/blogger.googleusercontent.com\/img\/b\/R29vZ2xl\/AVvXsEi0fJPNqu_ma4EY5TPlWjtlAw4NfgfDb59d0PRRQc-plJJiIWqGx8kBzxx0GzfvnInB1lNHzLMTt7cuQcKDsM9qh115ih7J7SV5ft6fTyHIs7EI3arL2tGFR0wfBb-tBShRHathMEoIg9rNXiTLxnHtv1o8d0ofXQqIfOo8qQPcGbsqmP4pcBY4mFiA4A\/s320\/IMG-20230530-WA0033.jpg\" width=\"320\" height=\"213\" border=\"0\" data-original-height=\"853\" data-original-width=\"1280\" src=\"data:image\/svg+xml;base64,PHN2ZyB3aWR0aD0iMSIgaGVpZ2h0PSIxIiB4bWxucz0iaHR0cDovL3d3dy53My5vcmcvMjAwMC9zdmciPjwvc3ZnPg==\" style=\"--smush-placeholder-width: 320px; --smush-placeholder-aspect-ratio: 320\/213;\" \/><\/a><\/div>\n<p>&nbsp;<\/p>\n<p style=\"text-align: justify;\">La resoluci\u00f3n firmada por el presidente del CONESCyT y titular del MESCyT, Doctor Franklin Garc\u00eda Ferm\u00edn, formaliza la excelencia acad\u00e9mica adquirida por a\u00f1os, desde la misma fundaci\u00f3n de estos hospitales hace m\u00e1s de medio siglo y reconoce sus mejores esfuerzos en la formaci\u00f3n de profesionales de la salud, que han cursado sus residencias en distintas especialidades.<\/p>\n<div class=\"separator\"><a href=\"https:\/\/blogger.googleusercontent.com\/img\/b\/R29vZ2xl\/AVvXsEi0zx7CogjASgjigfytmOKOJULz58diev1134eh_IDC-6Md71yQYywSQlDNWFHprcTe-TBa63Vp1hT3Wv-8zZhZ3KS27BRX05NYwIIZLjfhE0bEVbfEqVu2bO-EzKJkMEMw_-1GaphfjStD7RBVbxsvxryRrYvN-Uo9wuRYBt_l_Igw2EhnuZmVXeszYA\/s1280\/IMG-20230530-WA0029.jpg\"><img decoding=\"async\" class=\"aligncenter lazyload\" data-src=\"https:\/\/blogger.googleusercontent.com\/img\/b\/R29vZ2xl\/AVvXsEi0zx7CogjASgjigfytmOKOJULz58diev1134eh_IDC-6Md71yQYywSQlDNWFHprcTe-TBa63Vp1hT3Wv-8zZhZ3KS27BRX05NYwIIZLjfhE0bEVbfEqVu2bO-EzKJkMEMw_-1GaphfjStD7RBVbxsvxryRrYvN-Uo9wuRYBt_l_Igw2EhnuZmVXeszYA\/s320\/IMG-20230530-WA0029.jpg\" width=\"320\" height=\"213\" border=\"0\" data-original-height=\"853\" data-original-width=\"1280\" src=\"data:image\/svg+xml;base64,PHN2ZyB3aWR0aD0iMSIgaGVpZ2h0PSIxIiB4bWxucz0iaHR0cDovL3d3dy53My5vcmcvMjAwMC9zdmciPjwvc3ZnPg==\" style=\"--smush-placeholder-width: 320px; --smush-placeholder-aspect-ratio: 320\/213;\" \/><\/a><\/div>\n<p>&nbsp;<\/p>\n<p style=\"text-align: justify;\">Durante el acto encabezado por el ministro de Defensa teniente general Carlos Luciano D\u00edaz Morfa, ERD, el titular del MIDE expres\u00f3: <strong><em>\u201cen nuestras Fuerzas Armadas hay dos frases motivadoras, una cita que, ante lo imposible, se necesita voluntad; y la otra dice, que lo posible est\u00e1 hecho y que lo imposible se har\u00e1\u201d.<\/em><\/strong><\/p>\n<div class=\"separator\"><a href=\"https:\/\/blogger.googleusercontent.com\/img\/b\/R29vZ2xl\/AVvXsEhPyr0inuVDUv2IAZPqNZ_bSn2F2D5Qhg5wdGIFqQ1Dsb26gBm1v6C9pJmLCKZmNDpDsmLzrzyx52-YD3TwPChEXy0iIMuLAtl_9Lshjm1c_hKW3FofLAJOYeJM1REVK9bB6w0DbodHCx_1k3B6C-R8m18eYbisqRjUbAdi41uJWgAaWqdtcfR0XePmwQ\/s1280\/IMG-20230530-WA0031.jpg\"><img decoding=\"async\" class=\"aligncenter lazyload\" data-src=\"https:\/\/blogger.googleusercontent.com\/img\/b\/R29vZ2xl\/AVvXsEhPyr0inuVDUv2IAZPqNZ_bSn2F2D5Qhg5wdGIFqQ1Dsb26gBm1v6C9pJmLCKZmNDpDsmLzrzyx52-YD3TwPChEXy0iIMuLAtl_9Lshjm1c_hKW3FofLAJOYeJM1REVK9bB6w0DbodHCx_1k3B6C-R8m18eYbisqRjUbAdi41uJWgAaWqdtcfR0XePmwQ\/s320\/IMG-20230530-WA0031.jpg\" width=\"320\" height=\"213\" border=\"0\" data-original-height=\"853\" data-original-width=\"1280\" src=\"data:image\/svg+xml;base64,PHN2ZyB3aWR0aD0iMSIgaGVpZ2h0PSIxIiB4bWxucz0iaHR0cDovL3d3dy53My5vcmcvMjAwMC9zdmciPjwvc3ZnPg==\" style=\"--smush-placeholder-width: 320px; --smush-placeholder-aspect-ratio: 320\/213;\" \/><\/a><\/div>\n<p style=\"text-align: justify;\"><em><strong>\u00abDesde que el Doctor Garc\u00eda Ferm\u00edn lleg\u00f3 al MESCyT, ha hecho cosas que parec\u00edan imposibles, me refiero al menos al \u00e1rea de las Fuerzas Armadas, por eso para nosotros es un alto honor agradecer todo el apoyo que Usted nos ha dado en beneficio del fortalecimiento del sistema de educaci\u00f3n superior y sanitario militar, representados por el Instituto Superior para la Defensa (INSUDE) y los hospitales militares, instituciones misionadas a responder las necesidades que demanda la sociedad dominicana\u00bb,<\/strong> <\/em>se\u00f1al\u00f3 D\u00edaz Morfa.<\/p>\n<div class=\"separator\"><a href=\"https:\/\/blogger.googleusercontent.com\/img\/b\/R29vZ2xl\/AVvXsEiCwV-rLLN4JbGUlOn9Kjj9iv4uyEhM8xW7AbJn-Q4WLmUpzCxTNLTBz3OMeQlXUbvypIfSn6HhcYeKvWocaHeJDrwM7tixAKO7nCdM2oBd9NWdP774BnkvsUHadsRYBWuHP-hw7uQBlxCR1tePoLHiB42iwkJf3h026aDUc5H35NpFTm0xgu9dI6eYoA\/s1280\/IMG-20230530-WA0032.jpg\"><img decoding=\"async\" class=\"aligncenter lazyload\" data-src=\"https:\/\/blogger.googleusercontent.com\/img\/b\/R29vZ2xl\/AVvXsEiCwV-rLLN4JbGUlOn9Kjj9iv4uyEhM8xW7AbJn-Q4WLmUpzCxTNLTBz3OMeQlXUbvypIfSn6HhcYeKvWocaHeJDrwM7tixAKO7nCdM2oBd9NWdP774BnkvsUHadsRYBWuHP-hw7uQBlxCR1tePoLHiB42iwkJf3h026aDUc5H35NpFTm0xgu9dI6eYoA\/s320\/IMG-20230530-WA0032.jpg\" width=\"320\" height=\"213\" border=\"0\" data-original-height=\"853\" data-original-width=\"1280\" src=\"data:image\/svg+xml;base64,PHN2ZyB3aWR0aD0iMSIgaGVpZ2h0PSIxIiB4bWxucz0iaHR0cDovL3d3dy53My5vcmcvMjAwMC9zdmciPjwvc3ZnPg==\" style=\"--smush-placeholder-width: 320px; --smush-placeholder-aspect-ratio: 320\/213;\" \/><\/a><\/div>\n<p>&nbsp;<\/p>\n<p style=\"text-align: justify;\">El Dr. Garc\u00eda Ferm\u00edn dijo \u201cuna ceremonia de este tipo, dif\u00edcilmente vuelva a repetirse en un futuro cercano de la Rep\u00fablica\u2026 cuando la plana mayor de instituciones castrenses busca y transfieren el conocimiento, se produce un movimiento de la cultura y del acervo cient\u00edfico en beneficio del pueblo dominicano\u201d.<\/p>\n<p style=\"text-align: justify;\"><em><strong>\u201cEste acto de transformaci\u00f3n, sin lugar a dudas eleva la calidad y la expansi\u00f3n de los servicios educativos a nivel superior en el pa\u00eds. Felicit\u00f3 a los hombres y mujeres de uniforme, quienes trabajan por la democracia y la libertad que tanto engrandecen a la patria que nos legaron nuestros fundadores\u201d<\/strong><\/em>, exclam\u00f3.<\/p>\n<div class=\"separator\"><a href=\"https:\/\/blogger.googleusercontent.com\/img\/b\/R29vZ2xl\/AVvXsEhx5oaeTgLyEKA69Vl90ag0qCrHklpV-j_7eCYglh-I_QPXkWgGdWrz33mjBvLlrvcPicxQhz7us4rSF4vM2ra12Vt0RzalQJA0Oj85Og0WcD02_g14c3cFLMV-pVpICsHNs7yyMrnsA9UTo7rOFP3faKb1zt5Q_K7LxVIkaHISQAi5loy4Oiw73xFE_w\/s1256\/IMG-20230530-WA0030.jpg\"><img decoding=\"async\" class=\"aligncenter lazyload\" data-src=\"https:\/\/blogger.googleusercontent.com\/img\/b\/R29vZ2xl\/AVvXsEhx5oaeTgLyEKA69Vl90ag0qCrHklpV-j_7eCYglh-I_QPXkWgGdWrz33mjBvLlrvcPicxQhz7us4rSF4vM2ra12Vt0RzalQJA0Oj85Og0WcD02_g14c3cFLMV-pVpICsHNs7yyMrnsA9UTo7rOFP3faKb1zt5Q_K7LxVIkaHISQAi5loy4Oiw73xFE_w\/s320\/IMG-20230530-WA0030.jpg\" width=\"320\" height=\"229\" border=\"0\" data-original-height=\"898\" data-original-width=\"1256\" src=\"data:image\/svg+xml;base64,PHN2ZyB3aWR0aD0iMSIgaGVpZ2h0PSIxIiB4bWxucz0iaHR0cDovL3d3dy53My5vcmcvMjAwMC9zdmciPjwvc3ZnPg==\" style=\"--smush-placeholder-width: 320px; --smush-placeholder-aspect-ratio: 320\/229;\" \/><\/a><\/div>\n<p style=\"text-align: justify;\">Al inicio de su discurso, el rector del INSUDE General de Brigada Francisco Antonio Ovalle Pichardo, ERD, refiri\u00f3 \u201cexiste una alianza inequ\u00edvoca entre educaci\u00f3n y salud, ya que una no puede existir sin la otra. Anunciamos que en los pr\u00f3ximos d\u00edas y luego de agotar un exigente proceso, estaremos firmando acuerdos espec\u00edficos, orientados al fortalecimiento del INSUDE.<\/p>\n<p style=\"text-align: justify;\"><em><strong>\u201cLa Academia, ante todo, debe cumplir con su raz\u00f3n de ser y de existir, que es solventar y garantizar los intereses de esta naci\u00f3n, que lleva con orgullo el nombre de Rep\u00fablica Dominicana\u201d,<\/strong> <\/em>concluy\u00f3 el rector Ovalle Pichardo.<\/p>\n<p style=\"text-align: justify;\">En la ceremonia estuvieron presentes los oficiales del Estado Mayor General de las Fuerzas Armadas, el director general de Residencias M\u00e9dicas y Postgrado del MIDE, oficiales generales, superiores y alistados, autoridades acad\u00e9micas del sistema educativo superior de las FFAA, as\u00ed como docentes, discentes de residencias m\u00e9dicas y funcionarios del MESCyT.<\/p>\n<div class=\"separator\"><a href=\"https:\/\/blogger.googleusercontent.com\/img\/b\/R29vZ2xl\/AVvXsEjOiAhx33XfjB1r7dZICghBxiCLyHwgrMqUx2B4Nwn3dlzXM5pdbH6--09h3oFGKUBz2fTvLzVnme_Au8d7TuTLBVOCL_py51wNzGXrk4rhn9SPnx6dxZGd-7jYxvptPDjc-jWZsj4u6xgQ4qxjmq2TN_p24mwR7hrkDbJWl9DJMSkhqCaXP3N7xkhWGg\/s960\/IMG-20230530-WA0034.jpg\"><img decoding=\"async\" class=\"aligncenter lazyload\" data-src=\"https:\/\/blogger.googleusercontent.com\/img\/b\/R29vZ2xl\/AVvXsEjOiAhx33XfjB1r7dZICghBxiCLyHwgrMqUx2B4Nwn3dlzXM5pdbH6--09h3oFGKUBz2fTvLzVnme_Au8d7TuTLBVOCL_py51wNzGXrk4rhn9SPnx6dxZGd-7jYxvptPDjc-jWZsj4u6xgQ4qxjmq2TN_p24mwR7hrkDbJWl9DJMSkhqCaXP3N7xkhWGg\/s320\/IMG-20230530-WA0034.jpg\" width=\"320\" height=\"213\" border=\"0\" data-original-height=\"640\" data-original-width=\"960\" src=\"data:image\/svg+xml;base64,PHN2ZyB3aWR0aD0iMSIgaGVpZ2h0PSIxIiB4bWxucz0iaHR0cDovL3d3dy53My5vcmcvMjAwMC9zdmciPjwvc3ZnPg==\" style=\"--smush-placeholder-width: 320px; --smush-placeholder-aspect-ratio: 320\/213;\" \/><br \/>\n<\/a>Fuente: INSUDE<\/div>\n","protected":false},"excerpt":{"rendered":"<p>Por Felix Rubio INSUDE se encamina a convertirse en Universidad de Defensa Nacional SANTO DOMINGO.<\/p>\n","protected":false},"author":1,"featured_media":0,"comment_status":"open","ping_status":"open","sticky":false,"template":"","format":"standard","meta":{"footnotes":""},"categories":[7],"tags":[],"class_list":["post-5133","post","type-post","status-publish","format-standard","hentry","category-nacionales"],"_links":{"self":[{"href":"https:\/\/defrentealaverdad.com\/index.php\/wp-json\/wp\/v2\/posts\/5133","targetHints":{"allow":["GET"]}}],"collection":[{"href":"https:\/\/defrentealaverdad.com\/index.php\/wp-json\/wp\/v2\/posts"}],"about":[{"href":"https:\/\/defrentealaverdad.com\/index.php\/wp-json\/wp\/v2\/types\/post"}],"author":[{"embeddable":true,"href":"https:\/\/defrentealaverdad.com\/index.php\/wp-json\/wp\/v2\/users\/1"}],"replies":[{"embeddable":true,"href":"https:\/\/defrentealaverdad.com\/index.php\/wp-json\/wp\/v2\/comments?post=5133"}],"version-history":[{"count":3,"href":"https:\/\/defrentealaverdad.com\/index.php\/wp-json\/wp\/v2\/posts\/5133\/revisions"}],"predecessor-version":[{"id":5137,"href":"https:\/\/defrentealaverdad.com\/index.php\/wp-json\/wp\/v2\/posts\/5133\/revisions\/5137"}],"wp:attachment":[{"href":"https:\/\/defrentealaverdad.com\/index.php\/wp-json\/wp\/v2\/media?parent=5133"}],"wp:term":[{"taxonomy":"category","embeddable":true,"href":"https:\/\/defrentealaverdad.com\/index.php\/wp-json\/wp\/v2\/categories?post=5133"},{"taxonomy":"post_tag","embeddable":true,"href":"https:\/\/defrentealaverdad.com\/index.php\/wp-json\/wp\/v2\/tags?post=5133"}],"curies":[{"name":"wp","href":"https:\/\/api.w.org\/{rel}","templated":true}]}}