{"id":5093,"date":"2023-05-28T13:54:14","date_gmt":"2023-05-28T13:54:14","guid":{"rendered":"https:\/\/defrentealaverdad.com\/?p=5093"},"modified":"2023-05-29T13:55:01","modified_gmt":"2023-05-29T13:55:01","slug":"coordinadora-de-participacion-ciudadana-dice-ya-arrancaron-con-la-observacion-electoral-daran-a-conocer-a-ciudadania-perfiles-de-aspirantes","status":"publish","type":"post","link":"https:\/\/defrentealaverdad.com\/index.php\/2023\/05\/28\/coordinadora-de-participacion-ciudadana-dice-ya-arrancaron-con-la-observacion-electoral-daran-a-conocer-a-ciudadania-perfiles-de-aspirantes\/","title":{"rendered":"Coordinadora de Participaci\u00f3n Ciudadana dice ya arrancaron con la observaci\u00f3n electoral; dar\u00e1n a conocer a ciudadan\u00eda perfiles de aspirantes"},"content":{"rendered":"<p>Santo Domingo, RD.- La coordinadora de Participaci\u00f3n Ciudadana, Lizzie S\u00e1nchez Padilla, adelant\u00f3 que para estas elecciones que se avecinan, el movimiento c\u00edvico no partidista asume un proyecto de observaci\u00f3n que hacen antes, durante y despu\u00e9s del proceso electoral del pa\u00eds, y que ya iniciaron con el mismo.<\/p>\n<p>\u201cLo novedoso de ese proyecto de observaci\u00f3n es que estamos en conversaci\u00f3n con una serie de instituciones de la sociedad civil para poder ir d\u00e1ndole seguimiento a los precandidatos y candidatos de cada partido y de cada nivel de elecci\u00f3n\u201d, manifest\u00f3.<\/p>\n<p>Dijo que esto se hace para evitar un sistema de contenci\u00f3n, de manera que los partidos sean forzados a elegir candidatos que no sea por la cantidad de dinero que tienen, sino a elegir candidatos probos.<\/p>\n<p>\u201cNosotros vamos a dar un estrecho seguimiento a cada uno de los candidatos y vamos a dar la informaci\u00f3n\u2026 Vamos a hacer el intento, vamos a dar los primeros pasos para que la poblaci\u00f3n conozca qui\u00e9nes son sus candidatos\u201d, afirm\u00f3 S\u00e1nchez Padilla durante su participaci\u00f3n en el programa Rese\u00f1as, que conducen los periodistas Rafael N\u00fa\u00f1ez y Adelaida Mart\u00ednez R., cada s\u00e1bado por Entelevisi\u00f3n a las 9:00 de la noche.<\/p>\n<p>A\u00f1adi\u00f3 que har\u00e1n saber a la ciudadan\u00eda qu\u00e9 han hecho sus candidatos por los ciudadanos de su demarcaci\u00f3n, tanto a nivel municipal como congresual en todo el pa\u00eds, en alianza con otras instituciones.<\/p>\n<figure class=\"wp-block-image size-large\"><img decoding=\"async\" class=\"wp-image-443069 lazyload\" data-src=\"http:\/\/diariodominicano.com\/wp-content\/uploads\/2023\/05\/1.-Lizzie-Sanchez-Padilla-coordinadora-de-PC-1024x809.jpg\" data-sizes=\"(max-width: 1024px) 100vw, 1024px\" data-srcset=\"https:\/\/diariodominicano.com\/wp-content\/uploads\/2023\/05\/1.-Lizzie-Sanchez-Padilla-coordinadora-de-PC-1024x809.jpg 1024w, https:\/\/diariodominicano.com\/wp-content\/uploads\/2023\/05\/1.-Lizzie-Sanchez-Padilla-coordinadora-de-PC-300x237.jpg 300w, https:\/\/diariodominicano.com\/wp-content\/uploads\/2023\/05\/1.-Lizzie-Sanchez-Padilla-coordinadora-de-PC-768x607.jpg 768w, https:\/\/diariodominicano.com\/wp-content\/uploads\/2023\/05\/1.-Lizzie-Sanchez-Padilla-coordinadora-de-PC-1536x1213.jpg 1536w, https:\/\/diariodominicano.com\/wp-content\/uploads\/2023\/05\/1.-Lizzie-Sanchez-Padilla-coordinadora-de-PC-816x645.jpg 816w, https:\/\/diariodominicano.com\/wp-content\/uploads\/2023\/05\/1.-Lizzie-Sanchez-Padilla-coordinadora-de-PC.jpg 1600w\" alt=\"\" width=\"1024\" height=\"809\" src=\"data:image\/svg+xml;base64,PHN2ZyB3aWR0aD0iMSIgaGVpZ2h0PSIxIiB4bWxucz0iaHR0cDovL3d3dy53My5vcmcvMjAwMC9zdmciPjwvc3ZnPg==\" style=\"--smush-placeholder-width: 1024px; --smush-placeholder-aspect-ratio: 1024\/809;\" \/><figcaption>Lizzie S\u00e1nchez Padilla<\/figcaption><\/figure>\n<p><strong>Quieren un mejor Congreso<\/strong><\/p>\n<p>Al reiterar que ya empezaron la observaci\u00f3n electoral, con la denuncia de la campa\u00f1a a destiempo y el uso y abuso de los recursos del Estado, la coordinadora de PC dijo que en conjunto con otras instituciones lo que est\u00e1n es en hacer una veedur\u00eda para dar seguimiento a los candidatos para que se sepa por qui\u00e9n se va a votar.<\/p>\n<p>\u201cEs un proceso educativo, no se ven muchas veces los resultados de una vez, pero s\u00ed esperamos poder tener un mejor Congreso. Es incre\u00edble que nosotros tengamos en este Congreso 16 congresistas que lo que son es due\u00f1o de bancas y eso realmente mueve a mucha preocupaci\u00f3n\u201d, se quej\u00f3 S\u00e1nchez Padilla.<\/p>\n<p>A\u00f1adi\u00f3 que, adem\u00e1s, en el Congreso cinco de sus miembros est\u00e1n siendo sometidos e \u00a0investigados por problemas de lavado, por lo que piden que los partidos sean m\u00e1s cuidadosos a la hora de seleccionar sus candidatos.<\/p>\n<p>S\u00e1nchez Padilla apunt\u00f3 que los partidos deben entender que elegir un precandidato o candidato por los recursos econ\u00f3micos que posea, va decepcionando a la militancia y esto mueve a que se vayan de la organizaci\u00f3n pol\u00edtica.<\/p>\n<p>\u201cLos partidos tienen que entender que por el bien del pa\u00eds y de la existencia de ellos mismos, tienen que preservar esa democracia interna y dar la oportunidad a sus bases\u2026 que sepan que tienen esa posibilidad en cuanto a su capacidad\u201d, dijo S\u00e1nchez Padilla.<\/p>\n<p><strong>Resoluciones de la JCE sobre reservas de candidaturas<\/strong><\/p>\n<p>A prop\u00f3sito de las dos resoluciones que emiti\u00f3 la Junta Central Electoral (JCE) sobre las reservas de candidaturas, la coordinadora de PC dijo que, en la segunda, se mantiene lo del 20 % por nivel de elecci\u00f3n y por demarcaci\u00f3n.<\/p>\n<p>\u201cAh\u00ed lo que se aclar\u00f3, b\u00e1sicamente, fue lo concerniente a los acuerdos entre los partidos, las alianzas. La JCE s\u00ed aclar\u00f3 que las alianzas pod\u00edan ser, tanto por las cuotas del 20 %, como a nivel interno de los partidos\u201d, extern\u00f3 S\u00e1nchez Padilla.<\/p>\n<p>Dijo que lo interesante es que las alianzas tienen que ser conocidas tambi\u00e9n por los organismos internos de los partidos, lo que indica que con eso se empieza a fortalecer la democracia interna de las organizaciones pol\u00edticas, lo que consider\u00f3 un paso de avance.<\/p>\n<p>Se\u00f1al\u00f3 que de no emitirse resoluciones como esta se ver\u00eda afectada la militancia interna de las organizaciones pol\u00edticas, y que ellos como PC lo que deben hacer es presionar para que se avance en ese sentido.<\/p>\n<p>\u201cNosotros lo que tenemos que servir es de presi\u00f3n, porque el 40 % de la mujer es un logro, porque ya somos m\u00e1s del 50 % de la poblaci\u00f3n, pero al menos hemos ido caminando\u2026 Desde las sufragistas, es mucho lo que hemos avanzado y hemos logrado, pero sobre la base de una lucha tit\u00e1nica\u201d, rememor\u00f3.<\/p>\n<figure class=\"wp-block-image size-large\"><img decoding=\"async\" class=\"wp-image-443071 lazyload\" data-src=\"http:\/\/diariodominicano.com\/wp-content\/uploads\/2023\/05\/2.-Lizzie-Sanchez-1024x804.jpg\" data-sizes=\"(max-width: 1024px) 100vw, 1024px\" data-srcset=\"https:\/\/diariodominicano.com\/wp-content\/uploads\/2023\/05\/2.-Lizzie-Sanchez-1024x804.jpg 1024w, https:\/\/diariodominicano.com\/wp-content\/uploads\/2023\/05\/2.-Lizzie-Sanchez-300x236.jpg 300w, https:\/\/diariodominicano.com\/wp-content\/uploads\/2023\/05\/2.-Lizzie-Sanchez-768x603.jpg 768w, https:\/\/diariodominicano.com\/wp-content\/uploads\/2023\/05\/2.-Lizzie-Sanchez-1536x1206.jpg 1536w, https:\/\/diariodominicano.com\/wp-content\/uploads\/2023\/05\/2.-Lizzie-Sanchez-816x641.jpg 816w, https:\/\/diariodominicano.com\/wp-content\/uploads\/2023\/05\/2.-Lizzie-Sanchez.jpg 1600w\" alt=\"\" width=\"1024\" height=\"804\" src=\"data:image\/svg+xml;base64,PHN2ZyB3aWR0aD0iMSIgaGVpZ2h0PSIxIiB4bWxucz0iaHR0cDovL3d3dy53My5vcmcvMjAwMC9zdmciPjwvc3ZnPg==\" style=\"--smush-placeholder-width: 1024px; --smush-placeholder-aspect-ratio: 1024\/804;\" \/><figcaption>Lizzie S\u00e1nchez Padilla<\/figcaption><\/figure>\n<p>La CC no ha hecho su papel<\/p>\n<p>Sobre los incidentes internos que prevalecen en la C\u00e1mara de Cuentas, la coordinadora de PC, coment\u00f3 que a trav\u00e9s de la historia no se ha hecho el trabajo que debe hacerse desde all\u00ed.<\/p>\n<p>\u201cLa CC no ha hecho el papel que tiene que hacer y es fundamental para el fortalecimiento de las instituciones, para la lucha contra la corrupci\u00f3n y la impunidad\u201d, precis\u00f3 S\u00e1nchez Padilla, quien dijo que esto no se ha solucionado porque \u201clamentablemente porque se ha visto permeada por los pol\u00edticos y los intereses econ\u00f3micos\u201d.<\/p>\n<p>Dijo que quiz\u00e1s esa crisis de la CC que ha salido a la luz p\u00fablica, sirva para salir de esa situaci\u00f3n y razon\u00f3 que a esta gesti\u00f3n le queda muy poco, por lo que ser\u00eda traum\u00e1tico cambiarla ahora y entiende que lo mejor es dejarla terminar y para la pr\u00f3xima buscar mejores perfiles.<\/p>\n<p>Sobre el fiscal electoral, figura que estar\u00e1 presente para las pr\u00f3ximas elecciones, la coordinadora de Participaci\u00f3n Ciudadana, Lizzie Castillo, dijo que espera que en poco tiempo ya se defina qui\u00e9n ser\u00e1.<\/p>\n<p>&nbsp;<\/p>\n<p>Fuente: Diario Dominicano<\/p>\n","protected":false},"excerpt":{"rendered":"<p>Santo Domingo, RD.- La coordinadora de Participaci\u00f3n Ciudadana, Lizzie S\u00e1nchez Padilla, adelant\u00f3 que para estas<\/p>\n","protected":false},"author":4,"featured_media":0,"comment_status":"open","ping_status":"open","sticky":false,"template":"","format":"standard","meta":{"footnotes":""},"categories":[7,12],"tags":[],"class_list":["post-5093","post","type-post","status-publish","format-standard","hentry","category-nacionales","category-politicas"],"_links":{"self":[{"href":"https:\/\/defrentealaverdad.com\/index.php\/wp-json\/wp\/v2\/posts\/5093","targetHints":{"allow":["GET"]}}],"collection":[{"href":"https:\/\/defrentealaverdad.com\/index.php\/wp-json\/wp\/v2\/posts"}],"about":[{"href":"https:\/\/defrentealaverdad.com\/index.php\/wp-json\/wp\/v2\/types\/post"}],"author":[{"embeddable":true,"href":"https:\/\/defrentealaverdad.com\/index.php\/wp-json\/wp\/v2\/users\/4"}],"replies":[{"embeddable":true,"href":"https:\/\/defrentealaverdad.com\/index.php\/wp-json\/wp\/v2\/comments?post=5093"}],"version-history":[{"count":1,"href":"https:\/\/defrentealaverdad.com\/index.php\/wp-json\/wp\/v2\/posts\/5093\/revisions"}],"predecessor-version":[{"id":5094,"href":"https:\/\/defrentealaverdad.com\/index.php\/wp-json\/wp\/v2\/posts\/5093\/revisions\/5094"}],"wp:attachment":[{"href":"https:\/\/defrentealaverdad.com\/index.php\/wp-json\/wp\/v2\/media?parent=5093"}],"wp:term":[{"taxonomy":"category","embeddable":true,"href":"https:\/\/defrentealaverdad.com\/index.php\/wp-json\/wp\/v2\/categories?post=5093"},{"taxonomy":"post_tag","embeddable":true,"href":"https:\/\/defrentealaverdad.com\/index.php\/wp-json\/wp\/v2\/tags?post=5093"}],"curies":[{"name":"wp","href":"https:\/\/api.w.org\/{rel}","templated":true}]}}