{"id":50874,"date":"2025-10-17T17:03:36","date_gmt":"2025-10-17T17:03:36","guid":{"rendered":"https:\/\/defrentealaverdad.com\/?p=50874"},"modified":"2025-10-18T17:06:24","modified_gmt":"2025-10-18T17:06:24","slug":"semma-realiza-caminata-en-contra-del-cancer-de-mama","status":"publish","type":"post","link":"https:\/\/defrentealaverdad.com\/index.php\/2025\/10\/17\/semma-realiza-caminata-en-contra-del-cancer-de-mama\/","title":{"rendered":"SEMMA realiza caminata en contra del c\u00e1ncer de mama"},"content":{"rendered":"<p style=\"text-align: justify;\">Santo Domingo, octubre 2025. En el marco conmemorativo de la lucha contra el c\u00e1ncer de mama, la Administradora de Riesgos de Salud para Maestros (ARS SEMMA) realiz\u00f3 la caminata: \u201cLa Educaci\u00f3n se viste de rosa\u201d, con el prop\u00f3sito de promover la concienciaci\u00f3n sobre la prevenci\u00f3n, detecci\u00f3n temprana y tratamiento oportuno de esta enfermedad.<\/p>\n<p style=\"text-align: justify;\">La actividad estuvo encabezada por el Dr. Luis Ren\u00e9 Cana\u00e1n Rojas, titular de la entidad, quien realiz\u00f3 un llamado a la poblaci\u00f3n a realizarse sus chequeos rutinarios y exhort\u00f3, a quienes padecen la enfermedad, a mantenerse en pie de lucha, en especial se dirigi\u00f3 a los afiliados de ARS SEMMA: \u201cSi te llega un diagn\u00f3stico de c\u00e1ncer, tu ARS estar\u00e1 a tu lado, acompa\u00f1\u00e1ndote en el proceso, sabemos que es una enfermedad terrible, pero es una batalla que tenemos que librar hasta vencerla.\u201d<\/p>\n<p style=\"text-align: justify;\">La jornada cont\u00f3 con la participaci\u00f3n de autoridades y personalidades del \u00e1mbito gubernamental y de salud, entre quienes se destacaron la Licda. Mar\u00eda Mercedes Ortiz Dilon\u00e9, senadora por la provincia Hermanas Mirabal, El Lic. Diego Pesqueira, encargado de Relaciones P\u00fablicas y Comunicaciones del Ministerio de Educaci\u00f3n, el equipo administrativo y m\u00e9dico de la ARS SEMMA y del Hospital Docente Semma Santo Domingo, entre otros invitados.<\/p>\n<p style=\"text-align: justify;\">Seg\u00fan cifras del a\u00f1o 2023, 59.1% de cada 100,000 mujeres en Rep\u00fablica Dominicana padeci\u00f3 c\u00e1ncer de mama, seg\u00fan datos del Observatorio Global de C\u00e1ncer (Globocan).<\/p>\n<p>Fuente: ARS SEMMA<\/p>\n<p>&nbsp;<\/p>\n<p>&nbsp;<\/p>\n<p>&nbsp;<\/p>\n<p>&nbsp;<\/p>\n","protected":false},"excerpt":{"rendered":"<p>Santo Domingo, octubre 2025. En el marco conmemorativo de la lucha contra el c\u00e1ncer de<\/p>\n","protected":false},"author":4,"featured_media":50875,"comment_status":"open","ping_status":"open","sticky":false,"template":"","format":"standard","meta":{"footnotes":""},"categories":[7],"tags":[],"class_list":["post-50874","post","type-post","status-publish","format-standard","has-post-thumbnail","hentry","category-nacionales"],"_links":{"self":[{"href":"https:\/\/defrentealaverdad.com\/index.php\/wp-json\/wp\/v2\/posts\/50874","targetHints":{"allow":["GET"]}}],"collection":[{"href":"https:\/\/defrentealaverdad.com\/index.php\/wp-json\/wp\/v2\/posts"}],"about":[{"href":"https:\/\/defrentealaverdad.com\/index.php\/wp-json\/wp\/v2\/types\/post"}],"author":[{"embeddable":true,"href":"https:\/\/defrentealaverdad.com\/index.php\/wp-json\/wp\/v2\/users\/4"}],"replies":[{"embeddable":true,"href":"https:\/\/defrentealaverdad.com\/index.php\/wp-json\/wp\/v2\/comments?post=50874"}],"version-history":[{"count":2,"href":"https:\/\/defrentealaverdad.com\/index.php\/wp-json\/wp\/v2\/posts\/50874\/revisions"}],"predecessor-version":[{"id":50877,"href":"https:\/\/defrentealaverdad.com\/index.php\/wp-json\/wp\/v2\/posts\/50874\/revisions\/50877"}],"wp:featuredmedia":[{"embeddable":true,"href":"https:\/\/defrentealaverdad.com\/index.php\/wp-json\/wp\/v2\/media\/50875"}],"wp:attachment":[{"href":"https:\/\/defrentealaverdad.com\/index.php\/wp-json\/wp\/v2\/media?parent=50874"}],"wp:term":[{"taxonomy":"category","embeddable":true,"href":"https:\/\/defrentealaverdad.com\/index.php\/wp-json\/wp\/v2\/categories?post=50874"},{"taxonomy":"post_tag","embeddable":true,"href":"https:\/\/defrentealaverdad.com\/index.php\/wp-json\/wp\/v2\/tags?post=50874"}],"curies":[{"name":"wp","href":"https:\/\/api.w.org\/{rel}","templated":true}]}}