{"id":50800,"date":"2025-10-17T19:17:57","date_gmt":"2025-10-17T19:17:57","guid":{"rendered":"https:\/\/defrentealaverdad.com\/?p=50800"},"modified":"2025-10-18T03:24:36","modified_gmt":"2025-10-18T03:24:36","slug":"rumba-y-calle-fest-2025-se-reprograma-para-diciembre-y-anuncia-una-edicion-mas-grande","status":"publish","type":"post","link":"https:\/\/defrentealaverdad.com\/index.php\/2025\/10\/17\/rumba-y-calle-fest-2025-se-reprograma-para-diciembre-y-anuncia-una-edicion-mas-grande\/","title":{"rendered":"Rumba y Calle Fest 2025 se reprograma para diciembre y anuncia una edici\u00f3n m\u00e1s grande"},"content":{"rendered":"<div style=\"text-align: justify;\">\n<p><strong>Santo Domingo, R.D., octubre de 2025.<\/strong> La producci\u00f3n general del Rumba y Calle Fest 2025 informa al p\u00fablico que las fechas del festival han sido reprogramadas para el mes de diciembre, con el prop\u00f3sito de ofrecer una experiencia m\u00e1s completa y fortalecer su propuesta art\u00edstica en cada provincia.<\/p>\n<p>El cambio se produce en un momento de gran proyecci\u00f3n para varios de los artistas participantes, incluyendo a La Perversa, quien forma parte del elenco del reality show La Casa de Alofoke. Este hecho aporta una valiosa exposici\u00f3n medi\u00e1tica al movimiento urbano dominicano y coincide con la visi\u00f3n del festival de impulsar el talento nacional hacia nuevas audiencias.<\/p>\n<p>El Rumba y Calle Fest 2025 mantiene su potente alineaci\u00f3n oficial, integrada por La Perversa, El Mayor Cl\u00e1sico, Lil Naay, Jezzy \u201cEl Chef de los Versos\u201d, La Baby, Joyzyzz y Puyalo Pantera, junto a los DJs Odysseus y V\u00edctor, adem\u00e1s de artistas invitados en cada parada.<\/p>\n<p>Asimismo, la producci\u00f3n confirm\u00f3 la incorporaci\u00f3n de un artista internacional del g\u00e9nero dembow, lo que elevar\u00e1 el nivel del espect\u00e1culo y reafirma el compromiso del festival con la excelencia y la diversidad musical.<\/p>\n<p><strong>Nuevas fechas oficiales<\/strong><\/p>\n<ul>\n<li>viernes 5 de diciembre \u2013 Yamas\u00e1<\/li>\n<li>viernes 12 de diciembre \u2013 Hig\u00fcey<\/li>\n<li>s\u00e1bado 13 de diciembre \u2013 Ver\u00f3n<\/li>\n<li>domingo 14 de diciembre \u2013 Hato Mayor<\/li>\n<li>viernes 19 de diciembre \u2013 Haina<\/li>\n<\/ul>\n<p><strong>Dos ciudades adicionales ser\u00e1n anunciadas pr\u00f3ximamente.<\/strong><\/p>\n<p>La producci\u00f3n inform\u00f3 adem\u00e1s que la fecha en Cotu\u00ed no se realizar\u00e1 este a\u00f1o debido a la indisponibilidad del lugar, pero ser\u00e1 incluida como parada especial en la pr\u00f3xima edici\u00f3n del festival.<\/p>\n<blockquote>\n<p style=\"text-align: center;\">\u201cEl movimiento urbano dominicano est\u00e1 viviendo un momento hist\u00f3rico, y queremos que Rumba y Calle Fest crezca junto con \u00e9l. Diciembre ser\u00e1 el mes donde la rumba y la calle se unan como nunca antes,\u201d expres\u00f3 la producci\u00f3n general de Mapa Negro S.R.L. y 7th Stage Agency.<\/p>\n<\/blockquote>\n<p>Las boletas adquiridas se mantienen v\u00e1lidas, y las preventas contin\u00faan disponibles a trav\u00e9s de www.boletosexpress.com. Para m\u00e1s informaci\u00f3n y actualizaciones, @rumbaycallefest.<\/p>\n<p>Fuente: M. Medios<\/p>\n<\/div>\n<div style=\"text-align: justify;\"><\/div>\n<div style=\"text-align: justify;\"><\/div>\n","protected":false},"excerpt":{"rendered":"<p>Santo Domingo, R.D., octubre de 2025. La producci\u00f3n general del Rumba y Calle Fest 2025<\/p>\n","protected":false},"author":1,"featured_media":50801,"comment_status":"open","ping_status":"open","sticky":false,"template":"","format":"standard","meta":{"footnotes":""},"categories":[6],"tags":[],"class_list":["post-50800","post","type-post","status-publish","format-standard","has-post-thumbnail","hentry","category-espectaculos"],"_links":{"self":[{"href":"https:\/\/defrentealaverdad.com\/index.php\/wp-json\/wp\/v2\/posts\/50800","targetHints":{"allow":["GET"]}}],"collection":[{"href":"https:\/\/defrentealaverdad.com\/index.php\/wp-json\/wp\/v2\/posts"}],"about":[{"href":"https:\/\/defrentealaverdad.com\/index.php\/wp-json\/wp\/v2\/types\/post"}],"author":[{"embeddable":true,"href":"https:\/\/defrentealaverdad.com\/index.php\/wp-json\/wp\/v2\/users\/1"}],"replies":[{"embeddable":true,"href":"https:\/\/defrentealaverdad.com\/index.php\/wp-json\/wp\/v2\/comments?post=50800"}],"version-history":[{"count":3,"href":"https:\/\/defrentealaverdad.com\/index.php\/wp-json\/wp\/v2\/posts\/50800\/revisions"}],"predecessor-version":[{"id":50804,"href":"https:\/\/defrentealaverdad.com\/index.php\/wp-json\/wp\/v2\/posts\/50800\/revisions\/50804"}],"wp:featuredmedia":[{"embeddable":true,"href":"https:\/\/defrentealaverdad.com\/index.php\/wp-json\/wp\/v2\/media\/50801"}],"wp:attachment":[{"href":"https:\/\/defrentealaverdad.com\/index.php\/wp-json\/wp\/v2\/media?parent=50800"}],"wp:term":[{"taxonomy":"category","embeddable":true,"href":"https:\/\/defrentealaverdad.com\/index.php\/wp-json\/wp\/v2\/categories?post=50800"},{"taxonomy":"post_tag","embeddable":true,"href":"https:\/\/defrentealaverdad.com\/index.php\/wp-json\/wp\/v2\/tags?post=50800"}],"curies":[{"name":"wp","href":"https:\/\/api.w.org\/{rel}","templated":true}]}}