{"id":50789,"date":"2025-10-17T17:06:30","date_gmt":"2025-10-17T17:06:30","guid":{"rendered":"https:\/\/defrentealaverdad.com\/?p=50789"},"modified":"2025-10-18T03:08:51","modified_gmt":"2025-10-18T03:08:51","slug":"denuncia-emprendedora-cultural-denuncia-retencion-de-fondos-y-falta-de-respuesta-por-parte-de-billet-y-banco-bhd","status":"publish","type":"post","link":"https:\/\/defrentealaverdad.com\/index.php\/2025\/10\/17\/denuncia-emprendedora-cultural-denuncia-retencion-de-fondos-y-falta-de-respuesta-por-parte-de-billet-y-banco-bhd\/","title":{"rendered":"\u00a1Denuncia! Emprendedora cultural denuncia retenci\u00f3n de fondos y falta de respuesta por parte de Billet y Banco BHD"},"content":{"rendered":"<p style=\"text-align: justify;\"><strong><img decoding=\"async\" class=\"size-medium wp-image-50791 alignright lazyload\" data-src=\"https:\/\/defrentealaverdad.com\/wp-content\/uploads\/2025\/10\/WhatsApp-Image-2025-10-17-at-23.06.03-139x300.jpeg\" alt=\"\" width=\"139\" height=\"300\" data-srcset=\"https:\/\/defrentealaverdad.com\/wp-content\/uploads\/2025\/10\/WhatsApp-Image-2025-10-17-at-23.06.03-139x300.jpeg 139w, https:\/\/defrentealaverdad.com\/wp-content\/uploads\/2025\/10\/WhatsApp-Image-2025-10-17-at-23.06.03-474x1024.jpeg 474w, https:\/\/defrentealaverdad.com\/wp-content\/uploads\/2025\/10\/WhatsApp-Image-2025-10-17-at-23.06.03-710x1536.jpeg 710w, https:\/\/defrentealaverdad.com\/wp-content\/uploads\/2025\/10\/WhatsApp-Image-2025-10-17-at-23.06.03.jpeg 740w\" data-sizes=\"(max-width: 139px) 100vw, 139px\" src=\"data:image\/svg+xml;base64,PHN2ZyB3aWR0aD0iMSIgaGVpZ2h0PSIxIiB4bWxucz0iaHR0cDovL3d3dy53My5vcmcvMjAwMC9zdmciPjwvc3ZnPg==\" style=\"--smush-placeholder-width: 139px; --smush-placeholder-aspect-ratio: 139\/300;\" \/>Santo Domingo, Rep\u00fablica Dominicana \u2014\u00a0 octubre de 2025. <\/strong>La escritora y gestora cultural Elsa B\u00e1ez, representante de Editora Poetas de la Era, denunci\u00f3 la retenci\u00f3n de fondos y la falta de respuesta por parte del servicio de pagos digitales Billet, vinculado al Banco BHD, luego de utilizar la plataforma durante su participaci\u00f3n en la Feria Internacional del Libro Santo Domingo 2025.<\/p>\n<p style=\"text-align: justify;\">B\u00e1ez explic\u00f3 que opt\u00f3 por ofrecer la opci\u00f3n de pago con tarjeta a los visitantes de su stand mediante el sistema Billet. Las primeras transacciones fueron acreditadas con normalidad, pero desde el tercer d\u00eda los dep\u00f3sitos dejaron de recibirse, a pesar de que las ventas continuaban.<\/p>\n<blockquote>\n<p style=\"text-align: center;\">\u201cDesde el 7 de octubre tengo abierta una reclamaci\u00f3n (Ticket No. 354518) con fecha de cierre para el 13 de octubre. Posteriormente, se gener\u00f3 un segundo reclamo (Ticket No. 355720) con fecha l\u00edmite el 16 de octubre. Han pasado ambas fechas y no he recibido ni el dep\u00f3sito de mi dinero ni una respuesta concreta. Solo repiten que el caso \u2018est\u00e1 en proceso\u2019\u201d, expres\u00f3 la afectada.<\/p>\n<\/blockquote>\n<p style=\"text-align: justify;\">Los montos retenidos corresponden a las ventas realizadas durante el evento, ingresos que \u2014seg\u00fan la denunciante\u2014 resultan esenciales para sostener las operaciones de su microempresa cultural.<\/p>\n<blockquote>\n<p style=\"text-align: center;\">\u201cEsta situaci\u00f3n afecta directamente a peque\u00f1os emprendedores y gestores culturales que confiamos en herramientas digitales para facilitar las ventas. Lo m\u00e1s grave es la falta de comunicaci\u00f3n y de responsabilidad por parte de la plataforma y del banco\u201d, agreg\u00f3 B\u00e1ez.<\/p>\n<\/blockquote>\n<p style=\"text-align: justify;\">La emprendedora exhorta a las autoridades competentes y a la Superintendencia de Bancos a intervenir y garantizar transparencia en los procesos de pago electr\u00f3nico, especialmente cuando se trata de negocios culturales o emergentes.<\/p>\n<p>&nbsp;<\/p>\n<p>Fuente: Denuncia enviada a nuestra redacci\u00f3n<\/p>\n","protected":false},"excerpt":{"rendered":"<p>Santo Domingo, Rep\u00fablica Dominicana \u2014\u00a0 octubre de 2025. La escritora y gestora cultural Elsa B\u00e1ez,<\/p>\n","protected":false},"author":1,"featured_media":50790,"comment_status":"open","ping_status":"open","sticky":false,"template":"","format":"standard","meta":{"footnotes":""},"categories":[7],"tags":[],"class_list":["post-50789","post","type-post","status-publish","format-standard","has-post-thumbnail","hentry","category-nacionales"],"_links":{"self":[{"href":"https:\/\/defrentealaverdad.com\/index.php\/wp-json\/wp\/v2\/posts\/50789","targetHints":{"allow":["GET"]}}],"collection":[{"href":"https:\/\/defrentealaverdad.com\/index.php\/wp-json\/wp\/v2\/posts"}],"about":[{"href":"https:\/\/defrentealaverdad.com\/index.php\/wp-json\/wp\/v2\/types\/post"}],"author":[{"embeddable":true,"href":"https:\/\/defrentealaverdad.com\/index.php\/wp-json\/wp\/v2\/users\/1"}],"replies":[{"embeddable":true,"href":"https:\/\/defrentealaverdad.com\/index.php\/wp-json\/wp\/v2\/comments?post=50789"}],"version-history":[{"count":1,"href":"https:\/\/defrentealaverdad.com\/index.php\/wp-json\/wp\/v2\/posts\/50789\/revisions"}],"predecessor-version":[{"id":50793,"href":"https:\/\/defrentealaverdad.com\/index.php\/wp-json\/wp\/v2\/posts\/50789\/revisions\/50793"}],"wp:featuredmedia":[{"embeddable":true,"href":"https:\/\/defrentealaverdad.com\/index.php\/wp-json\/wp\/v2\/media\/50790"}],"wp:attachment":[{"href":"https:\/\/defrentealaverdad.com\/index.php\/wp-json\/wp\/v2\/media?parent=50789"}],"wp:term":[{"taxonomy":"category","embeddable":true,"href":"https:\/\/defrentealaverdad.com\/index.php\/wp-json\/wp\/v2\/categories?post=50789"},{"taxonomy":"post_tag","embeddable":true,"href":"https:\/\/defrentealaverdad.com\/index.php\/wp-json\/wp\/v2\/tags?post=50789"}],"curies":[{"name":"wp","href":"https:\/\/api.w.org\/{rel}","templated":true}]}}