{"id":50777,"date":"2025-10-17T18:52:26","date_gmt":"2025-10-17T18:52:26","guid":{"rendered":"https:\/\/defrentealaverdad.com\/?p=50777"},"modified":"2025-10-18T02:53:48","modified_gmt":"2025-10-18T02:53:48","slug":"ministro-bonilla-realiza-encuentro-con-amigos-que-suman-en-el-hospital-clinico-quirurgico-dr-jose-joaquin-puello","status":"publish","type":"post","link":"https:\/\/defrentealaverdad.com\/index.php\/2025\/10\/17\/ministro-bonilla-realiza-encuentro-con-amigos-que-suman-en-el-hospital-clinico-quirurgico-dr-jose-joaquin-puello\/","title":{"rendered":"Ministro Bonilla realiza encuentro con \u201cAmigos que Suman\u201d en el Hospital Cl\u00ednico-Quir\u00fargico Dr. Jos\u00e9 Joaqu\u00edn Puello"},"content":{"rendered":"<blockquote>\n<p style=\"text-align: center;\">El encuentro \u201cAmigos que Suman\u201d permiti\u00f3 a l\u00edderes de distintos sectores conocer de cerca el impacto transformador del Hospital Cl\u00ednico-Quir\u00fargico Dr. Jos\u00e9 Joaqu\u00edn Puello, una obra que redefine la atenci\u00f3n en salud en el pa\u00eds.<\/p>\n<\/blockquote>\n<p style=\"text-align: justify;\"><strong>Santo Domingo.<\/strong> \u2013 El ministro de Vivienda y Edificaciones (MIVED), Carlos Bonilla, encabez\u00f3 un encuentro con el grupo \u201cAmigos que Suman\u201d, conformado por personalidades del \u00e1mbito pol\u00edtico, social y de la comunicaci\u00f3n, en el reci\u00e9n inaugurado Hospital General Cl\u00ednico-Quir\u00fargico Dr. Jos\u00e9 Joaqu\u00edn Puello, ubicado en la Ciudad Sanitaria Dr. Luis Eduardo Aybar.<\/p>\n<p style=\"text-align: justify;\">Durante la actividad, organizada por GALA Media Group, los asistentes participaron en un recorrido guiado por las modernas instalaciones del centro hospitalario, considerado uno de los m\u00e1s completos de la regi\u00f3n.<\/p>\n<p style=\"text-align: justify;\">Amigos que Suman es una iniciativa integrada por l\u00edderes y profesionales de diversos sectores, que se re\u00fanen peri\u00f3dicamente para intercambiar ideas y reconocer las acciones que impulsan el desarrollo del pa\u00eds. Bajo la coordinaci\u00f3n de GALA Media Group, esta plataforma busca visibilizar las transformaciones positivas que se producen en diferentes \u00e1reas nacionales.<\/p>\n<p style=\"text-align: justify;\">Al agradecer la visita, el ministro Carlos Bonilla destac\u00f3 los retos y desaf\u00edos que implic\u00f3 la culminaci\u00f3n de la Ciudad Sanitaria Dr. Luis Eduardo Aybar, en especial del Hospital Cl\u00ednico-Quir\u00fargico, que en el a\u00f1o 2020 se encontraba entre un 30 y un 35% de ejecuci\u00f3n.<\/p>\n<blockquote>\n<p style=\"text-align: center;\">\u201cGracias por acompa\u00f1arnos y constatar la inversi\u00f3n que ha realizado el Gobierno dominicano en este centro. Aqu\u00ed se refleja la calidad de las instalaciones, de los equipos m\u00e9dicos y del compromiso con la salud del pueblo dominicano. Cuidar y preservar este hospital es tarea de todos; es una inversi\u00f3n que debemos proteger para garantizar su sostenibilidad y servicio a las futuras generaciones\u201d, se\u00f1al\u00f3 Bonilla.<\/p>\n<\/blockquote>\n<p style=\"text-align: justify;\">Por su parte, el presidente de la Ciudad Sanitaria, doctor Jos\u00e9 Joaqu\u00edn Puello, asegur\u00f3 que el Hospital General Cl\u00ednico-Quir\u00fargico representa un hito en la infraestructura m\u00e9dica de la regi\u00f3n.<\/p>\n<blockquote>\n<p style=\"text-align: center;\">\u201cHe visitado grandes hospitales en el mundo, y puedo afirmar sin temor a equivocarme que, para encontrar un hospital con estas condiciones, hay que viajar muy al norte\u201d, expres\u00f3 el reconocido m\u00e9dico.<\/p>\n<\/blockquote>\n<p style=\"text-align: justify;\">El doctor Puello tambi\u00e9n destac\u00f3 el car\u00e1cter docente y la calidad de las condiciones creadas para los profesionales de la salud y estudiantes de medicina:<\/p>\n<p style=\"text-align: justify;\">\u201cEste hospital cuenta con 196 camas y habitaciones para residentes, algo poco com\u00fan en los hospitales del pa\u00eds. Adem\u00e1s, los m\u00e9dicos y residentes que trabajan aqu\u00ed no pagan por su alimentaci\u00f3n, ya que el hospital se la provee gratuitamente. Es una pr\u00e1ctica nueva en nuestro sistema hospitalario.\u201d<\/p>\n<blockquote>\n<p style=\"text-align: center;\">\u201cComo hospital docente, hemos firmado acuerdos con las cinco principales escuelas de medicina del pa\u00eds, que enviar\u00e1n a sus estudiantes a entrenarse con nosotros. Tendremos aqu\u00ed a j\u00f3venes en formaci\u00f3n, participando de manera activa en los procesos cl\u00ednicos, observando y aprendiendo de la pr\u00e1ctica diaria.\u201d<\/p>\n<\/blockquote>\n<p style=\"text-align: justify;\">El moderno Hospital General Cl\u00ednico-Quir\u00fargico Dr. Jos\u00e9 Joaqu\u00edn Puello, construido por el Ministerio de Vivienda y Edificaciones (MIVED) e inaugurado recientemente por el presidente Luis Abinader, cuenta con 232 camas de hospitalizaci\u00f3n, 14 quir\u00f3fanos, 48 cub\u00edculos de hemodi\u00e1lisis, \u00e1reas de cuidados intensivos, maternidad, pediatr\u00eda, consultas externas y residencias m\u00e9dicas, consolid\u00e1ndose como un centro docente y asistencial de referencia en el Caribe.<\/p>\n<p style=\"text-align: justify;\">Durante la actual gesti\u00f3n, el MIVED ha habilitado m\u00e1s de mil camas hospitalarias a nivel nacional, mediante reformas y nuevas construcciones en hospitales como el Padre Billini, Incart, Mario Tolentino Dipp, Antonio Musa, Cabral y B\u00e1ez, y los hospitales traumatol\u00f3gicos de Hig\u00fcey, Jarabacoa y San Crist\u00f3bal.<\/p>\n<p style=\"text-align: justify;\">El Hospital General Cl\u00ednico-Quir\u00fargico Dr. Jos\u00e9 Joaqu\u00edn Puello ofrecer\u00e1 atenci\u00f3n gratuita y especializada a todos los pacientes que lo requieran, reafirmando el compromiso del Gobierno dominicano con la salud y el bienestar de su gente.<\/p>\n<p style=\"text-align: justify;\"><strong>Sobre GALA Media Group<\/strong><\/p>\n<p style=\"text-align: justify;\">GALA Media Group es una reconocida plataforma de comunicaci\u00f3n y an\u00e1lisis con presencia nacional, valorada por ofrecer contenidos informativos de alta calidad y utilidad para diversos sectores de la sociedad. Su portafolio incluye diez marcas, entre ellas dos de las revistas m\u00e1s influyentes del pa\u00eds: Revista Business y Revista Gala.<\/p>\n<p>Fuente: \u00a0GALA Media Group<\/p>\n","protected":false},"excerpt":{"rendered":"<p>El encuentro \u201cAmigos que Suman\u201d permiti\u00f3 a l\u00edderes de distintos sectores conocer de cerca el<\/p>\n","protected":false},"author":1,"featured_media":50778,"comment_status":"open","ping_status":"open","sticky":false,"template":"","format":"standard","meta":{"footnotes":""},"categories":[221],"tags":[],"class_list":["post-50777","post","type-post","status-publish","format-standard","has-post-thumbnail","hentry","category-salud"],"_links":{"self":[{"href":"https:\/\/defrentealaverdad.com\/index.php\/wp-json\/wp\/v2\/posts\/50777","targetHints":{"allow":["GET"]}}],"collection":[{"href":"https:\/\/defrentealaverdad.com\/index.php\/wp-json\/wp\/v2\/posts"}],"about":[{"href":"https:\/\/defrentealaverdad.com\/index.php\/wp-json\/wp\/v2\/types\/post"}],"author":[{"embeddable":true,"href":"https:\/\/defrentealaverdad.com\/index.php\/wp-json\/wp\/v2\/users\/1"}],"replies":[{"embeddable":true,"href":"https:\/\/defrentealaverdad.com\/index.php\/wp-json\/wp\/v2\/comments?post=50777"}],"version-history":[{"count":1,"href":"https:\/\/defrentealaverdad.com\/index.php\/wp-json\/wp\/v2\/posts\/50777\/revisions"}],"predecessor-version":[{"id":50779,"href":"https:\/\/defrentealaverdad.com\/index.php\/wp-json\/wp\/v2\/posts\/50777\/revisions\/50779"}],"wp:featuredmedia":[{"embeddable":true,"href":"https:\/\/defrentealaverdad.com\/index.php\/wp-json\/wp\/v2\/media\/50778"}],"wp:attachment":[{"href":"https:\/\/defrentealaverdad.com\/index.php\/wp-json\/wp\/v2\/media?parent=50777"}],"wp:term":[{"taxonomy":"category","embeddable":true,"href":"https:\/\/defrentealaverdad.com\/index.php\/wp-json\/wp\/v2\/categories?post=50777"},{"taxonomy":"post_tag","embeddable":true,"href":"https:\/\/defrentealaverdad.com\/index.php\/wp-json\/wp\/v2\/tags?post=50777"}],"curies":[{"name":"wp","href":"https:\/\/api.w.org\/{rel}","templated":true}]}}