{"id":5071,"date":"2023-05-28T13:36:10","date_gmt":"2023-05-28T13:36:10","guid":{"rendered":"https:\/\/defrentealaverdad.com\/?p=5071"},"modified":"2023-05-29T13:36:53","modified_gmt":"2023-05-29T13:36:53","slug":"abel-martinez-felicita-a-las-madres-dominicanas-en-su-dia","status":"publish","type":"post","link":"https:\/\/defrentealaverdad.com\/index.php\/2023\/05\/28\/abel-martinez-felicita-a-las-madres-dominicanas-en-su-dia\/","title":{"rendered":"Abel Mart\u00ednez felicita a las madres dominicanas en su dia."},"content":{"rendered":"<p><img decoding=\"async\" class=\"aligncenter lazyload\" data-src=\"https:\/\/vanguardiadelpueblo.do\/wp-content\/uploads\/2023\/05\/wswe.png\" src=\"data:image\/svg+xml;base64,PHN2ZyB3aWR0aD0iMSIgaGVpZ2h0PSIxIiB4bWxucz0iaHR0cDovL3d3dy53My5vcmcvMjAwMC9zdmciPjwvc3ZnPg==\" \/><\/p>\n<p>\u201cUn saludo sentido a todas las madres dominicanas en su d\u00eda. Y un abrazo en el cielo a mi madre\u201d, fueron las palabras con las que el candidato presidencial por el Partido de la Liberaci\u00f3n Dominicana (PLD) Abel Mart\u00ednez, felicit\u00f3 a las madres dominicanas en la celebraci\u00f3n del Dia de la Madres, que en Rep\u00fablica Dominicana corresponde al \u00faltimo domingo de mayo<\/p>\n<p>Desde su cuenta de la red social Twitter, Abel Mart\u00ednez public\u00f3 un emotivo video de su madre en vida, cantando y conversando con su hijo menor, a quien le dice \u201cestoy feliz chiquito m\u00edo\u201d.<\/p>\n<p>\u201cEl amor m\u00e1s grande de la tierra es el que siente una madre por su hijo. Le pido a Dios que te ayude porque yo s\u00e9 que si tu ganas va a ganar el pa\u00eds, no yo, ni t\u00fa; el pa\u00eds\u201d, a lo que Abel responde: \u201cAm\u00e9n, Mamita\u201d, mientras est\u00e1 sentado junto al regazo de su progenitora.<\/p>\n<p>Do\u00f1a M\u00e9lida Dur\u00e1n falleci\u00f3 el domingo 14 de mayo, sepultada al d\u00eda siguiente. Su velatorio y sepelio constituy\u00f3 un vivo ejemplo de solidaridad y unidad de la familia dominicana<\/p>\n<p>Fuente: Vanguardia del Pueblo<\/p>\n","protected":false},"excerpt":{"rendered":"<p>\u201cUn saludo sentido a todas las madres dominicanas en su d\u00eda. Y un abrazo en<\/p>\n","protected":false},"author":1,"featured_media":0,"comment_status":"open","ping_status":"open","sticky":false,"template":"","format":"standard","meta":{"footnotes":""},"categories":[7],"tags":[],"class_list":["post-5071","post","type-post","status-publish","format-standard","hentry","category-nacionales"],"_links":{"self":[{"href":"https:\/\/defrentealaverdad.com\/index.php\/wp-json\/wp\/v2\/posts\/5071","targetHints":{"allow":["GET"]}}],"collection":[{"href":"https:\/\/defrentealaverdad.com\/index.php\/wp-json\/wp\/v2\/posts"}],"about":[{"href":"https:\/\/defrentealaverdad.com\/index.php\/wp-json\/wp\/v2\/types\/post"}],"author":[{"embeddable":true,"href":"https:\/\/defrentealaverdad.com\/index.php\/wp-json\/wp\/v2\/users\/1"}],"replies":[{"embeddable":true,"href":"https:\/\/defrentealaverdad.com\/index.php\/wp-json\/wp\/v2\/comments?post=5071"}],"version-history":[{"count":1,"href":"https:\/\/defrentealaverdad.com\/index.php\/wp-json\/wp\/v2\/posts\/5071\/revisions"}],"predecessor-version":[{"id":5072,"href":"https:\/\/defrentealaverdad.com\/index.php\/wp-json\/wp\/v2\/posts\/5071\/revisions\/5072"}],"wp:attachment":[{"href":"https:\/\/defrentealaverdad.com\/index.php\/wp-json\/wp\/v2\/media?parent=5071"}],"wp:term":[{"taxonomy":"category","embeddable":true,"href":"https:\/\/defrentealaverdad.com\/index.php\/wp-json\/wp\/v2\/categories?post=5071"},{"taxonomy":"post_tag","embeddable":true,"href":"https:\/\/defrentealaverdad.com\/index.php\/wp-json\/wp\/v2\/tags?post=5071"}],"curies":[{"name":"wp","href":"https:\/\/api.w.org\/{rel}","templated":true}]}}