{"id":50645,"date":"2025-10-13T19:12:01","date_gmt":"2025-10-13T19:12:01","guid":{"rendered":"https:\/\/defrentealaverdad.com\/?p=50645"},"modified":"2025-10-15T02:13:46","modified_gmt":"2025-10-15T02:13:46","slug":"acroarte-celebra-exito-del-proyecto-sonan-do","status":"publish","type":"post","link":"https:\/\/defrentealaverdad.com\/index.php\/2025\/10\/13\/acroarte-celebra-exito-del-proyecto-sonan-do\/","title":{"rendered":"Acroarte celebra \u00e9xito del proyecto Sonan-do"},"content":{"rendered":"<p style=\"text-align: justify;\">La Asociaci\u00f3n de Cronistas de Arte (Acroarte) celebra el impacto y la acogida del proyecto \u201cSonan-do\u201d, en su puesta en escena en las provincias de la zona Fronteriza.<\/p>\n<p style=\"text-align: justify;\">Este proyecto -coordinado por Pochy Familia- en representaci\u00f3n de una alianza estrat\u00e9gica de los organismos de gesti\u00f3n colectiva en sinergia con varias instituciones del estado, enarbola la m\u00fasica nacional desde su g\u00e9nesis que son sus creadores y con la presencia de artistas y agrupaciones populares.<\/p>\n<p style=\"text-align: justify;\">\u201cCon \u2018Sonan-do\u2019 se est\u00e1 sembrando la m\u00fasica dominicana de forma presencial en los corazones de las poblaciones de estas provincias vulnerables, que tradicionalmente no son tomadas en cuenta, por lo cual pocas veces tienen la oportunidad de disfrutar propuestas culturales, de tanta autenticidad y significaci\u00f3n, como esta\u201d, expres\u00f3 en su ponderaci\u00f3n Marivell Contreras, presidente de Acroarte.<\/p>\n<p style=\"text-align: justify;\">Con Sonan-do, la m\u00fasica popular dominicana toma el espacio de las distintas provincias fronterizas con artistas y creadores de merengue y bachata entre otros g\u00e9neros que tambi\u00e9n forman parte de una iniciativa mayor como la de \u201cLas Buenas Palabras\u201d, del Ministerio de Cultura y el rescate del espacio radioel\u00e9ctrico para las frecuencias de nuestras emisoras a cargo de INDOTEL.<\/p>\n<p style=\"text-align: justify;\">El listado de artistas que continuar\u00e1n visitando y actuando en la zona es tan amplio como las entidades estatales y las agencias de gesti\u00f3n entre las que destacan la Sociedad Dominicana de Artistas Int\u00e9rpretes y Ejecutantes (SODAIE), la Sociedad General de Autores, Compositores y Editores Dominicanos de M\u00fasica (SGACEDOM), la Entidad de Gesti\u00f3n Colectiva de los Arreglistas Musicales (EGECAM) y la Federaci\u00f3n Dominicana de la Industria Musical (FEDODIM), \u201ccuyos representantes velan porque se garantice la difusi\u00f3n de contenido musical dominicano de calidad tanto como la protecci\u00f3n y la promoci\u00f3n de los derechos de los autores y creadores del pa\u00eds \u201d, concluy\u00f3 Contreras.<\/p>\n<p>Fuente: Prensa ACROARTE<\/p>\n","protected":false},"excerpt":{"rendered":"<p>La Asociaci\u00f3n de Cronistas de Arte (Acroarte) celebra el impacto y la acogida del proyecto<\/p>\n","protected":false},"author":4,"featured_media":50646,"comment_status":"open","ping_status":"open","sticky":false,"template":"","format":"standard","meta":{"footnotes":""},"categories":[6],"tags":[],"class_list":["post-50645","post","type-post","status-publish","format-standard","has-post-thumbnail","hentry","category-espectaculos"],"_links":{"self":[{"href":"https:\/\/defrentealaverdad.com\/index.php\/wp-json\/wp\/v2\/posts\/50645","targetHints":{"allow":["GET"]}}],"collection":[{"href":"https:\/\/defrentealaverdad.com\/index.php\/wp-json\/wp\/v2\/posts"}],"about":[{"href":"https:\/\/defrentealaverdad.com\/index.php\/wp-json\/wp\/v2\/types\/post"}],"author":[{"embeddable":true,"href":"https:\/\/defrentealaverdad.com\/index.php\/wp-json\/wp\/v2\/users\/4"}],"replies":[{"embeddable":true,"href":"https:\/\/defrentealaverdad.com\/index.php\/wp-json\/wp\/v2\/comments?post=50645"}],"version-history":[{"count":1,"href":"https:\/\/defrentealaverdad.com\/index.php\/wp-json\/wp\/v2\/posts\/50645\/revisions"}],"predecessor-version":[{"id":50647,"href":"https:\/\/defrentealaverdad.com\/index.php\/wp-json\/wp\/v2\/posts\/50645\/revisions\/50647"}],"wp:featuredmedia":[{"embeddable":true,"href":"https:\/\/defrentealaverdad.com\/index.php\/wp-json\/wp\/v2\/media\/50646"}],"wp:attachment":[{"href":"https:\/\/defrentealaverdad.com\/index.php\/wp-json\/wp\/v2\/media?parent=50645"}],"wp:term":[{"taxonomy":"category","embeddable":true,"href":"https:\/\/defrentealaverdad.com\/index.php\/wp-json\/wp\/v2\/categories?post=50645"},{"taxonomy":"post_tag","embeddable":true,"href":"https:\/\/defrentealaverdad.com\/index.php\/wp-json\/wp\/v2\/tags?post=50645"}],"curies":[{"name":"wp","href":"https:\/\/api.w.org\/{rel}","templated":true}]}}