{"id":5064,"date":"2023-05-28T13:30:49","date_gmt":"2023-05-28T13:30:49","guid":{"rendered":"https:\/\/defrentealaverdad.com\/?p=5064"},"modified":"2023-05-29T13:32:06","modified_gmt":"2023-05-29T13:32:06","slug":"presidente-de-anje-apoya-ley-de-primer-empleo-y-pide-abordar-el-pago-de-anticipo","status":"publish","type":"post","link":"https:\/\/defrentealaverdad.com\/index.php\/2023\/05\/28\/presidente-de-anje-apoya-ley-de-primer-empleo-y-pide-abordar-el-pago-de-anticipo\/","title":{"rendered":"Presidente de ANJE apoya ley de primer empleo y pide abordar el pago de anticipo"},"content":{"rendered":"<header id=\"mvp-post-head\" class=\"left relative\">\n<div class=\"mvp-author-info-wrap left relative\">\n<div class=\"mvp-author-info-text left relative\">\n<div class=\"mvp-author-info-name left relative\" style=\"text-align: justify;\"><img decoding=\"async\" class=\"attachment- size- wp-post-image lazyload\" data-src=\"https:\/\/www.ultimasnoticias.com.do\/wp-content\/uploads\/2023\/05\/NOTA-DE-PRENSA-2.jpg\" data-sizes=\"(max-width: 1600px) 100vw, 1600px\" data-srcset=\"https:\/\/www.ultimasnoticias.com.do\/wp-content\/uploads\/2023\/05\/NOTA-DE-PRENSA-2.jpg 1600w, https:\/\/www.ultimasnoticias.com.do\/wp-content\/uploads\/2023\/05\/NOTA-DE-PRENSA-2-300x169.jpg 300w, https:\/\/www.ultimasnoticias.com.do\/wp-content\/uploads\/2023\/05\/NOTA-DE-PRENSA-2-1024x576.jpg 1024w, https:\/\/www.ultimasnoticias.com.do\/wp-content\/uploads\/2023\/05\/NOTA-DE-PRENSA-2-768x432.jpg 768w, https:\/\/www.ultimasnoticias.com.do\/wp-content\/uploads\/2023\/05\/NOTA-DE-PRENSA-2-1536x864.jpg 1536w\" alt=\"\" width=\"1108\" height=\"623\" src=\"data:image\/svg+xml;base64,PHN2ZyB3aWR0aD0iMSIgaGVpZ2h0PSIxIiB4bWxucz0iaHR0cDovL3d3dy53My5vcmcvMjAwMC9zdmciPjwvc3ZnPg==\" style=\"--smush-placeholder-width: 1108px; --smush-placeholder-aspect-ratio: 1108\/623;\" \/><\/div>\n<\/div>\n<\/div>\n<\/header>\n<div id=\"mvp-post-content\" class=\"left relative\">\n<div id=\"mvp-content-wrap\" class=\"left relative\">\n<div id=\"mvp-content-body\" class=\"left relative\">\n<div id=\"mvp-content-body-top\" class=\"left relative\">\n<div id=\"mvp-content-main\" class=\"left relative\">\n<p style=\"text-align: justify;\">El presidente de la Asociaci\u00f3n Nacional de J\u00f3venes Empresarios (ANJE), Jaime Senior Fern\u00e1ndez, afirm\u00f3 que es necesario establecer la ley del primer empleo que cree incentivos fiscales para que las empresas contraten a personas que no est\u00e1n insertadas en el mercado laboral.<\/p>\n<p style=\"text-align: justify;\">Igualmente, el dirigente empresarial dijo que otra forma de inserci\u00f3n de los j\u00f3venes en la econom\u00eda es mediante sus propios emprendimientos, para lo que son necesarios incentivos fiscales, entre los que cit\u00f3 liberarlos del pago de anticipo.<\/p>\n<p style=\"text-align: justify;\">Sostuvo que todos los empresarios e inclusos funcionarios p\u00fablicos reconocen que el pago de anticipo lesiona la capacidad de los negocios, \u201cpero es una herramienta compleja porque le da mucho flujo al gobierno\u201d que sale de las empresas productivas.<\/p>\n<p style=\"text-align: justify;\">Entrevistado por Pablo McKinney en el programa \u201cMcKinney\u201d, por Color Visi\u00f3n, Senior Fern\u00e1ndez dijo que hay que plantearse buscar la forma acerca de c\u00f3mo abordar el anticipo, que en su opini\u00f3n forma parte de un tema m\u00e1s general de una reforma fiscal necesaria.<\/p>\n<p style=\"text-align: justify;\"><strong>Reforma fiscal<\/strong><\/p>\n<p style=\"text-align: justify;\">Senior Fern\u00e1ndez enumer\u00f3 los retrasos que a su juicio vive el pa\u00eds en materia tributaria y de gastos, entre los que cit\u00f3 la existencia de un C\u00f3digo Monetario y Financiero del a\u00f1o 1992 que se correspond\u00eda con una econom\u00eda agropecuaria con rasgos industriales, pero que ya no responde a una econom\u00eda m\u00e1s industrializada y de servicios, que no se resuelve con parches fiscales como los que se han hecho.<\/p>\n<p style=\"text-align: justify;\">Dijo que eso explica que la recaudaci\u00f3n del gobierno se sit\u00fae en solo 14%, mientras que el gasto monta al 16%, quedando ambas muy por debajo del promedio de Am\u00e9rica Latina.<\/p>\n<p style=\"text-align: justify;\">Senior Fern\u00e1ndez favoreci\u00f3 que se simplifique el sistema impositivo sin aumentar tasas para que el gobierno obtenga una mejor recaudaci\u00f3n y pueda disponer de mayor efectivo para sufragar los gastos.<\/p>\n<p style=\"text-align: justify;\">Explic\u00f3 que simplificando el sistema de cumplimiento tributario se puede ampliar la base impositiva, formalizar los negocios informales que ronda entre el 50 y el 60% y reducir la evasi\u00f3n.<\/p>\n<p style=\"text-align: justify;\">Aclar\u00f3 que la presi\u00f3n y el gasto son bajos, \u201cpero las tasas impositivas no son bajas, lo que quiere decir que si aumentamos las tasas, vamos a tener m\u00e1s informalidad y un efecto rebote al reducir las recaudaciones a largo plazo\u201d.<\/p>\n<p style=\"text-align: justify;\">Senior Fern\u00e1ndez advirti\u00f3 que si no hay voluntad pol\u00edtica de hacer una reforma fiscal luego de 10 a\u00f1os de la \u00faltima aprobada en 2012, \u201cnosotros como pa\u00eds no vamos a avanzar\u201d.<\/p>\n<p style=\"text-align: justify;\">Dijo que mientras en Am\u00e9rica Latina pa\u00edses se van a pique, en Rep\u00fablica Dominicana hay estabilidad pol\u00edtica y social porque aqu\u00ed todos los sectores dialogan y se resuelven los problemas contradictorios.<\/p>\n<p style=\"text-align: justify;\">Manifest\u00f3 que es necesario establecer una reforma fiscal que aborde la simplificaci\u00f3n tributaria, calidad de gastos y vigencia de exenciones fiscales para impulsar sectores econ\u00f3micos estrat\u00e9gicos.<\/p>\n<p style=\"text-align: justify;\">Reconoci\u00f3 que las exenciones tributarias representan una merma recaudatoria para el<\/p>\n<p style=\"text-align: justify;\">Estado, pero indic\u00f3 que \u201chay momentos en que el sector empresarial est\u00e1 en mejores condiciones para establecer industrias que el gobierno no puede hacer y que son estrat\u00e9gicas para la naci\u00f3n\u201d.<\/p>\n<p style=\"text-align: justify;\">Inform\u00f3 que la Red de emprendimiento nace por ley en 2016, ahora bajo el liderazgo de ANJE, con m\u00e1s de 50 participantes que impulsan la asistencia t\u00e9cnica, educativa a sus emprendimientos.<\/p>\n<p style=\"text-align: justify;\">Cit\u00f3 que hay acompa\u00f1amiento a emprendedores a trav\u00e9s del Ministerio de Industria,<\/p>\n<p style=\"text-align: justify;\">Comercio y Mipymes.<\/p>\n<p style=\"text-align: justify;\"><strong>Retos del pa\u00eds<\/strong><\/p>\n<p style=\"text-align: justify;\">El l\u00edder de ANJE sostiene que en Rep\u00fablica Dominicana todav\u00eda hay retos importantes para seguir impulsando el crecimiento, entre los que cit\u00f3 la necesidad de abordar los incentivos fiscales y la rigidez del C\u00f3digo Laboral.<\/p>\n<p style=\"text-align: justify;\">Consider\u00f3 que \u201cpara asegurar la paz social y el crecimiento sostenido y sostenible en nuestro pa\u00eds, tenemos que identificar las formas para reducir las brechas de desigualdad y a largo plazo, la forma de hacerlo es a trav\u00e9s de la educaci\u00f3n de calidad\u201d.<\/p>\n<p style=\"text-align: justify;\">Sostuvo que si no se invierte el 4% del PIB de la educaci\u00f3n en programas de calidad, no ser\u00e1 posible responder a la brecha de desigualdad que hay en el pa\u00eds.<\/p>\n<p style=\"text-align: justify;\">Como parte de los esfuerzos que hace ANJE para mejorar la educaci\u00f3n, Senior Fern\u00e1ndez cit\u00f3 un estudio comparativo que establece que las universidades del pa\u00eds est\u00e1n formando m\u00e1s profesionales de carreras que tienen baja demanda en el mercado y salarios menos competitivos, mientras las empresas requieren otro tipo de t\u00e9cnicos.<\/p>\n<p style=\"text-align: justify;\">Entre las carreras que siguen siendo masivas, el presidente de ANJE cit\u00f3 derecho, psicolog\u00eda, entre otras, mientras que la demanda mayor del mercado es tecnolog\u00eda, f\u00edsica, idiomas y matem\u00e1ticas, por las que se pagan mejores salarios.<\/p>\n<p style=\"text-align: justify;\">\u201cComo pa\u00eds necesitamos a esos ingenieros, a personas versadas en el ingl\u00e9s. Tenemos una gran demanda porque los sectores est\u00e1n creciendo ah\u00ed\u201d, apunt\u00f3 el dirigente empresarial.<\/p>\n<p style=\"text-align: justify;\">Inform\u00f3 que se han reunido con ministerios e institutos tecnol\u00f3gicos y all\u00ed se han dado cuenta que ellos realizan esfuerzos para incentivar la educaci\u00f3n t\u00e9cnica hacia los sectores que demanda el mercado.<\/p>\n<p style=\"text-align: justify;\">Reconoci\u00f3 que a nadie se le puede obligar a estudiar una carrera que no desea, pero en ANJE est\u00e1n empe\u00f1ados en \u201ccrear una demanda natural\u201d, mediante incentivos de mercados para que los estudiantes prefieran estas carreras.<\/p>\n<p style=\"text-align: justify;\"><strong>Debates electorales<\/strong><\/p>\n<p style=\"text-align: justify;\">Senior Fern\u00e1ndez manifest\u00f3 que ANJE promueve el debate electoral porque un candidato presidencial que no acepte debatir sus ideas, queda descartado como ciudadano.<\/p>\n<p style=\"text-align: justify;\">Dijo que cualquier candidato \u201ctiene que estar preparado para presentar sus propuestas\u201d y los ciudadanos deben demandarlos. \u201cVamos a tomar la palabra al presidente Luis Abinader para organizar el debate electoral\u201d, afirm\u00f3 Senior Fern\u00e1ndez, porque este tipo de exposiciones capta mayor atenci\u00f3n del electorado que cualquier propaganda publicitaria particular<\/p>\n<p>Fuente: Ultimas Noticias<\/p>\n<\/div>\n<\/div>\n<\/div>\n<\/div>\n<\/div>\n","protected":false},"excerpt":{"rendered":"<p>El presidente de la Asociaci\u00f3n Nacional de J\u00f3venes Empresarios (ANJE), Jaime Senior Fern\u00e1ndez, afirm\u00f3 que<\/p>\n","protected":false},"author":1,"featured_media":0,"comment_status":"open","ping_status":"open","sticky":false,"template":"","format":"standard","meta":{"footnotes":""},"categories":[7],"tags":[],"class_list":["post-5064","post","type-post","status-publish","format-standard","hentry","category-nacionales"],"_links":{"self":[{"href":"https:\/\/defrentealaverdad.com\/index.php\/wp-json\/wp\/v2\/posts\/5064","targetHints":{"allow":["GET"]}}],"collection":[{"href":"https:\/\/defrentealaverdad.com\/index.php\/wp-json\/wp\/v2\/posts"}],"about":[{"href":"https:\/\/defrentealaverdad.com\/index.php\/wp-json\/wp\/v2\/types\/post"}],"author":[{"embeddable":true,"href":"https:\/\/defrentealaverdad.com\/index.php\/wp-json\/wp\/v2\/users\/1"}],"replies":[{"embeddable":true,"href":"https:\/\/defrentealaverdad.com\/index.php\/wp-json\/wp\/v2\/comments?post=5064"}],"version-history":[{"count":1,"href":"https:\/\/defrentealaverdad.com\/index.php\/wp-json\/wp\/v2\/posts\/5064\/revisions"}],"predecessor-version":[{"id":5065,"href":"https:\/\/defrentealaverdad.com\/index.php\/wp-json\/wp\/v2\/posts\/5064\/revisions\/5065"}],"wp:attachment":[{"href":"https:\/\/defrentealaverdad.com\/index.php\/wp-json\/wp\/v2\/media?parent=5064"}],"wp:term":[{"taxonomy":"category","embeddable":true,"href":"https:\/\/defrentealaverdad.com\/index.php\/wp-json\/wp\/v2\/categories?post=5064"},{"taxonomy":"post_tag","embeddable":true,"href":"https:\/\/defrentealaverdad.com\/index.php\/wp-json\/wp\/v2\/tags?post=5064"}],"curies":[{"name":"wp","href":"https:\/\/api.w.org\/{rel}","templated":true}]}}