{"id":50516,"date":"2025-10-12T13:08:47","date_gmt":"2025-10-12T13:08:47","guid":{"rendered":"https:\/\/defrentealaverdad.com\/?p=50516"},"modified":"2025-10-12T22:10:20","modified_gmt":"2025-10-12T22:10:20","slug":"carolina-inspecciona-los-trabajos-que-desarrolla-la-alcaldia-del-dn-en-la-ciudad","status":"publish","type":"post","link":"https:\/\/defrentealaverdad.com\/index.php\/2025\/10\/12\/carolina-inspecciona-los-trabajos-que-desarrolla-la-alcaldia-del-dn-en-la-ciudad\/","title":{"rendered":"Carolina inspecciona los trabajos que desarrolla la Alcald\u00eda del DN en la ciudad"},"content":{"rendered":"<p style=\"text-align: justify;\">Santo Domingo, DN \u2013 Luego de recibir el reconocimiento en Turqu\u00eda por el Proyecto Ambiental Urbanizaci\u00f3n Fern\u00e1ndez, Carolina Mej\u00eda se mantiene supervisando los trabajos de las principales obras que se desarrollan actualmente en su gesti\u00f3n, tales como el bulevar de la avenida Pedro Livio Cede\u00f1o, Paseo 30 de Mayo, Malec\u00f3n Deportivo, parque Ta\u00edno Centenario e iluminaci\u00f3n y se\u00f1alizaci\u00f3n en la Zona Universitaria.<\/p>\n<p style=\"text-align: justify;\">Villas Agr\u00edcolas y el ensanche Luper\u00f3n ser\u00e1n los dos sectores m\u00e1s beneficiados de la transformaci\u00f3n en las marginales de la Pedro Livio y su parque, donde siguen avanzando las mejoras estructurales, paisaj\u00edsticas y de uso recreativo.<\/p>\n<p style=\"text-align: justify;\">En ese sentido, Mej\u00eda ha dado seguimiento de cerca a cada una de las ejecuciones que se han desarrollado para se cumplan los plazos establecidos y la calidad en los materiales y elementos sea la esperada.<\/p>\n<p style=\"text-align: justify;\">Carolina marca un antes y despu\u00e9s en el Malec\u00f3n SD<\/p>\n<p style=\"text-align: justify;\">En el Paseo 30 de Mayo, son visibles los avances de la ciclov\u00eda interna y del patin\u00f3dromo, entre otros inspeccionados por la alcaldesa junto al equipo de URBE. De acuerdo al plan de trabajo, esta importante obra deportiva y esparcimiento que forma parte del Plan Integrado de Santo Domingo, podr\u00e1 ser entregada en abril del a\u00f1o pr\u00f3ximo.<\/p>\n<p style=\"text-align: justify;\">La ejecutiva municipal tambi\u00e9n constat\u00f3 los trabajos que se han realizado en el Malec\u00f3n Deportivo, incluyendo caminos internos, la materializaci\u00f3n de las \u00e1reas comerciales, avances en canchas de futbol, s\u00e9pticos y la readecuaci\u00f3n del drenaje.<\/p>\n<blockquote>\n<p style=\"text-align: center;\">\u201cAgradeciendo el trabajo, pero sobre todo el cumplimiento de un cronograma que se est\u00e1 ejecutando de manera ejemplar\u201d, destac\u00f3.<\/p>\n<\/blockquote>\n<p>Zona Universitaria brilla por su seguridad<\/p>\n<p style=\"text-align: justify;\">Bajo las directrices de Carolina Mej\u00eda, esta semana la Zona Universitaria fue impactada por la sustituci\u00f3n y colocaci\u00f3n de m\u00e1s de 400 luminarias LED, que llenan de seguridad sus concurridas calles. Asimismo, las brigadas del ayuntamiento realizaron un amplio operativo de se\u00f1alizaci\u00f3n en el que colocaron nuevos letreros con los nombres de las calles.<\/p>\n<p>Un nuevo pulm\u00f3n para Los Cacicazgos<\/p>\n<p style=\"text-align: justify;\">Carolina tambi\u00e9n supervis\u00f3 los trabajos realizados en el parque Ta\u00edno Centenario, ubicado en Los Cacicazgos, donde pudo constatar que los avances en la construcci\u00f3n superan el 85 %, previendo que la inauguraci\u00f3n se produzca a finales de mes.<\/p>\n<p style=\"text-align: justify;\">Mej\u00eda fue recibida por un equipo de trabajo de la Alcald\u00eda del Distrito Nacional que le explic\u00f3 que la intervenci\u00f3n del parque conlleva m\u00e1s de 1,200 metros cuadrados de aceras y contenes.<\/p>\n<p style=\"text-align: justify;\">Adem\u00e1s, las brigadas del cabildo avanzan en la instalaci\u00f3n del \u00e1rea de juegos para ni\u00f1os, finalizaci\u00f3n del anfiteatro, verja perimetral, \u00e1rea de mascotas, instalaci\u00f3n de luminarias LED, colocaci\u00f3n de grama y poda de \u00e1rboles existentes.<\/p>\n<p style=\"text-align: justify;\">Carolina aprovech\u00f3 para conversar con moradores sobre las expectativas que les produce la recuperaci\u00f3n de este espacio.<\/p>\n<p style=\"text-align: justify;\">Con la finalidad de transformar a Santo Domingo en una ciudad m\u00e1s organizada y saludable, durante su gesti\u00f3n la ejecutiva municipal ha entregado m\u00e1s de 205 parques y plazas construidos y remozados, teniendo un gran impacto en vida de los residentes de los distintos sectores que han sido beneficiados con estos espacios propicios para el esparcimiento.<\/p>\n<p style=\"text-align: justify;\">Recientemente, Carolina hizo entrega del parque Ofelia, donde la Alcald\u00eda del Distrito Nacional revitaliz\u00f3 un \u00e1rea abandonada para convertirla en el coraz\u00f3n de la urbanizaci\u00f3n Ofelia; el Centro Comunal Dionisio Amparo, en Fundaci\u00f3n, donde se remoz\u00f3 el gazebo, se finalizaron las gradas, se colocaron puertas y ventanas a los ba\u00f1os; y La Glorieta, un espacio que ahora cuenta con verja perimetral e iluminaci\u00f3n para que los residentes de Cerros y Altos de Arroyo Hondo III lleven a cabo sus actividades de esparcimiento.<\/p>\n<p>Fuente: Prensa ADN<\/p>\n","protected":false},"excerpt":{"rendered":"<p>Santo Domingo, DN \u2013 Luego de recibir el reconocimiento en Turqu\u00eda por el Proyecto Ambiental<\/p>\n","protected":false},"author":1,"featured_media":50513,"comment_status":"open","ping_status":"open","sticky":false,"template":"","format":"standard","meta":{"footnotes":""},"categories":[7],"tags":[],"class_list":["post-50516","post","type-post","status-publish","format-standard","has-post-thumbnail","hentry","category-nacionales"],"_links":{"self":[{"href":"https:\/\/defrentealaverdad.com\/index.php\/wp-json\/wp\/v2\/posts\/50516","targetHints":{"allow":["GET"]}}],"collection":[{"href":"https:\/\/defrentealaverdad.com\/index.php\/wp-json\/wp\/v2\/posts"}],"about":[{"href":"https:\/\/defrentealaverdad.com\/index.php\/wp-json\/wp\/v2\/types\/post"}],"author":[{"embeddable":true,"href":"https:\/\/defrentealaverdad.com\/index.php\/wp-json\/wp\/v2\/users\/1"}],"replies":[{"embeddable":true,"href":"https:\/\/defrentealaverdad.com\/index.php\/wp-json\/wp\/v2\/comments?post=50516"}],"version-history":[{"count":1,"href":"https:\/\/defrentealaverdad.com\/index.php\/wp-json\/wp\/v2\/posts\/50516\/revisions"}],"predecessor-version":[{"id":50517,"href":"https:\/\/defrentealaverdad.com\/index.php\/wp-json\/wp\/v2\/posts\/50516\/revisions\/50517"}],"wp:featuredmedia":[{"embeddable":true,"href":"https:\/\/defrentealaverdad.com\/index.php\/wp-json\/wp\/v2\/media\/50513"}],"wp:attachment":[{"href":"https:\/\/defrentealaverdad.com\/index.php\/wp-json\/wp\/v2\/media?parent=50516"}],"wp:term":[{"taxonomy":"category","embeddable":true,"href":"https:\/\/defrentealaverdad.com\/index.php\/wp-json\/wp\/v2\/categories?post=50516"},{"taxonomy":"post_tag","embeddable":true,"href":"https:\/\/defrentealaverdad.com\/index.php\/wp-json\/wp\/v2\/tags?post=50516"}],"curies":[{"name":"wp","href":"https:\/\/api.w.org\/{rel}","templated":true}]}}