{"id":5028,"date":"2023-05-28T01:26:18","date_gmt":"2023-05-28T01:26:18","guid":{"rendered":"https:\/\/defrentealaverdad.com\/?p=5028"},"modified":"2023-05-28T01:26:18","modified_gmt":"2023-05-28T01:26:18","slug":"el-ejercito-realiza-recoleccion-de-residuos-en-playa-guayacanes","status":"publish","type":"post","link":"https:\/\/defrentealaverdad.com\/index.php\/2023\/05\/28\/el-ejercito-realiza-recoleccion-de-residuos-en-playa-guayacanes\/","title":{"rendered":"El Ej\u00e9rcito realiza recolecci\u00f3n de residuos en Playa Guayacanes"},"content":{"rendered":"<p style=\"text-align: justify;\">Por Felix Rubio<\/p>\n<p style=\"text-align: justify;\"><img decoding=\"async\" class=\"alignnone size-medium wp-image-5029 lazyload\" data-src=\"https:\/\/defrentealaverdad.com\/wp-content\/uploads\/2023\/05\/7c763264-08f0-42b3-b810-83716c806c8c-300x200.jpg\" alt=\"\" width=\"300\" height=\"200\" data-srcset=\"https:\/\/defrentealaverdad.com\/wp-content\/uploads\/2023\/05\/7c763264-08f0-42b3-b810-83716c806c8c-300x200.jpg 300w, https:\/\/defrentealaverdad.com\/wp-content\/uploads\/2023\/05\/7c763264-08f0-42b3-b810-83716c806c8c-1024x682.jpg 1024w, https:\/\/defrentealaverdad.com\/wp-content\/uploads\/2023\/05\/7c763264-08f0-42b3-b810-83716c806c8c-768x512.jpg 768w, https:\/\/defrentealaverdad.com\/wp-content\/uploads\/2023\/05\/7c763264-08f0-42b3-b810-83716c806c8c-1536x1023.jpg 1536w, https:\/\/defrentealaverdad.com\/wp-content\/uploads\/2023\/05\/7c763264-08f0-42b3-b810-83716c806c8c.jpg 1600w\" data-sizes=\"(max-width: 300px) 100vw, 300px\" src=\"data:image\/svg+xml;base64,PHN2ZyB3aWR0aD0iMSIgaGVpZ2h0PSIxIiB4bWxucz0iaHR0cDovL3d3dy53My5vcmcvMjAwMC9zdmciPjwvc3ZnPg==\" style=\"--smush-placeholder-width: 300px; --smush-placeholder-aspect-ratio: 300\/200;\" \/><\/p>\n<p style=\"text-align: justify;\">El Ej\u00e9rcito de Rep\u00fablica Dominicana llev\u00f3 a cabo una jornada de recolecci\u00f3n de residuos en la playa de Guayacanes, en la provincia San Pedro de Macor\u00eds, como parte del programa \u201cRevERDecer 2023\u201d, el cual tiene el objetivo de restaurar nuestros entornos naturales, para preservar sus recursos.<\/p>\n<p style=\"text-align: justify;\">Los soldados, equipados con las herramientas necesarias, realizaron esta tarea con entusiasmo y compromiso, conscientes de la importancia de mantener nuestros ecosistemas costeros libres de contaminaci\u00f3n y brindando orientaci\u00f3n a las comunidades cercanas, record\u00e1ndoles que la responsabilidad recae en todos los ciudadanos.<\/p>\n<p style=\"text-align: justify;\">Esta jornada de recogida de desechos, estuvo a cargo del personal militar que presta servicio en la 6ta. Brigada de Infanter\u00eda, ERD., con asiento en la provincia San Pedro de Macor\u00eds, y continuar\u00e1 ejecut\u00e1ndose a nivel nacional por las dem\u00e1s unidades mayores de la instituci\u00f3n, promoviendo el cuidado medioambiental, logrando un impacto positivo en nuestro h\u00e1bitat.<\/p>\n<p>&nbsp;<\/p>\n<p>Fuente: Prensa ERD<\/p>\n","protected":false},"excerpt":{"rendered":"<p>Por Felix Rubio El Ej\u00e9rcito de Rep\u00fablica Dominicana llev\u00f3 a cabo una jornada de recolecci\u00f3n<\/p>\n","protected":false},"author":1,"featured_media":0,"comment_status":"open","ping_status":"open","sticky":false,"template":"","format":"standard","meta":{"footnotes":""},"categories":[7],"tags":[],"class_list":["post-5028","post","type-post","status-publish","format-standard","hentry","category-nacionales"],"_links":{"self":[{"href":"https:\/\/defrentealaverdad.com\/index.php\/wp-json\/wp\/v2\/posts\/5028","targetHints":{"allow":["GET"]}}],"collection":[{"href":"https:\/\/defrentealaverdad.com\/index.php\/wp-json\/wp\/v2\/posts"}],"about":[{"href":"https:\/\/defrentealaverdad.com\/index.php\/wp-json\/wp\/v2\/types\/post"}],"author":[{"embeddable":true,"href":"https:\/\/defrentealaverdad.com\/index.php\/wp-json\/wp\/v2\/users\/1"}],"replies":[{"embeddable":true,"href":"https:\/\/defrentealaverdad.com\/index.php\/wp-json\/wp\/v2\/comments?post=5028"}],"version-history":[{"count":1,"href":"https:\/\/defrentealaverdad.com\/index.php\/wp-json\/wp\/v2\/posts\/5028\/revisions"}],"predecessor-version":[{"id":5030,"href":"https:\/\/defrentealaverdad.com\/index.php\/wp-json\/wp\/v2\/posts\/5028\/revisions\/5030"}],"wp:attachment":[{"href":"https:\/\/defrentealaverdad.com\/index.php\/wp-json\/wp\/v2\/media?parent=5028"}],"wp:term":[{"taxonomy":"category","embeddable":true,"href":"https:\/\/defrentealaverdad.com\/index.php\/wp-json\/wp\/v2\/categories?post=5028"},{"taxonomy":"post_tag","embeddable":true,"href":"https:\/\/defrentealaverdad.com\/index.php\/wp-json\/wp\/v2\/tags?post=5028"}],"curies":[{"name":"wp","href":"https:\/\/api.w.org\/{rel}","templated":true}]}}