{"id":50222,"date":"2025-10-06T16:35:12","date_gmt":"2025-10-06T16:35:12","guid":{"rendered":"https:\/\/defrentealaverdad.com\/?p=50222"},"modified":"2025-10-08T01:40:28","modified_gmt":"2025-10-08T01:40:28","slug":"animal-fest-2025-cierra-con-exito-su-primera-edicion-y-ofrecen-nueva-sede-para-2026-en-santo-domingo-este","status":"publish","type":"post","link":"https:\/\/defrentealaverdad.com\/index.php\/2025\/10\/06\/animal-fest-2025-cierra-con-exito-su-primera-edicion-y-ofrecen-nueva-sede-para-2026-en-santo-domingo-este\/","title":{"rendered":"Animal Fest 2025 cierra con \u00e9xito su primera edici\u00f3n y ofrecen nueva sede para 2026 en Santo Domingo Este"},"content":{"rendered":"<p style=\"text-align: justify;\">Santo Domingo, D.N. \u2013 Lunes 6 de octubre de 2025. Con un masivo respaldo del p\u00fablico y el entusiasmo de cientos de instituciones, rescatistas y familias, culmin\u00f3 con \u00e9xito la primera edici\u00f3n del Animal Fest Rep\u00fablica Dominicana 2025, una innovadora iniciativa de la Fundaci\u00f3n LASO, creada con el objetivo de recaudar fondos para la construcci\u00f3n de la Ciudad de los Animales, Ciudad de \u00c1ngeles, un proyecto visionario que marcar\u00e1 un antes y un despu\u00e9s en la protecci\u00f3n animal del pa\u00eds.<\/p>\n<p style=\"text-align: justify;\">Durante tres d\u00edas, del 3 al 5 de octubre, el Pabell\u00f3n de las Naciones del Centro de los H\u00e9roes se convirti\u00f3 en el epicentro del bienestar animal y la conciencia social. Miles de visitantes disfrutaron de una agenda educativa, institucional y cultural sin precedentes, que combin\u00f3 charlas, conferencias magistrales, desfiles de mascotas, paneles profesionales, lanzamientos de productos, firmas de acuerdos y conciertos.<\/p>\n<p style=\"text-align: justify;\">El evento abri\u00f3 con una ceremonia inaugural de alto impacto, encabezada por la Alcaldesa del Distrito Nacional, Carolina Mej\u00eda, quien dio la bienvenida y present\u00f3 los datos de los animales beneficiados en las jornadas de bienestar que se vienen realizando desde el inicio de su gesti\u00f3n.<\/p>\n<p style=\"text-align: justify;\">Seguido estuvo el Embajador de Colombia, S.E. Dar\u00edo Villamizar, en representaci\u00f3n del pa\u00eds invitado de honor. La apertura cont\u00f3 con la presencia de la Banda de la Polic\u00eda Nacional, caballos de paso hig\u00fceyano, y un opening de danza moderna con la canci\u00f3n oficial del festival, y un despliegue visual y musical que marc\u00f3 el inicio de una celebraci\u00f3n hist\u00f3rica.<\/p>\n<p style=\"text-align: justify;\">Entre los hitos m\u00e1s destacados del Animal Fest RD 2025 estuvieron:<\/p>\n<p style=\"text-align: justify;\">\u25aa\ufe0e El lanzamiento del \u201cSeguro de Mascotas Reservas\u201d, primer producto financiero en el pa\u00eds enfocado en la protecci\u00f3n integral de los animales de compa\u00f1\u00eda, presentado por el Vicepresidente de Seguros Reservas, Nelson Arroyo.<\/p>\n<p style=\"text-align: justify;\">\u25aa\ufe0e La presentaci\u00f3n de la plataforma \u201cALPHA\u201d de la OGTIC, por su director general Edgar Batista, que permitir\u00e1 fortalecer la respuesta institucional ante casos de maltrato y abandono animal.<\/p>\n<p style=\"text-align: justify;\">\u25aa\ufe0e Durante el evento, Lorenny Solano realiz\u00f3 una propuesta p\u00fablica al senador Omar Fern\u00e1ndez para impulsar en el Congreso una cruzada nacional por la modificaci\u00f3n de la Ley 248-12 sobre Protecci\u00f3n Animal y Tenencia Responsable, a la que el legislador respondi\u00f3 con el anuncio de una \u201cprimicia legislativa muy pr\u00f3xima\u201d en favor de los animales.<\/p>\n<p style=\"text-align: justify;\">\u25aa\ufe0e El lanzamiento del Consejo de Defensa de los Animales de la Fundaci\u00f3n LASO, integrado por destacados profesionales del derecho, la psicolog\u00eda y la gesti\u00f3n p\u00fablica.<\/p>\n<p style=\"text-align: justify;\">\u25aa\ufe0e El panel Salud P\u00fablica &amp; Bienestar Animal, con la participaci\u00f3n de autoridades del Ministerio de Salud P\u00fablica, el CECOVEZ, el Parque del Prado y representantes del Congreso Nacional.<\/p>\n<p style=\"text-align: justify;\">La bendici\u00f3n de los animales por el padre Wilfredo Monta\u00f1o, y las conferencias del Embajador de Colombia y de la Procuradora Adjunta Yeni Berenice Reynoso, entre otros ponentes de alto nivel.<\/p>\n<p style=\"text-align: justify;\">El festival tambi\u00e9n ofreci\u00f3 momentos de alegr\u00eda y emoci\u00f3n con el Desfile de Mascotas Superh\u00e9roes K9, el Desfile de gatos rescatados, el Concurso de trajes t\u00edpicos colombianos, y conciertos a cargo de Tueska, Cristian Dorado y Sonny Toon, quienes pusieron el broche musical al evento.<\/p>\n<p style=\"text-align: justify;\">El Alcalde de Santo Domingo Este, D\u00edo Astacio, propuso formalmente que la edici\u00f3n 2026 del Animal Fest se realice en su municipio, como una forma de seguir ampliando la cultura del bienestar animal en todo el territorio nacional. Otras figuras p\u00fablicas de Santiago, Ban\u00ed, Punta Cana y La Romana tambi\u00e9n manifestaron su inter\u00e9s en acoger futuras ediciones del festival.<\/p>\n<p style=\"text-align: justify;\">Lorenny Solano, presidenta de la Fundaci\u00f3n LASO, expres\u00f3 su gratitud por la respuesta masiva del p\u00fablico y reafirm\u00f3 el prop\u00f3sito del evento:<\/p>\n<blockquote>\n<p style=\"text-align: center;\">\u00a0\u201cEl Animal Fest naci\u00f3 para educar, inspirar y construir la Ciudad de los Animales, un espacio modelo de amor, respeto y cuidado hacia todas las especies. Ver a miles de familias unidas por esta causa demuestra que el cambio ya comenz\u00f3. Rep\u00fablica Dominicana est\u00e1 lista para dar un salto hist\u00f3rico en materia de bienestar animal.\u201d<\/p>\n<\/blockquote>\n<p style=\"text-align: justify;\">Con esta primera edici\u00f3n, el Animal Fest RD se consolida como el evento m\u00e1s importante del pa\u00eds dedicado a los animales, uniendo a instituciones p\u00fablicas, empresas privadas y ciudadanos en torno a una misma misi\u00f3n: proteger a quienes no tienen voz.<\/p>\n<p>Fuente: Proyectos HR<\/p>\n","protected":false},"excerpt":{"rendered":"<p>Santo Domingo, D.N. \u2013 Lunes 6 de octubre de 2025. Con un masivo respaldo del<\/p>\n","protected":false},"author":4,"featured_media":50223,"comment_status":"open","ping_status":"open","sticky":false,"template":"","format":"standard","meta":{"footnotes":""},"categories":[7],"tags":[],"class_list":["post-50222","post","type-post","status-publish","format-standard","has-post-thumbnail","hentry","category-nacionales"],"_links":{"self":[{"href":"https:\/\/defrentealaverdad.com\/index.php\/wp-json\/wp\/v2\/posts\/50222","targetHints":{"allow":["GET"]}}],"collection":[{"href":"https:\/\/defrentealaverdad.com\/index.php\/wp-json\/wp\/v2\/posts"}],"about":[{"href":"https:\/\/defrentealaverdad.com\/index.php\/wp-json\/wp\/v2\/types\/post"}],"author":[{"embeddable":true,"href":"https:\/\/defrentealaverdad.com\/index.php\/wp-json\/wp\/v2\/users\/4"}],"replies":[{"embeddable":true,"href":"https:\/\/defrentealaverdad.com\/index.php\/wp-json\/wp\/v2\/comments?post=50222"}],"version-history":[{"count":1,"href":"https:\/\/defrentealaverdad.com\/index.php\/wp-json\/wp\/v2\/posts\/50222\/revisions"}],"predecessor-version":[{"id":50224,"href":"https:\/\/defrentealaverdad.com\/index.php\/wp-json\/wp\/v2\/posts\/50222\/revisions\/50224"}],"wp:featuredmedia":[{"embeddable":true,"href":"https:\/\/defrentealaverdad.com\/index.php\/wp-json\/wp\/v2\/media\/50223"}],"wp:attachment":[{"href":"https:\/\/defrentealaverdad.com\/index.php\/wp-json\/wp\/v2\/media?parent=50222"}],"wp:term":[{"taxonomy":"category","embeddable":true,"href":"https:\/\/defrentealaverdad.com\/index.php\/wp-json\/wp\/v2\/categories?post=50222"},{"taxonomy":"post_tag","embeddable":true,"href":"https:\/\/defrentealaverdad.com\/index.php\/wp-json\/wp\/v2\/tags?post=50222"}],"curies":[{"name":"wp","href":"https:\/\/api.w.org\/{rel}","templated":true}]}}