{"id":50133,"date":"2025-10-06T14:22:34","date_gmt":"2025-10-06T14:22:34","guid":{"rendered":"https:\/\/defrentealaverdad.com\/?p=50133"},"modified":"2025-10-06T14:22:34","modified_gmt":"2025-10-06T14:22:34","slug":"5-de-octubre-dia-mundial-de-los-docentes","status":"publish","type":"post","link":"https:\/\/defrentealaverdad.com\/index.php\/2025\/10\/06\/5-de-octubre-dia-mundial-de-los-docentes\/","title":{"rendered":"5 de octubre: D\u00eda Mundial de los Docentes"},"content":{"rendered":"<blockquote>\n<p style=\"text-align: center;\" data-start=\"186\" data-end=\"247\"><em>Reconociendo la labor de quienes transforman la educaci\u00f3n<\/em><\/p>\n<\/blockquote>\n<p style=\"text-align: justify;\" data-start=\"249\" data-end=\"534\"><strong data-start=\"249\" data-end=\"289\">Santo Domingo <\/strong>\u00a0\u2013 Cada 5 de octubre se celebra el <strong data-start=\"324\" data-end=\"355\">D\u00eda Mundial de los Docentes<\/strong>, una fecha proclamada por la <strong data-start=\"385\" data-end=\"403\">UNESCO en 1994<\/strong> con el prop\u00f3sito de rendir homenaje al papel esencial que desempe\u00f1an los maestros y maestras en el desarrollo de las sociedades.<\/p>\n<p style=\"text-align: justify;\" data-start=\"536\" data-end=\"804\">Este d\u00eda conmemora la adopci\u00f3n, en 1966, de la <strong data-start=\"583\" data-end=\"676\">Recomendaci\u00f3n conjunta de la OIT y la UNESCO relativa a la Situaci\u00f3n del Personal Docente<\/strong>, un documento hist\u00f3rico que establece los derechos, responsabilidades y condiciones \u00f3ptimas para el ejercicio de la docencia.<\/p>\n<p style=\"text-align: justify;\" data-start=\"806\" data-end=\"1249\">En la actualidad, la celebraci\u00f3n invita a reflexionar sobre la importancia de garantizar a los educadores un entorno de trabajo digno, oportunidades de formaci\u00f3n continua y apoyo institucional para enfrentar los retos del siglo XXI. La educaci\u00f3n de calidad, inclusiva y equitativa solo es posible si los docentes cuentan con las herramientas, el reconocimiento y la motivaci\u00f3n necesarios para guiar el aprendizaje de las nuevas generaciones.<\/p>\n<p style=\"text-align: justify;\" data-start=\"1477\" data-end=\"1675\">El <strong data-start=\"1480\" data-end=\"1511\">D\u00eda Mundial de los Docentes<\/strong> es, por tanto, una oportunidad para agradecer y valorar la entrega de quienes d\u00eda a d\u00eda inspiran, orientan y construyen un futuro mejor a trav\u00e9s de la ense\u00f1anza.<\/p>\n<p data-start=\"1477\" data-end=\"1675\">Fuente: UNESCO<\/p>\n","protected":false},"excerpt":{"rendered":"<p>Reconociendo la labor de quienes transforman la educaci\u00f3n Santo Domingo \u00a0\u2013 Cada 5 de octubre<\/p>\n","protected":false},"author":2,"featured_media":50134,"comment_status":"open","ping_status":"open","sticky":false,"template":"","format":"standard","meta":{"footnotes":""},"categories":[16],"tags":[],"class_list":["post-50133","post","type-post","status-publish","format-standard","has-post-thumbnail","hentry","category-internacionales"],"_links":{"self":[{"href":"https:\/\/defrentealaverdad.com\/index.php\/wp-json\/wp\/v2\/posts\/50133","targetHints":{"allow":["GET"]}}],"collection":[{"href":"https:\/\/defrentealaverdad.com\/index.php\/wp-json\/wp\/v2\/posts"}],"about":[{"href":"https:\/\/defrentealaverdad.com\/index.php\/wp-json\/wp\/v2\/types\/post"}],"author":[{"embeddable":true,"href":"https:\/\/defrentealaverdad.com\/index.php\/wp-json\/wp\/v2\/users\/2"}],"replies":[{"embeddable":true,"href":"https:\/\/defrentealaverdad.com\/index.php\/wp-json\/wp\/v2\/comments?post=50133"}],"version-history":[{"count":1,"href":"https:\/\/defrentealaverdad.com\/index.php\/wp-json\/wp\/v2\/posts\/50133\/revisions"}],"predecessor-version":[{"id":50135,"href":"https:\/\/defrentealaverdad.com\/index.php\/wp-json\/wp\/v2\/posts\/50133\/revisions\/50135"}],"wp:featuredmedia":[{"embeddable":true,"href":"https:\/\/defrentealaverdad.com\/index.php\/wp-json\/wp\/v2\/media\/50134"}],"wp:attachment":[{"href":"https:\/\/defrentealaverdad.com\/index.php\/wp-json\/wp\/v2\/media?parent=50133"}],"wp:term":[{"taxonomy":"category","embeddable":true,"href":"https:\/\/defrentealaverdad.com\/index.php\/wp-json\/wp\/v2\/categories?post=50133"},{"taxonomy":"post_tag","embeddable":true,"href":"https:\/\/defrentealaverdad.com\/index.php\/wp-json\/wp\/v2\/tags?post=50133"}],"curies":[{"name":"wp","href":"https:\/\/api.w.org\/{rel}","templated":true}]}}