{"id":5010,"date":"2023-05-22T14:45:09","date_gmt":"2023-05-22T14:45:09","guid":{"rendered":"https:\/\/defrentealaverdad.com\/?p=5010"},"modified":"2023-05-22T14:45:09","modified_gmt":"2023-05-22T14:45:09","slug":"digev-y-el-gabinete-de-politica-social-aperturan-otro-centro-de-capacitacion-oportunidad-14-24-en-san-cristobal","status":"publish","type":"post","link":"https:\/\/defrentealaverdad.com\/index.php\/2023\/05\/22\/digev-y-el-gabinete-de-politica-social-aperturan-otro-centro-de-capacitacion-oportunidad-14-24-en-san-cristobal\/","title":{"rendered":"DIGEV y el Gabinete de Pol\u00edtica Social aperturan otro centro de capacitaci\u00f3n \u201cOportunidad 14-24\u201d en San Crist\u00f3bal"},"content":{"rendered":"<p>Por Felix Rubio<\/p>\n<p><img decoding=\"async\" class=\"alignnone size-medium wp-image-5011 lazyload\" data-src=\"https:\/\/defrentealaverdad.com\/wp-content\/uploads\/2023\/05\/WhatsApp-Image-2023-05-22-at-08.11.39-300x200.jpeg\" alt=\"\" width=\"300\" height=\"200\" data-srcset=\"https:\/\/defrentealaverdad.com\/wp-content\/uploads\/2023\/05\/WhatsApp-Image-2023-05-22-at-08.11.39-300x200.jpeg 300w, https:\/\/defrentealaverdad.com\/wp-content\/uploads\/2023\/05\/WhatsApp-Image-2023-05-22-at-08.11.39-1024x683.jpeg 1024w, https:\/\/defrentealaverdad.com\/wp-content\/uploads\/2023\/05\/WhatsApp-Image-2023-05-22-at-08.11.39-768x512.jpeg 768w, https:\/\/defrentealaverdad.com\/wp-content\/uploads\/2023\/05\/WhatsApp-Image-2023-05-22-at-08.11.39.jpeg 1128w\" data-sizes=\"(max-width: 300px) 100vw, 300px\" src=\"data:image\/svg+xml;base64,PHN2ZyB3aWR0aD0iMSIgaGVpZ2h0PSIxIiB4bWxucz0iaHR0cDovL3d3dy53My5vcmcvMjAwMC9zdmciPjwvc3ZnPg==\" style=\"--smush-placeholder-width: 300px; --smush-placeholder-aspect-ratio: 300\/200;\" \/><br \/>\nSAN CRISTOBAL. El director general de las Escuelas Vocacionales de las Fuerzas Armadas y de la Polic\u00eda Nacional (DIGEV), Mayor General ERD., Juan Jos\u00e9 Ota\u00f1o Jim\u00e9nez, junto al coordinador general del Gabinete de Pol\u00edticas Sociales de la Presidencia, pusieron en marcha otro centro de capacitaci\u00f3n t\u00e9cnico-profesional para j\u00f3venes del programa \u201cOportunidad 14-24\u201d en la provincia de San Crist\u00f3bal.<br \/>\nCon este nuevo centro que funcionar\u00e1 en las instalaciones de la Escuela Vocacional del municipio de San Crist\u00f3bal se beneficiar\u00e1n decenas de j\u00f3venes de la zona en condiciones de vulnerabilidad social, quienes recibir\u00e1n el apoyo y asistencia de las 24 instituciones que intervienen en el programa que ejecuta el Gabinete Social.<\/p>\n<p>Los j\u00f3venes en los referidos centros de formaci\u00f3n recibir\u00e1n preparaci\u00f3n en distintas \u00e1reas y carreras t\u00e9cnicas entre las que se encuentran inform\u00e1tica , electr\u00f3nica, contabilidad, turismo, entre otras.<\/p>\n<p>Durante la apertura del centro de formaci\u00f3n, el director de la DIGEV, Mayor General ERD., Ota\u00f1o Jim\u00e9nez, resalt\u00f3 que la puesta en funcionamiento de este nuevo espacio t\u00e9cnico en la provincia de San Crist\u00f3bal impactar\u00e1 de manera positiva a toda la demarcaci\u00f3n debido al empuje e instalaci\u00f3n de industrias la cual requerir\u00e1 de preparaci\u00f3n de nueva y calificada mano de obra t\u00e9cnica.<\/p>\n<p>Subray\u00f3 que esta nueva oportunidad que se les pone a disposici\u00f3n a los habitantes de ese municipio es gracias a la pol\u00edtica de inclusi\u00f3n social emanada del gobierno del presidente Luis Abinader la cual es ejecutada a trav\u00e9s del Ministerio de Defensa y la Direcci\u00f3n general de las Escuelas Vocacionales de las Fuerzas Armadas y de la Polic\u00eda Nacional.<\/p>\n<p>En cambio, Tony Pe\u00f1a, coordinador del Gabinete de Pol\u00edticas Social, indic\u00f3 que este programa, que ya se desarrolla en 25 centros a nivel nacional y acompa\u00f1a a los j\u00f3venes en todas sus etapas, se les proporciona ayuda psicol\u00f3gica y econ\u00f3mica, hasta poder insertarlos en el mercado laboral.<\/p>\n<p style=\"text-align: justify;\">\u201cCuando veo a un joven de este programa, veo a mi padre (Jos\u00e9 Francisco Pe\u00f1a G\u00f3mez) a sus 17 a\u00f1os, que vino en una bola a la capital y se convirti\u00f3 en el l\u00edder m\u00e1s importante de este pa\u00eds.<\/p>\n<p style=\"text-align: justify;\"><strong>Sobre el programa \u201cOportunidad 14-24\u201d<\/strong><\/p>\n<p><img decoding=\"async\" class=\"alignnone size-medium wp-image-5012 aligncenter lazyload\" data-src=\"https:\/\/defrentealaverdad.com\/wp-content\/uploads\/2023\/05\/WhatsApp-Image-2023-05-22-at-10.43.15-300x200.jpeg\" alt=\"\" width=\"300\" height=\"200\" data-srcset=\"https:\/\/defrentealaverdad.com\/wp-content\/uploads\/2023\/05\/WhatsApp-Image-2023-05-22-at-10.43.15-300x200.jpeg 300w, https:\/\/defrentealaverdad.com\/wp-content\/uploads\/2023\/05\/WhatsApp-Image-2023-05-22-at-10.43.15-1024x683.jpeg 1024w, https:\/\/defrentealaverdad.com\/wp-content\/uploads\/2023\/05\/WhatsApp-Image-2023-05-22-at-10.43.15-768x512.jpeg 768w, https:\/\/defrentealaverdad.com\/wp-content\/uploads\/2023\/05\/WhatsApp-Image-2023-05-22-at-10.43.15.jpeg 1128w\" data-sizes=\"(max-width: 300px) 100vw, 300px\" src=\"data:image\/svg+xml;base64,PHN2ZyB3aWR0aD0iMSIgaGVpZ2h0PSIxIiB4bWxucz0iaHR0cDovL3d3dy53My5vcmcvMjAwMC9zdmciPjwvc3ZnPg==\" style=\"--smush-placeholder-width: 300px; --smush-placeholder-aspect-ratio: 300\/200;\" \/><\/p>\n<p style=\"text-align: justify;\">\u201cOportunidad 14-24\u201d busca implementar pol\u00edticas activas de promoci\u00f3n, defensa de los derechos y reinserci\u00f3n a las actividades productivas y educativas, de adolescentes y j\u00f3venes con edades entre 14 y 24 a\u00f1os que se encuentran en condici\u00f3n de alto riesgo de vulnerabilidad social, por la presi\u00f3n de grupo, maltrato, adicciones, inseguridad social, falta de empleo, feminicidio, violencia intrafamiliar y conflictos con la ley.<\/p>\n<p style=\"text-align: justify;\">Estuvieron presentes en la actividad, Frerdenman Cruz, director ejecutivo del Programa 14\/ 24; Pura Casilla, gobernadora de la provincia; Jos\u00e9 Montas, Alcalde municipal; Paul Alm\u00e1nzar Hued, director del Instituto Nacional de la Aguja (Inaguja) y los diputados Nelson de la Rosa y Gustavo Lara, entre otros.<br \/>\nTras finalizar el acto los funcionarios realizaron un recorrido por las instalaciones del nuevo centro de capacitaci\u00f3n \u201cOportunidad 14-24\u201d.<\/p>\n<p>&nbsp;<\/p>\n<p>Fuente: Prensa DIGEV<\/p>\n","protected":false},"excerpt":{"rendered":"<p>Por Felix Rubio SAN CRISTOBAL. El director general de las Escuelas Vocacionales de las Fuerzas<\/p>\n","protected":false},"author":1,"featured_media":0,"comment_status":"open","ping_status":"open","sticky":false,"template":"","format":"standard","meta":{"footnotes":""},"categories":[7],"tags":[],"class_list":["post-5010","post","type-post","status-publish","format-standard","hentry","category-nacionales"],"_links":{"self":[{"href":"https:\/\/defrentealaverdad.com\/index.php\/wp-json\/wp\/v2\/posts\/5010","targetHints":{"allow":["GET"]}}],"collection":[{"href":"https:\/\/defrentealaverdad.com\/index.php\/wp-json\/wp\/v2\/posts"}],"about":[{"href":"https:\/\/defrentealaverdad.com\/index.php\/wp-json\/wp\/v2\/types\/post"}],"author":[{"embeddable":true,"href":"https:\/\/defrentealaverdad.com\/index.php\/wp-json\/wp\/v2\/users\/1"}],"replies":[{"embeddable":true,"href":"https:\/\/defrentealaverdad.com\/index.php\/wp-json\/wp\/v2\/comments?post=5010"}],"version-history":[{"count":1,"href":"https:\/\/defrentealaverdad.com\/index.php\/wp-json\/wp\/v2\/posts\/5010\/revisions"}],"predecessor-version":[{"id":5013,"href":"https:\/\/defrentealaverdad.com\/index.php\/wp-json\/wp\/v2\/posts\/5010\/revisions\/5013"}],"wp:attachment":[{"href":"https:\/\/defrentealaverdad.com\/index.php\/wp-json\/wp\/v2\/media?parent=5010"}],"wp:term":[{"taxonomy":"category","embeddable":true,"href":"https:\/\/defrentealaverdad.com\/index.php\/wp-json\/wp\/v2\/categories?post=5010"},{"taxonomy":"post_tag","embeddable":true,"href":"https:\/\/defrentealaverdad.com\/index.php\/wp-json\/wp\/v2\/tags?post=5010"}],"curies":[{"name":"wp","href":"https:\/\/api.w.org\/{rel}","templated":true}]}}