{"id":4990,"date":"2023-05-18T13:34:07","date_gmt":"2023-05-18T13:34:07","guid":{"rendered":"https:\/\/defrentealaverdad.com\/?p=4990"},"modified":"2023-05-18T13:34:07","modified_gmt":"2023-05-18T13:34:07","slug":"tribunal-superior-electoral-aplaza-audiencia-sobre-impugnacion-contra-resolucion-de-la-jce-num-07-23-sobre-posicionamiento-de-partidos-en-boletas-electorales","status":"publish","type":"post","link":"https:\/\/defrentealaverdad.com\/index.php\/2023\/05\/18\/tribunal-superior-electoral-aplaza-audiencia-sobre-impugnacion-contra-resolucion-de-la-jce-num-07-23-sobre-posicionamiento-de-partidos-en-boletas-electorales\/","title":{"rendered":"Tribunal Superior Electoral aplaza audiencia sobre \u201cImpugnaci\u00f3n contra resoluci\u00f3n de la JCE n\u00fam. 07-23, sobre posicionamiento de partidos en boletas electorales\u201d"},"content":{"rendered":"<p style=\"text-align: justify;\">Por Felix Rubio<\/p>\n<div class=\"separator\" style=\"text-align: justify;\"><a href=\"https:\/\/blogger.googleusercontent.com\/img\/b\/R29vZ2xl\/AVvXsEjVOuowASKa72tVDV5uQBlyIp98wJ3vdWB0rmhmihmKZDeyRw-U6yXEVto0TmLgqE6col0DVwGL6u9tcHu8HoOanQVtMvEyejiVmIJv1bzZZh6zNPByXRuIG4Sq-T1B2XRUTqUSm3YbJ2srEgWjeqih-X2ladOycjt7M-PIjj4FlV20dZ66kfXUU78C-A\/s1600\/WhatsApp%20Image%202023-05-17%20at%2012.34.58%20PM.jpeg\"><img decoding=\"async\" data-src=\"https:\/\/blogger.googleusercontent.com\/img\/b\/R29vZ2xl\/AVvXsEjVOuowASKa72tVDV5uQBlyIp98wJ3vdWB0rmhmihmKZDeyRw-U6yXEVto0TmLgqE6col0DVwGL6u9tcHu8HoOanQVtMvEyejiVmIJv1bzZZh6zNPByXRuIG4Sq-T1B2XRUTqUSm3YbJ2srEgWjeqih-X2ladOycjt7M-PIjj4FlV20dZ66kfXUU78C-A\/s320\/WhatsApp%20Image%202023-05-17%20at%2012.34.58%20PM.jpeg\" width=\"320\" height=\"213\" border=\"0\" data-original-height=\"1066\" data-original-width=\"1600\" src=\"data:image\/svg+xml;base64,PHN2ZyB3aWR0aD0iMSIgaGVpZ2h0PSIxIiB4bWxucz0iaHR0cDovL3d3dy53My5vcmcvMjAwMC9zdmciPjwvc3ZnPg==\" class=\"lazyload\" style=\"--smush-placeholder-width: 320px; --smush-placeholder-aspect-ratio: 320\/213;\" \/><\/a><\/div>\n<p style=\"text-align: justify;\">Fija audiencia para el 24 de mayo 2023<\/p>\n<p>Santo Domingo.\u00a0-El Tribunal Superior Electoral aplaz\u00f3 para el pr\u00f3ximo mi\u00e9rcoles 24 de mayo la audiencia sobre la \u201cimpugnaci\u00f3n contra la Resoluci\u00f3n de la Junta Central Electoral No. 07-23, que decidi\u00f3 la solicitud de nueva resoluci\u00f3n sobre el posicionamiento de los partidos pol\u00edticos en la boleta electoral\u201d, que interpuso\u00a0el Partido de Unidad Nacional (PUN).<\/p>\n<p>Los jueces, Ygnacio Pascual Camacho Hidalgo, presidente; Rosa P\u00e9rez de Garc\u00eda y Pedro P. Yermenos Forastieri,\u00a0aplazaron la audiencia\u00a0para que el interviniente voluntario regularice su intervenci\u00f3n en el proceso notific\u00e1ndose a las dem\u00e1s partes.<br \/>\nEl Tribunal orden\u00f3, adem\u00e1s, una comunicaci\u00f3n rec\u00edproca de documentos entre las partes, para que las mismas depositen y tomen conocimiento de los documentos que pretendan depositar.<\/p>\n<p>Las partes presentes y representadas quedaron convocadas para la pr\u00f3xima audiencia\u00a0pautada para las 9:00 de la ma\u00f1ana.<\/p>\n<p>Los demandantes, Partido de Unidad Nacional (PUN); Pedro Le\u00f3nidas Corpor\u00e1n Cabrera; Pedro Emilio Ram\u00edrez Brito y Sunelba Gonell Jim\u00e9nez, est\u00e1n representados por los abogados, licenciados Manuel de Regla Soto Lara y Pedro Corpor\u00e1n.<\/p>\n<p>Los licenciados Denny D\u00edaz Mord\u00e1n y Juan Emilio Ulloa Mieses Ovalle, act\u00faan en nombre y representaci\u00f3n de la demandada, Junta Central Electoral.<\/p>\n<p>Mientras que los licenciados Manuel Oviedo Estrada; F\u00e9lix Dami\u00e1n Olivares Grull\u00f3n y Rafael Ortega Grull\u00f3n, act\u00faan en nombre y representaci\u00f3n del interviniente voluntario, Partido Dominicanos por el Cambio (DXC).<\/p>\n<p>Los magistrados acogieron el pedimento del interviniente voluntario, Partido Dominicanos por el Cambio, al que no se opusieron los abogados de la JCE, ni los demandantes.<\/p>\n<p>La acci\u00f3n de impugnaci\u00f3n fue depositada el mi\u00e9rcoles 26 de abril 2023, y el expediente es el n\u00famero TSE 01-0006-2023.<\/p>\n<p>&nbsp;<\/p>\n<p style=\"text-align: justify;\">Fuente: TSE<\/p>\n","protected":false},"excerpt":{"rendered":"<p>Por Felix Rubio Fija audiencia para el 24 de mayo 2023 Santo Domingo.\u00a0-El Tribunal Superior<\/p>\n","protected":false},"author":1,"featured_media":0,"comment_status":"open","ping_status":"open","sticky":false,"template":"","format":"standard","meta":{"footnotes":""},"categories":[7],"tags":[],"class_list":["post-4990","post","type-post","status-publish","format-standard","hentry","category-nacionales"],"_links":{"self":[{"href":"https:\/\/defrentealaverdad.com\/index.php\/wp-json\/wp\/v2\/posts\/4990","targetHints":{"allow":["GET"]}}],"collection":[{"href":"https:\/\/defrentealaverdad.com\/index.php\/wp-json\/wp\/v2\/posts"}],"about":[{"href":"https:\/\/defrentealaverdad.com\/index.php\/wp-json\/wp\/v2\/types\/post"}],"author":[{"embeddable":true,"href":"https:\/\/defrentealaverdad.com\/index.php\/wp-json\/wp\/v2\/users\/1"}],"replies":[{"embeddable":true,"href":"https:\/\/defrentealaverdad.com\/index.php\/wp-json\/wp\/v2\/comments?post=4990"}],"version-history":[{"count":1,"href":"https:\/\/defrentealaverdad.com\/index.php\/wp-json\/wp\/v2\/posts\/4990\/revisions"}],"predecessor-version":[{"id":4991,"href":"https:\/\/defrentealaverdad.com\/index.php\/wp-json\/wp\/v2\/posts\/4990\/revisions\/4991"}],"wp:attachment":[{"href":"https:\/\/defrentealaverdad.com\/index.php\/wp-json\/wp\/v2\/media?parent=4990"}],"wp:term":[{"taxonomy":"category","embeddable":true,"href":"https:\/\/defrentealaverdad.com\/index.php\/wp-json\/wp\/v2\/categories?post=4990"},{"taxonomy":"post_tag","embeddable":true,"href":"https:\/\/defrentealaverdad.com\/index.php\/wp-json\/wp\/v2\/tags?post=4990"}],"curies":[{"name":"wp","href":"https:\/\/api.w.org\/{rel}","templated":true}]}}