{"id":4980,"date":"2023-05-17T13:24:43","date_gmt":"2023-05-17T13:24:43","guid":{"rendered":"https:\/\/defrentealaverdad.com\/?p=4980"},"modified":"2023-05-18T13:25:42","modified_gmt":"2023-05-18T13:25:42","slug":"se-entrega-uno-de-presuntos-autores-de-muerte-del-joven-joshua-fernandez-durante-asalto-perpetrado-en-abril","status":"publish","type":"post","link":"https:\/\/defrentealaverdad.com\/index.php\/2023\/05\/17\/se-entrega-uno-de-presuntos-autores-de-muerte-del-joven-joshua-fernandez-durante-asalto-perpetrado-en-abril\/","title":{"rendered":"Se entrega uno de presuntos autores de muerte del joven Joshua Fern\u00e1ndez, durante asalto perpetrado en abril"},"content":{"rendered":"<p style=\"text-align: justify;\">Por Felix Rubio<\/p>\n<div style=\"text-align: justify;\">\n<div>Ante las constantes labores de b\u00fasqueda y captura.<\/div>\n<div><\/div>\n<div><\/div>\n<div>\u2022\u2022\u2022<\/div>\n<div>Ante las constantes labores de b\u00fasqueda y captura por parte de agentes de la Polic\u00eda Nacional, se entreg\u00f3 este mi\u00e9rcoles ante el Departamento de Investigaciones de Homicidios, un hombre vinculado a la muerte del joven Joshua Omar Fern\u00e1ndez Decena, de 19 a\u00f1os, en medio de un asalto del cual fueron v\u00edctimas otros tres j\u00f3venes, el pasado 16 de abril, en el Distrito Nacional.<\/div>\n<div><\/div>\n<div><\/div>\n<div>\n<div class=\"separator\"><a href=\"https:\/\/blogger.googleusercontent.com\/img\/b\/R29vZ2xl\/AVvXsEj526F_QM4uEMQO6uPrJUTJAmUslHjOULT5ac91pYgI7Kw0jWSQNrjIUaG9yMjJe50gz2YLfgkep1FpnqF9yX3bNviyUMNWIJDdo8951zdyeWxiDR_qB07nG8koidnl7niR9IV9GGbHQ_p-Xm7eNYkPFPzI4G_b7SGVE9mv4V99KoO_daMhkdYkU2H2\/s1280\/IMG-20230517-WA0195.jpg\"><img decoding=\"async\" data-src=\"https:\/\/blogger.googleusercontent.com\/img\/b\/R29vZ2xl\/AVvXsEj526F_QM4uEMQO6uPrJUTJAmUslHjOULT5ac91pYgI7Kw0jWSQNrjIUaG9yMjJe50gz2YLfgkep1FpnqF9yX3bNviyUMNWIJDdo8951zdyeWxiDR_qB07nG8koidnl7niR9IV9GGbHQ_p-Xm7eNYkPFPzI4G_b7SGVE9mv4V99KoO_daMhkdYkU2H2\/s320\/IMG-20230517-WA0195.jpg\" width=\"320\" height=\"213\" border=\"0\" data-original-height=\"852\" data-original-width=\"1280\" src=\"data:image\/svg+xml;base64,PHN2ZyB3aWR0aD0iMSIgaGVpZ2h0PSIxIiB4bWxucz0iaHR0cDovL3d3dy53My5vcmcvMjAwMC9zdmciPjwvc3ZnPg==\" class=\"lazyload\" style=\"--smush-placeholder-width: 320px; --smush-placeholder-aspect-ratio: 320\/213;\" \/><\/a><\/div>\n<\/div>\n<div>Se trata de Alison de Jes\u00fas P\u00e9rez Mej\u00eda, de 27 a\u00f1os, quien opt\u00f3 por entregarse ante la citada dependencia policial, tras ser identificado como unos de los presuntos participantes en el hecho donde Fern\u00e1ndez Decena fue ultimado por una herida de bala en la cabeza.<\/div>\n<div><\/div>\n<div><\/div>\n<div>\n<div class=\"separator\"><a href=\"https:\/\/blogger.googleusercontent.com\/img\/b\/R29vZ2xl\/AVvXsEgjmSO93uRzb-AV0B_rIETj2avNo5nCmfmuixkcMM1w3L8jUMCbHQH3hPlhx73u4aOYjeG54AHf1voOFYIIu2e4jvU6PtoqtFhNVPD8sWKzXvIMkwJyrXBXYcy0t-B262CYNozpaznRujU5hzeE4LnbBqx5SIGWPDeA2kObPkYC7i-8S9atKukaiZ6k\/s805\/IMG-20230517-WA0194.jpg\"><img decoding=\"async\" data-src=\"https:\/\/blogger.googleusercontent.com\/img\/b\/R29vZ2xl\/AVvXsEgjmSO93uRzb-AV0B_rIETj2avNo5nCmfmuixkcMM1w3L8jUMCbHQH3hPlhx73u4aOYjeG54AHf1voOFYIIu2e4jvU6PtoqtFhNVPD8sWKzXvIMkwJyrXBXYcy0t-B262CYNozpaznRujU5hzeE4LnbBqx5SIGWPDeA2kObPkYC7i-8S9atKukaiZ6k\/s320\/IMG-20230517-WA0194.jpg\" width=\"320\" height=\"295\" border=\"0\" data-original-height=\"741\" data-original-width=\"805\" src=\"data:image\/svg+xml;base64,PHN2ZyB3aWR0aD0iMSIgaGVpZ2h0PSIxIiB4bWxucz0iaHR0cDovL3d3dy53My5vcmcvMjAwMC9zdmciPjwvc3ZnPg==\" class=\"lazyload\" style=\"--smush-placeholder-width: 320px; --smush-placeholder-aspect-ratio: 320\/295;\" \/><\/a><\/div>\n<\/div>\n<div><\/div>\n<div>De acuerdo al informe preliminar, en horas de la madrugada de la citada fecha, tres j\u00f3venes, de 19, 20 y 21 a\u00f1os, respectivamente, incluyendo una f\u00e9mina, se encontraban sentados en un parqueo esperando un taxi en la calle Jos\u00e9 Amado Soler, pr\u00f3ximo a la avenida Lope de Vega, lugar donde fueron interceptados por dos desconocidos, quienes, portando armas de fuego, los despojaron de celulares, carteras con documentos personales y dinero en efectivo.<\/div>\n<div><\/div>\n<div>Los autores, seg\u00fan los denunciantes, iban a bordo de un veh\u00edculo marca Sonata, blanco, y al momento de \u00e9stos emprender la huida realizaron dos disparos, de los cuales uno impact\u00f3 a Joshua en la cabeza, cuando se encontraba a bordo del carro Honda Accord, gris, el cual conduc\u00eda.<\/div>\n<div><\/div>\n<div>Se ampl\u00edan las labores a los fines de dar con el paradero del otro implicado en el hecho, para apresarlo y ponerlo a disposici\u00f3n de la justicia junto a Alison de Jes\u00fas P\u00e9rez Mej\u00eda, quien ser\u00e1 enviado ante el Ministerio P\u00fablico en las pr\u00f3ximas horas.<\/div>\n<\/div>\n<div style=\"text-align: justify;\"><\/div>\n<div style=\"text-align: justify;\"><\/div>\n<div style=\"text-align: justify;\">Fuente: Departamento de Investigaciones de Homicidio PN<\/div>\n<div style=\"text-align: justify;\"><\/div>\n","protected":false},"excerpt":{"rendered":"<p>Por Felix Rubio Ante las constantes labores de b\u00fasqueda y captura. \u2022\u2022\u2022 Ante las constantes<\/p>\n","protected":false},"author":1,"featured_media":0,"comment_status":"open","ping_status":"open","sticky":false,"template":"","format":"standard","meta":{"footnotes":""},"categories":[7],"tags":[],"class_list":["post-4980","post","type-post","status-publish","format-standard","hentry","category-nacionales"],"_links":{"self":[{"href":"https:\/\/defrentealaverdad.com\/index.php\/wp-json\/wp\/v2\/posts\/4980","targetHints":{"allow":["GET"]}}],"collection":[{"href":"https:\/\/defrentealaverdad.com\/index.php\/wp-json\/wp\/v2\/posts"}],"about":[{"href":"https:\/\/defrentealaverdad.com\/index.php\/wp-json\/wp\/v2\/types\/post"}],"author":[{"embeddable":true,"href":"https:\/\/defrentealaverdad.com\/index.php\/wp-json\/wp\/v2\/users\/1"}],"replies":[{"embeddable":true,"href":"https:\/\/defrentealaverdad.com\/index.php\/wp-json\/wp\/v2\/comments?post=4980"}],"version-history":[{"count":3,"href":"https:\/\/defrentealaverdad.com\/index.php\/wp-json\/wp\/v2\/posts\/4980\/revisions"}],"predecessor-version":[{"id":4983,"href":"https:\/\/defrentealaverdad.com\/index.php\/wp-json\/wp\/v2\/posts\/4980\/revisions\/4983"}],"wp:attachment":[{"href":"https:\/\/defrentealaverdad.com\/index.php\/wp-json\/wp\/v2\/media?parent=4980"}],"wp:term":[{"taxonomy":"category","embeddable":true,"href":"https:\/\/defrentealaverdad.com\/index.php\/wp-json\/wp\/v2\/categories?post=4980"},{"taxonomy":"post_tag","embeddable":true,"href":"https:\/\/defrentealaverdad.com\/index.php\/wp-json\/wp\/v2\/tags?post=4980"}],"curies":[{"name":"wp","href":"https:\/\/api.w.org\/{rel}","templated":true}]}}