{"id":4978,"date":"2023-05-18T13:24:17","date_gmt":"2023-05-18T13:24:17","guid":{"rendered":"https:\/\/defrentealaverdad.com\/?p=4978"},"modified":"2023-05-18T13:24:17","modified_gmt":"2023-05-18T13:24:17","slug":"temblor-de-magnitud-5-1-sacude-a-puerto-plata","status":"publish","type":"post","link":"https:\/\/defrentealaverdad.com\/index.php\/2023\/05\/18\/temblor-de-magnitud-5-1-sacude-a-puerto-plata\/","title":{"rendered":"Temblor de magnitud 5.1 sacude a Puerto Plata"},"content":{"rendered":"<p style=\"text-align: justify;\"><img decoding=\"async\" class=\"aligncenter lazyload\" data-src=\"https:\/\/elpregonerord.com\/wp-content\/uploads\/2021\/09\/WhatsApp-Image-2021-09-22-at-11.40.01-AM.jpeg\" src=\"data:image\/svg+xml;base64,PHN2ZyB3aWR0aD0iMSIgaGVpZ2h0PSIxIiB4bWxucz0iaHR0cDovL3d3dy53My5vcmcvMjAwMC9zdmciPjwvc3ZnPg==\" \/><\/p>\n<p style=\"text-align: justify;\">SANTIAGO.-Un temblor de tierra magnitud 5.1 se registr\u00f3 la madrugada de este jueves a 9 kilometros al este de\u00a0<strong>Altamira, Puerto Plata,<\/strong>\u00a0inform\u00f3 el Instituto de Sismologia de la Universidad Aut\u00f3noma de Santo Domingo (UASD).<\/p>\n<p style=\"text-align: justify;\">El evento tuvo una profundidad de 10 kilometros y ocurri\u00f3\u00a0<strong>a las 4:44 de la madrugada de hoy.<\/strong><\/p>\n<p style=\"text-align: justify;\">Cientos de personas reportaron en la redes sociales haber sentido el sismo en Santiago, Valverde, Moca. Hasta el momento las autoridades no han reportado da\u00f1os en Altamira, Puerto Plata, Santiago Rodr\u00edguez y zonas aleada\u00f1as<\/p>\n<p>&nbsp;<\/p>\n<p>Fuente: Instituto de Sismologia de la Universidad Aut\u00f3noma de Santo Domingo (UASD).<\/p>\n<p>&nbsp;<\/p>\n","protected":false},"excerpt":{"rendered":"<p>SANTIAGO.-Un temblor de tierra magnitud 5.1 se registr\u00f3 la madrugada de este jueves a 9<\/p>\n","protected":false},"author":1,"featured_media":0,"comment_status":"open","ping_status":"open","sticky":false,"template":"","format":"standard","meta":{"footnotes":""},"categories":[7],"tags":[],"class_list":["post-4978","post","type-post","status-publish","format-standard","hentry","category-nacionales"],"_links":{"self":[{"href":"https:\/\/defrentealaverdad.com\/index.php\/wp-json\/wp\/v2\/posts\/4978","targetHints":{"allow":["GET"]}}],"collection":[{"href":"https:\/\/defrentealaverdad.com\/index.php\/wp-json\/wp\/v2\/posts"}],"about":[{"href":"https:\/\/defrentealaverdad.com\/index.php\/wp-json\/wp\/v2\/types\/post"}],"author":[{"embeddable":true,"href":"https:\/\/defrentealaverdad.com\/index.php\/wp-json\/wp\/v2\/users\/1"}],"replies":[{"embeddable":true,"href":"https:\/\/defrentealaverdad.com\/index.php\/wp-json\/wp\/v2\/comments?post=4978"}],"version-history":[{"count":1,"href":"https:\/\/defrentealaverdad.com\/index.php\/wp-json\/wp\/v2\/posts\/4978\/revisions"}],"predecessor-version":[{"id":4979,"href":"https:\/\/defrentealaverdad.com\/index.php\/wp-json\/wp\/v2\/posts\/4978\/revisions\/4979"}],"wp:attachment":[{"href":"https:\/\/defrentealaverdad.com\/index.php\/wp-json\/wp\/v2\/media?parent=4978"}],"wp:term":[{"taxonomy":"category","embeddable":true,"href":"https:\/\/defrentealaverdad.com\/index.php\/wp-json\/wp\/v2\/categories?post=4978"},{"taxonomy":"post_tag","embeddable":true,"href":"https:\/\/defrentealaverdad.com\/index.php\/wp-json\/wp\/v2\/tags?post=4978"}],"curies":[{"name":"wp","href":"https:\/\/api.w.org\/{rel}","templated":true}]}}