{"id":4961,"date":"2023-05-16T19:59:51","date_gmt":"2023-05-16T19:59:51","guid":{"rendered":"https:\/\/defrentealaverdad.com\/?p=4961"},"modified":"2023-05-16T20:00:02","modified_gmt":"2023-05-16T20:00:02","slug":"leandro-mieses-auspicia-operativo-medico-en-la-loma-del-chivo","status":"publish","type":"post","link":"https:\/\/defrentealaverdad.com\/index.php\/2023\/05\/16\/leandro-mieses-auspicia-operativo-medico-en-la-loma-del-chivo\/","title":{"rendered":"Leandro Mieses auspicia operativo m\u00e9dico en la Loma del Chivo"},"content":{"rendered":"<p><img decoding=\"async\" class=\"size-medium wp-image-4962 aligncenter lazyload\" data-src=\"https:\/\/defrentealaverdad.com\/wp-content\/uploads\/2023\/05\/09f09b97-8e7a-4a76-a317-5deadb92d95f-300x224.jpeg\" alt=\"\" width=\"300\" height=\"224\" data-srcset=\"https:\/\/defrentealaverdad.com\/wp-content\/uploads\/2023\/05\/09f09b97-8e7a-4a76-a317-5deadb92d95f-300x224.jpeg 300w, https:\/\/defrentealaverdad.com\/wp-content\/uploads\/2023\/05\/09f09b97-8e7a-4a76-a317-5deadb92d95f-1024x766.jpeg 1024w, https:\/\/defrentealaverdad.com\/wp-content\/uploads\/2023\/05\/09f09b97-8e7a-4a76-a317-5deadb92d95f-768x575.jpeg 768w, https:\/\/defrentealaverdad.com\/wp-content\/uploads\/2023\/05\/09f09b97-8e7a-4a76-a317-5deadb92d95f-1536x1149.jpeg 1536w, https:\/\/defrentealaverdad.com\/wp-content\/uploads\/2023\/05\/09f09b97-8e7a-4a76-a317-5deadb92d95f-720x540.jpeg 720w, https:\/\/defrentealaverdad.com\/wp-content\/uploads\/2023\/05\/09f09b97-8e7a-4a76-a317-5deadb92d95f.jpeg 1600w\" data-sizes=\"(max-width: 300px) 100vw, 300px\" src=\"data:image\/svg+xml;base64,PHN2ZyB3aWR0aD0iMSIgaGVpZ2h0PSIxIiB4bWxucz0iaHR0cDovL3d3dy53My5vcmcvMjAwMC9zdmciPjwvc3ZnPg==\" style=\"--smush-placeholder-width: 300px; --smush-placeholder-aspect-ratio: 300\/224;\" \/><\/p>\n<p style=\"text-align: justify;\">El dirigente Leandro Mieses a trav\u00e9s de la Fundaci\u00f3n Levantando al Ca\u00eddo con Amor y Voluntad (FUNLECAV) auspici\u00f3 un operativo m\u00e9dico en la Loma del Chivo del Caf\u00e9 de Herrera, donde fueron beneficiados decenas de ni\u00f1os, j\u00f3venes y adultos mayores de esa comunidad.<\/p>\n<p style=\"text-align: justify;\">La jornada incluy\u00f3 adem\u00e1s la instalaci\u00f3n de una cl\u00ednica m\u00f3vil donde se ofrecieron chequeos de medicina general, medicina familiar, cardiolog\u00eda, oftalmolog\u00eda, odontolog\u00eda, ginecolog\u00eda, nutrici\u00f3n<br \/>\ny pediatr\u00eda.<\/p>\n<p style=\"text-align: justify;\">El operativo inici\u00f3 a las 9:00 de la ma\u00f1ana y concluy\u00f3 pasada las 2:00 de la tarde, tiempo durante el cual se atendieron a m\u00e1s de 1200 personas, entre ellas ni\u00f1os, j\u00f3venes y adultos mayores, quienes adem\u00e1s de recibir los servicios de chequeos gratuitos, tuvieron la oportunidad de adquirir los medicamentos conforme al diagn\u00f3stico arrojado en las \u00e1reas incluidas en esta jornada, raciones de alimentos crudos para los adultos y raciones de dulces para los m\u00e1s peque\u00f1os.<\/p>\n<p style=\"text-align: justify;\"><em>\u201cLa salud es parte fundamental y uno de los principales pilares de la familia, si los miembros de una familia est\u00e1n en salud esto le garantiza un gran nivel de tranquilidad, por tal raz\u00f3n quisimos trabajar en conjunto con esta fundaci\u00f3n para el bienestar de los moradores de la zona\u201d<\/em> aclar\u00f3 Mieses.<\/p>\n<p style=\"text-align: justify;\"><em>\u201cEste es el segundo de varias jornadas que se estar\u00e1n realizando en todo el Municipio Oeste con intenci\u00f3n de contribuir con las comunidades\u201d<\/em> agreg\u00f3 el joven dirigente.<\/p>\n<p style=\"text-align: justify;\"><em>\u201cAgradezco a FUNLECAV por la organizaci\u00f3n de este operativo m\u00e9dico que hoy se est\u00e1 realizando en la Loma del Chivo, serviremos de brazo operativo a esta fundaci\u00f3n para llevar esta jornada a otras comunidades, brindado los mismos servicios y medicamentos totalmente gratuitos\u201c<\/em> &#8211; agreg\u00f3 el joven pol\u00edtico.<\/p>\n<p style=\"text-align: justify;\"><em>\u201cFunlecav lleva varios a\u00f1os trabajando ha impactando varias comunidades de Santo Domingo, somos una fundaci\u00f3n sin fines de lucro enfocada en el bienestar de la gente, con un gran equipo de colaboradores que forman parte de la organizaci\u00f3n y con este operativo m\u00e9dico que tiene especialista en todas las \u00e1reas queremos dar un granito de arena de todo lo que recibimos, porque \u201clo que por gracia hemos recibido por gracia lo daremos, Marcos 16:15\u201d,<\/em> agradecemos sobremanera a Leandro Mieses por creer y apoyar nuestra causa por el beneficio de todos\u201d agregaron Jazm\u00edn V\u00e1squez y Awilda Ramirez directivas y fundadoras.<\/p>\n<p style=\"text-align: justify;\"><strong>Sobre Leandro Mieses<\/strong><\/p>\n<p style=\"text-align: justify;\"><img decoding=\"async\" class=\"alignnone size-medium wp-image-4963 aligncenter lazyload\" data-src=\"https:\/\/defrentealaverdad.com\/wp-content\/uploads\/2023\/05\/1808b4ce-a8b2-4f8e-b8eb-c1887280eab3-300x200.jpeg\" alt=\"\" width=\"300\" height=\"200\" data-srcset=\"https:\/\/defrentealaverdad.com\/wp-content\/uploads\/2023\/05\/1808b4ce-a8b2-4f8e-b8eb-c1887280eab3-300x200.jpeg 300w, https:\/\/defrentealaverdad.com\/wp-content\/uploads\/2023\/05\/1808b4ce-a8b2-4f8e-b8eb-c1887280eab3-1024x682.jpeg 1024w, https:\/\/defrentealaverdad.com\/wp-content\/uploads\/2023\/05\/1808b4ce-a8b2-4f8e-b8eb-c1887280eab3-768x512.jpeg 768w, https:\/\/defrentealaverdad.com\/wp-content\/uploads\/2023\/05\/1808b4ce-a8b2-4f8e-b8eb-c1887280eab3-1536x1023.jpeg 1536w, https:\/\/defrentealaverdad.com\/wp-content\/uploads\/2023\/05\/1808b4ce-a8b2-4f8e-b8eb-c1887280eab3.jpeg 1600w\" data-sizes=\"(max-width: 300px) 100vw, 300px\" src=\"data:image\/svg+xml;base64,PHN2ZyB3aWR0aD0iMSIgaGVpZ2h0PSIxIiB4bWxucz0iaHR0cDovL3d3dy53My5vcmcvMjAwMC9zdmciPjwvc3ZnPg==\" style=\"--smush-placeholder-width: 300px; --smush-placeholder-aspect-ratio: 300\/200;\" \/><\/p>\n<p style=\"text-align: justify;\">Leandro Mieses es oriundo del Km. 12 en Santo Domingo Oeste, actualmente es encargado de planificaci\u00f3n de la Comisi\u00f3n Presidencial de Apoyo al Desarrollo Provincial (CPADP), entidad que trabaja en conjunto con los lineamientos del presidente Luis Abinader. Es un l\u00edder comunitario que siempre ha trabajado a favor del desarrollo de Santo Domingo Oeste, creyendo en la juventud y apostando a su preparaci\u00f3n acad\u00e9mica y al deporte.<\/p>\n<p style=\"text-align: justify;\">\n<p style=\"text-align: justify;\">Fuente: Prensa FUNLECAV<\/p>\n","protected":false},"excerpt":{"rendered":"<p>El dirigente Leandro Mieses a trav\u00e9s de la Fundaci\u00f3n Levantando al Ca\u00eddo con Amor y<\/p>\n","protected":false},"author":1,"featured_media":0,"comment_status":"open","ping_status":"open","sticky":false,"template":"","format":"standard","meta":{"footnotes":""},"categories":[7],"tags":[],"class_list":["post-4961","post","type-post","status-publish","format-standard","hentry","category-nacionales"],"_links":{"self":[{"href":"https:\/\/defrentealaverdad.com\/index.php\/wp-json\/wp\/v2\/posts\/4961","targetHints":{"allow":["GET"]}}],"collection":[{"href":"https:\/\/defrentealaverdad.com\/index.php\/wp-json\/wp\/v2\/posts"}],"about":[{"href":"https:\/\/defrentealaverdad.com\/index.php\/wp-json\/wp\/v2\/types\/post"}],"author":[{"embeddable":true,"href":"https:\/\/defrentealaverdad.com\/index.php\/wp-json\/wp\/v2\/users\/1"}],"replies":[{"embeddable":true,"href":"https:\/\/defrentealaverdad.com\/index.php\/wp-json\/wp\/v2\/comments?post=4961"}],"version-history":[{"count":2,"href":"https:\/\/defrentealaverdad.com\/index.php\/wp-json\/wp\/v2\/posts\/4961\/revisions"}],"predecessor-version":[{"id":4965,"href":"https:\/\/defrentealaverdad.com\/index.php\/wp-json\/wp\/v2\/posts\/4961\/revisions\/4965"}],"wp:attachment":[{"href":"https:\/\/defrentealaverdad.com\/index.php\/wp-json\/wp\/v2\/media?parent=4961"}],"wp:term":[{"taxonomy":"category","embeddable":true,"href":"https:\/\/defrentealaverdad.com\/index.php\/wp-json\/wp\/v2\/categories?post=4961"},{"taxonomy":"post_tag","embeddable":true,"href":"https:\/\/defrentealaverdad.com\/index.php\/wp-json\/wp\/v2\/tags?post=4961"}],"curies":[{"name":"wp","href":"https:\/\/api.w.org\/{rel}","templated":true}]}}