{"id":4955,"date":"2023-05-16T18:55:56","date_gmt":"2023-05-16T18:55:56","guid":{"rendered":"https:\/\/defrentealaverdad.com\/?p=4955"},"modified":"2023-05-16T18:55:56","modified_gmt":"2023-05-16T18:55:56","slug":"ejercito-de-republica-dominicana-capacita-soldados-para-combatir-incendios-forestales","status":"publish","type":"post","link":"https:\/\/defrentealaverdad.com\/index.php\/2023\/05\/16\/ejercito-de-republica-dominicana-capacita-soldados-para-combatir-incendios-forestales\/","title":{"rendered":"Ej\u00e9rcito de Rep\u00fablica Dominicana capacita soldados para combatir incendios forestales"},"content":{"rendered":"<p style=\"text-align: justify;\">Por Felix Rubio<\/p>\n<p><img decoding=\"async\" class=\"aligncenter lazyload\" data-src=\"https:\/\/lavozdelafronterard.com\/wp-content\/uploads\/2023\/05\/WhatsApp-Image-2023-05-15-at-4.52.34-PM-640x386.webp\" src=\"data:image\/svg+xml;base64,PHN2ZyB3aWR0aD0iMSIgaGVpZ2h0PSIxIiB4bWxucz0iaHR0cDovL3d3dy53My5vcmcvMjAwMC9zdmciPjwvc3ZnPg==\" style=\"--smush-placeholder-width: 640px; --smush-placeholder-aspect-ratio: 640\/386;\" \/><\/p>\n<p style=\"text-align: justify;\">A ra\u00edz de los incendios forestales que surgieron en diversos puntos de nuestras zonas boscosas, as\u00ed como por la temporada de sequ\u00eda estacionaria que afecta cada a\u00f1o el territorio nacional, el Ej\u00e9rcito dispuso la capacitaci\u00f3n de 646 soldados, los cuales asumir\u00e1n la misi\u00f3n de prevenir, controlar y sofocar este tipo de siniestro.<\/p>\n<p style=\"text-align: justify;\">Los soldados estar\u00e1n divididos en 17 pelotones, cada uno compuesto por 38 miembros, los cuales estar\u00e1n apostados de manera estrat\u00e9gica en diferentes provincias del pa\u00eds, bajo el mando de las seis Brigadas de Infanter\u00eda del ERD, y cuyo compromiso obedece a uno de los objetivos del Plan Estrat\u00e9gico Institucional, que procura el desarrollo medio ambiental de la naci\u00f3n.<\/p>\n<p style=\"text-align: justify;\">Estos pelotones se encuentran en el proceso de capacitaci\u00f3n y adiestramiento a cargo de la Unidad Humanitaria y de Rescate (UHR-ERD), con apoyo de la Defensa Civil, el Centro de Operaciones de Emergencias (COE), los Bomberos Forestales y el Programa Nacional de Gesti\u00f3n y Manejo del Fuego del Ministerio de Medio Ambiente y Recursos Naturales.<\/p>\n<p style=\"text-align: justify;\">Los lugares donde se ubicar\u00e1n los pelotones de reacci\u00f3n r\u00e1pida son: Pedro Brand, Constanza, San Juan de la Maguana, Azua de Compostela, Valverde, Dajab\u00f3n, Restauraci\u00f3n, Duverg\u00e9, Barahona, Pedernales, El Seibo, San Francisco de Macor\u00eds y San Pedro de Macor\u00eds.<\/p>\n<p style=\"text-align: justify;\">La capacitaci\u00f3n de estos pelotones permitir\u00e1 brindar una pronta respuesta ante la ocurrencia de siniestros, adem\u00e1s de trabajar en estrecha colaboraci\u00f3n con autoridades medioambientales para maximizar la eficacia en sus operaciones.<\/p>\n<p>&nbsp;<\/p>\n<p>Fuente: Prensa ERD<\/p>\n","protected":false},"excerpt":{"rendered":"<p>Por Felix Rubio A ra\u00edz de los incendios forestales que surgieron en diversos puntos de<\/p>\n","protected":false},"author":1,"featured_media":0,"comment_status":"open","ping_status":"open","sticky":false,"template":"","format":"standard","meta":{"footnotes":""},"categories":[7],"tags":[],"class_list":["post-4955","post","type-post","status-publish","format-standard","hentry","category-nacionales"],"_links":{"self":[{"href":"https:\/\/defrentealaverdad.com\/index.php\/wp-json\/wp\/v2\/posts\/4955","targetHints":{"allow":["GET"]}}],"collection":[{"href":"https:\/\/defrentealaverdad.com\/index.php\/wp-json\/wp\/v2\/posts"}],"about":[{"href":"https:\/\/defrentealaverdad.com\/index.php\/wp-json\/wp\/v2\/types\/post"}],"author":[{"embeddable":true,"href":"https:\/\/defrentealaverdad.com\/index.php\/wp-json\/wp\/v2\/users\/1"}],"replies":[{"embeddable":true,"href":"https:\/\/defrentealaverdad.com\/index.php\/wp-json\/wp\/v2\/comments?post=4955"}],"version-history":[{"count":1,"href":"https:\/\/defrentealaverdad.com\/index.php\/wp-json\/wp\/v2\/posts\/4955\/revisions"}],"predecessor-version":[{"id":4956,"href":"https:\/\/defrentealaverdad.com\/index.php\/wp-json\/wp\/v2\/posts\/4955\/revisions\/4956"}],"wp:attachment":[{"href":"https:\/\/defrentealaverdad.com\/index.php\/wp-json\/wp\/v2\/media?parent=4955"}],"wp:term":[{"taxonomy":"category","embeddable":true,"href":"https:\/\/defrentealaverdad.com\/index.php\/wp-json\/wp\/v2\/categories?post=4955"},{"taxonomy":"post_tag","embeddable":true,"href":"https:\/\/defrentealaverdad.com\/index.php\/wp-json\/wp\/v2\/tags?post=4955"}],"curies":[{"name":"wp","href":"https:\/\/api.w.org\/{rel}","templated":true}]}}