{"id":4953,"date":"2023-05-15T19:19:13","date_gmt":"2023-05-15T19:19:13","guid":{"rendered":"https:\/\/defrentealaverdad.com\/?p=4953"},"modified":"2023-05-15T19:19:13","modified_gmt":"2023-05-15T19:19:13","slug":"ministro-diaz-morfa-participara-en-exposicion-sobre-seguridad-y-defensa-en-madrid","status":"publish","type":"post","link":"https:\/\/defrentealaverdad.com\/index.php\/2023\/05\/15\/ministro-diaz-morfa-participara-en-exposicion-sobre-seguridad-y-defensa-en-madrid\/","title":{"rendered":"Ministro D\u00edaz Morfa participar\u00e1 en exposici\u00f3n sobre seguridad y defensa en Madrid"},"content":{"rendered":"<p style=\"text-align: justify;\">Por Felix Rubio<\/p>\n<div class=\"separator\" style=\"text-align: justify;\"><a href=\"https:\/\/blogger.googleusercontent.com\/img\/b\/R29vZ2xl\/AVvXsEiconmXihx4hxGntswI25LXTu4e2ruCCvxmyyxVyRZ58bEfOLo9Sl1SV7fHMibH3GoqvqNvuEPr91P3Wh-0cxJpza6MqBsUbiloSCe4zBeApvWafxBajBa-oRasOpZBmOmOdjqW5gHWn_fWHHmHqws4XwG32t1vWsO15cWGqXzjm3j3RvdsYK7gRmalvA\/s1028\/IMG-20230515-WA0026.jpg\"><img decoding=\"async\" data-src=\"https:\/\/blogger.googleusercontent.com\/img\/b\/R29vZ2xl\/AVvXsEiconmXihx4hxGntswI25LXTu4e2ruCCvxmyyxVyRZ58bEfOLo9Sl1SV7fHMibH3GoqvqNvuEPr91P3Wh-0cxJpza6MqBsUbiloSCe4zBeApvWafxBajBa-oRasOpZBmOmOdjqW5gHWn_fWHHmHqws4XwG32t1vWsO15cWGqXzjm3j3RvdsYK7gRmalvA\/s320\/IMG-20230515-WA0026.jpg\" width=\"224\" height=\"320\" border=\"0\" data-original-height=\"1028\" data-original-width=\"720\" src=\"data:image\/svg+xml;base64,PHN2ZyB3aWR0aD0iMSIgaGVpZ2h0PSIxIiB4bWxucz0iaHR0cDovL3d3dy53My5vcmcvMjAwMC9zdmciPjwvc3ZnPg==\" class=\"lazyload\" style=\"--smush-placeholder-width: 224px; --smush-placeholder-aspect-ratio: 224\/320;\" \/><\/a><\/div>\n<p style=\"text-align: justify;\">SANTO DOMINGO.- El Ministro de Defensa de Rep\u00fablica Dominicana, teniente general Carlos Luciano D\u00edaz Morfa, ERD., participar\u00e1 en la octava edici\u00f3n de la Exposici\u00f3n Internacional de Defensa y Seguridad \u201cFEINDEF 2023\u201d, a celebrarse en Madrid Espa\u00f1a, del 16 al 20 de mayo del 2023.<\/p>\n<div class=\"separator\" style=\"text-align: justify;\"><a href=\"https:\/\/blogger.googleusercontent.com\/img\/b\/R29vZ2xl\/AVvXsEiR2AyTftUeyZlv5BT4jFMInwEUoH4G5GQyHgn5oO8RDzBXkA7q9s_02dtszt8dtG4IHOacbZylQBxeIJyAGrxjBIJmG5f4hyNKw4Z1MtLrZmpmjQwgh7rDagvEbjJQTesjSwTFSbDuo8gnIWyWHsS-V1RcMbP7lCh2i-YNPAGwhrZT8wDTY4XCRjn3Gw\/s1025\/02-Tte-General-Carlos-L.-Diaz-Morfa-FINAL-2-1.png\"><img decoding=\"async\" data-src=\"https:\/\/blogger.googleusercontent.com\/img\/b\/R29vZ2xl\/AVvXsEiR2AyTftUeyZlv5BT4jFMInwEUoH4G5GQyHgn5oO8RDzBXkA7q9s_02dtszt8dtG4IHOacbZylQBxeIJyAGrxjBIJmG5f4hyNKw4Z1MtLrZmpmjQwgh7rDagvEbjJQTesjSwTFSbDuo8gnIWyWHsS-V1RcMbP7lCh2i-YNPAGwhrZT8wDTY4XCRjn3Gw\/s320\/02-Tte-General-Carlos-L.-Diaz-Morfa-FINAL-2-1.png\" width=\"235\" height=\"320\" border=\"0\" data-original-height=\"1025\" data-original-width=\"752\" src=\"data:image\/svg+xml;base64,PHN2ZyB3aWR0aD0iMSIgaGVpZ2h0PSIxIiB4bWxucz0iaHR0cDovL3d3dy53My5vcmcvMjAwMC9zdmciPjwvc3ZnPg==\" class=\"lazyload\" style=\"--smush-placeholder-width: 235px; --smush-placeholder-aspect-ratio: 235\/320;\" \/><\/a><\/div>\n<p style=\"text-align: justify;\">\nEl evento se realizar\u00e1 en IFEMA-Feria de Madrid, organizada por el Ministerio de Defensa de Espa\u00f1a en colaboraci\u00f3n con la Asociaci\u00f3n Espa\u00f1ola de Empresas de Tecnolog\u00edas de Defensa, Seguridad, Aeron\u00e1utica y Espacio (TEDAE), donde los participantes intercambian ideas y colaboran en soluciones a los desaf\u00edos que enfrenta la industria de seguridad y defensa.<\/p>\n<p>El objetivo de la exposici\u00f3n \u201cFEINDEF-2023\u201d es proporcionar una plataforma a empresas, organizaciones y agencias gubernamentales de todo el mundo para que muestren sus \u00faltimos productos, tecnolog\u00edas y servicios relacionados con la defensa y la seguridad.<\/p>\n<p>En la exposici\u00f3n se exhibir\u00e1n los \u00faltimos productos, tecnolog\u00edas y servicios relacionados con la defensa y la seguridad, y reunir\u00e1 a empresas, organizaciones y agencias gubernamentales de todo el mundo. El evento tambi\u00e9n incluye conferencias, talleres y otras actividades que faciliten las discusiones y colaboraciones entre los participantes.<\/p>\n<p>Durante su estad\u00eda en Espa\u00f1a D\u00edaz Morfa visitar\u00e1 las instalaciones de la empresa UROVESA, en Santiago de Compostela, fabricantes de los veh\u00edculos militares VANTAC ST5 y TT URO, que utilizan las Fuerzas Armadas dominicanas.<\/p>\n<p>La empresa fabricante de veh\u00edculos militares, con capacidad para fabricar hasta 5,000 veh\u00edculos al a\u00f1o, dispone de t\u00e9cnicas punteras avanzadas de fabricaci\u00f3n y montaje, con un centro log\u00edstico donde ofrece asistencia r\u00e1pida y eficaz, como optimizar el ciclo de vida y obtener mayor nivel de rendimiento del veh\u00edculo.<\/p>\n<p>&nbsp;<\/p>\n<p>Fuente: Prensa Ministerio de Defensa RD<\/p>\n","protected":false},"excerpt":{"rendered":"<p>Por Felix Rubio SANTO DOMINGO.- El Ministro de Defensa de Rep\u00fablica Dominicana, teniente general Carlos<\/p>\n","protected":false},"author":1,"featured_media":0,"comment_status":"open","ping_status":"open","sticky":false,"template":"","format":"standard","meta":{"footnotes":""},"categories":[7],"tags":[],"class_list":["post-4953","post","type-post","status-publish","format-standard","hentry","category-nacionales"],"_links":{"self":[{"href":"https:\/\/defrentealaverdad.com\/index.php\/wp-json\/wp\/v2\/posts\/4953","targetHints":{"allow":["GET"]}}],"collection":[{"href":"https:\/\/defrentealaverdad.com\/index.php\/wp-json\/wp\/v2\/posts"}],"about":[{"href":"https:\/\/defrentealaverdad.com\/index.php\/wp-json\/wp\/v2\/types\/post"}],"author":[{"embeddable":true,"href":"https:\/\/defrentealaverdad.com\/index.php\/wp-json\/wp\/v2\/users\/1"}],"replies":[{"embeddable":true,"href":"https:\/\/defrentealaverdad.com\/index.php\/wp-json\/wp\/v2\/comments?post=4953"}],"version-history":[{"count":1,"href":"https:\/\/defrentealaverdad.com\/index.php\/wp-json\/wp\/v2\/posts\/4953\/revisions"}],"predecessor-version":[{"id":4954,"href":"https:\/\/defrentealaverdad.com\/index.php\/wp-json\/wp\/v2\/posts\/4953\/revisions\/4954"}],"wp:attachment":[{"href":"https:\/\/defrentealaverdad.com\/index.php\/wp-json\/wp\/v2\/media?parent=4953"}],"wp:term":[{"taxonomy":"category","embeddable":true,"href":"https:\/\/defrentealaverdad.com\/index.php\/wp-json\/wp\/v2\/categories?post=4953"},{"taxonomy":"post_tag","embeddable":true,"href":"https:\/\/defrentealaverdad.com\/index.php\/wp-json\/wp\/v2\/tags?post=4953"}],"curies":[{"name":"wp","href":"https:\/\/api.w.org\/{rel}","templated":true}]}}