{"id":4950,"date":"2023-05-15T17:15:28","date_gmt":"2023-05-15T17:15:28","guid":{"rendered":"https:\/\/defrentealaverdad.com\/?p=4950"},"modified":"2023-05-15T17:15:28","modified_gmt":"2023-05-15T17:15:28","slug":"felixis-falcon-rinde-homenaje-a-las-madres-que-oran-por-sus-hijos","status":"publish","type":"post","link":"https:\/\/defrentealaverdad.com\/index.php\/2023\/05\/15\/felixis-falcon-rinde-homenaje-a-las-madres-que-oran-por-sus-hijos\/","title":{"rendered":"Felixis Falc\u00f3n, rinde homenaje a las madres que oran por sus hijos \u00a0"},"content":{"rendered":"<p style=\"text-align: justify;\"><img decoding=\"async\" class=\"alignnone size-medium wp-image-4951 lazyload\" data-src=\"https:\/\/defrentealaverdad.com\/wp-content\/uploads\/2023\/05\/WhatsApp-Image-2023-05-12-at-2.07.55-PM-300x300.jpeg\" alt=\"\" width=\"300\" height=\"300\" data-srcset=\"https:\/\/defrentealaverdad.com\/wp-content\/uploads\/2023\/05\/WhatsApp-Image-2023-05-12-at-2.07.55-PM-300x300.jpeg 300w, https:\/\/defrentealaverdad.com\/wp-content\/uploads\/2023\/05\/WhatsApp-Image-2023-05-12-at-2.07.55-PM-1024x1024.jpeg 1024w, https:\/\/defrentealaverdad.com\/wp-content\/uploads\/2023\/05\/WhatsApp-Image-2023-05-12-at-2.07.55-PM-150x150.jpeg 150w, https:\/\/defrentealaverdad.com\/wp-content\/uploads\/2023\/05\/WhatsApp-Image-2023-05-12-at-2.07.55-PM-768x768.jpeg 768w, https:\/\/defrentealaverdad.com\/wp-content\/uploads\/2023\/05\/WhatsApp-Image-2023-05-12-at-2.07.55-PM-1536x1536.jpeg 1536w, https:\/\/defrentealaverdad.com\/wp-content\/uploads\/2023\/05\/WhatsApp-Image-2023-05-12-at-2.07.55-PM.jpeg 1600w\" data-sizes=\"(max-width: 300px) 100vw, 300px\" src=\"data:image\/svg+xml;base64,PHN2ZyB3aWR0aD0iMSIgaGVpZ2h0PSIxIiB4bWxucz0iaHR0cDovL3d3dy53My5vcmcvMjAwMC9zdmciPjwvc3ZnPg==\" style=\"--smush-placeholder-width: 300px; --smush-placeholder-aspect-ratio: 300\/300;\" \/><\/p>\n<p style=\"text-align: justify;\">New York. USA &#8211; mayo\u00a0 2023. El cantautor Felixis Falc\u00f3n, canta en el d\u00eda de las madres , una de sus canciones m\u00e1s personales y testimoniales dedicada a su madre. Es un himno escrito de manera especial para honrar a esas madres que oran, que no pierden la fe y cada d\u00eda llevan en sus rodillas a sus hijos delante de Dios.<\/p>\n<p style=\"text-align: justify;\"><strong><em>\u201cTU ORACI\u00d3N MAMA\u201d<\/em><\/strong> <em>fue escrita para mi madre, ella quien con velo sobre su cabeza nunca dej\u00f3 de orar por m\u00ed, ella nunca supo las veces que por su oraci\u00f3n Dios me guardo e incluso lo que muchos consideran mi gran \u00e9xito musical fue escrita en uno de esos momentos en donde su oraci\u00f3n me confronto y me devolvi\u00f3 al altar. Esta canci\u00f3n solo quiere honrar la fe de una madre que hoy testifica lo que fielmente pidi\u00f3 en oraci\u00f3n y hoy todos ven. <\/em>As\u00ed se declar\u00f3 Felixis Falc\u00f3n, quien trabaj\u00f3 la letra y m\u00fasica de esta canci\u00f3n.<\/p>\n<p style=\"text-align: justify;\">\u00a0\u201cTU ORACI\u00d3N MAMA\u201d se encuentra disponible en todas las plataformas digitales del cantante, quien espera en este d\u00eda de las madres honrar a todas las madres que hoy se encuentran de rodillas por sus hijos.<\/p>\n<p style=\"text-align: justify;\">\n<p style=\"text-align: justify;\">Fuente: Angela Rodr\u00edguez<\/p>\n","protected":false},"excerpt":{"rendered":"<p>New York. USA &#8211; mayo\u00a0 2023. El cantautor Felixis Falc\u00f3n, canta en el d\u00eda de<\/p>\n","protected":false},"author":1,"featured_media":0,"comment_status":"open","ping_status":"open","sticky":false,"template":"","format":"standard","meta":{"footnotes":""},"categories":[6,16],"tags":[],"class_list":["post-4950","post","type-post","status-publish","format-standard","hentry","category-espectaculos","category-internacionales"],"_links":{"self":[{"href":"https:\/\/defrentealaverdad.com\/index.php\/wp-json\/wp\/v2\/posts\/4950","targetHints":{"allow":["GET"]}}],"collection":[{"href":"https:\/\/defrentealaverdad.com\/index.php\/wp-json\/wp\/v2\/posts"}],"about":[{"href":"https:\/\/defrentealaverdad.com\/index.php\/wp-json\/wp\/v2\/types\/post"}],"author":[{"embeddable":true,"href":"https:\/\/defrentealaverdad.com\/index.php\/wp-json\/wp\/v2\/users\/1"}],"replies":[{"embeddable":true,"href":"https:\/\/defrentealaverdad.com\/index.php\/wp-json\/wp\/v2\/comments?post=4950"}],"version-history":[{"count":1,"href":"https:\/\/defrentealaverdad.com\/index.php\/wp-json\/wp\/v2\/posts\/4950\/revisions"}],"predecessor-version":[{"id":4952,"href":"https:\/\/defrentealaverdad.com\/index.php\/wp-json\/wp\/v2\/posts\/4950\/revisions\/4952"}],"wp:attachment":[{"href":"https:\/\/defrentealaverdad.com\/index.php\/wp-json\/wp\/v2\/media?parent=4950"}],"wp:term":[{"taxonomy":"category","embeddable":true,"href":"https:\/\/defrentealaverdad.com\/index.php\/wp-json\/wp\/v2\/categories?post=4950"},{"taxonomy":"post_tag","embeddable":true,"href":"https:\/\/defrentealaverdad.com\/index.php\/wp-json\/wp\/v2\/tags?post=4950"}],"curies":[{"name":"wp","href":"https:\/\/api.w.org\/{rel}","templated":true}]}}