{"id":4948,"date":"2023-05-15T13:02:24","date_gmt":"2023-05-15T13:02:24","guid":{"rendered":"https:\/\/defrentealaverdad.com\/?p=4948"},"modified":"2023-05-15T13:02:24","modified_gmt":"2023-05-15T13:02:24","slug":"alofoque-suspende-indefinidamente-a-amelia-alcantara-del-programa-sin-filtro-radio-show","status":"publish","type":"post","link":"https:\/\/defrentealaverdad.com\/index.php\/2023\/05\/15\/alofoque-suspende-indefinidamente-a-amelia-alcantara-del-programa-sin-filtro-radio-show\/","title":{"rendered":"Alofoque suspende indefinidamente a Amelia Alc\u00e1ntara del programa Sin Filtro Radio Show"},"content":{"rendered":"<p><img decoding=\"async\" class=\"aligncenter lazyload\" data-src=\"https:\/\/robertocavada.com\/wp-content\/uploads\/2023\/05\/Captura-de-pantalla-2023-05-14-155446.png\" alt=\"Alofoque suspende indefinidamente a Amelia Alc\u00e1ntara del programa Sin Filtro Radio Show\" src=\"data:image\/svg+xml;base64,PHN2ZyB3aWR0aD0iMSIgaGVpZ2h0PSIxIiB4bWxucz0iaHR0cDovL3d3dy53My5vcmcvMjAwMC9zdmciPjwvc3ZnPg==\" \/><\/p>\n<p>El CEO de Alofoke Media Group, Santiago Mat\u00edas, expres\u00f3 por medio de sus redes sociales que suspendi\u00f3 <strong><u>\u201cindefinidamente\u201d<\/u><\/strong> de sus labores en el programa Sin Filtro Radio Show a la comunicadora Amelia Alcantara, ya que <strong><em>\u201cno comparto su actitud de defender a su agresor\u201d.<\/em><\/strong><\/p>\n<p>En su cuenta de Instagram escribi\u00f3 que <strong><em>\u201caunque estoy consciente de que nuestra compa\u00f1era est\u00e1 atrapada en un c\u00edrculo de violencia, quiero dejar claro que no comparto su actitud de defender a su agresor y dejar de lado el esfuerzo que realizamos los que estamos a su alrededor y que la queremos proteger de su agresor, quien podr\u00eda acabar con su vida\u201d. <\/em><\/strong>Santiago Mat\u00edas, tambi\u00e9n agreg\u00f3 que en su calidad de CEO de Alofoke Media Group,<\/p>\n<p>Recientemente, la pareja sentimental de Amelia Alcantara, el se\u00f1or Wagner Taveras (El Gallero), el juez Rigoberto Sena, le expuso las medidas de coerci\u00f3n en el caso que se le imputa de agresi\u00f3n f\u00edsica contra la comentarista, mediante la cual debe pagar una garant\u00eda de $300 mil pesos, realizarse un test psicol\u00f3gico, asistir charlas para mejorar su conducta, presentarse peri\u00f3dicamente ante un juez e impedimento de salida.<\/p>\n<p>Tampoco estamos de acuerdo con el abogado Candido Sim\u00f3n que en declaraciones calific\u00f3 de <strong><em>\u201cnormal\u201d<\/em><\/strong> las agresiones entre las parejas, la violencia no se puede normalizar.<\/p>\n<p>Concluy\u00f3 su parecer Santiago Mat\u00edas.<\/p>\n<p>&nbsp;<\/p>\n<p>Fuente: Roberto Cavada<\/p>\n","protected":false},"excerpt":{"rendered":"<p>El CEO de Alofoke Media Group, Santiago Mat\u00edas, expres\u00f3 por medio de sus redes sociales<\/p>\n","protected":false},"author":4,"featured_media":0,"comment_status":"open","ping_status":"open","sticky":false,"template":"","format":"standard","meta":{"footnotes":""},"categories":[6,7],"tags":[],"class_list":["post-4948","post","type-post","status-publish","format-standard","hentry","category-espectaculos","category-nacionales"],"_links":{"self":[{"href":"https:\/\/defrentealaverdad.com\/index.php\/wp-json\/wp\/v2\/posts\/4948","targetHints":{"allow":["GET"]}}],"collection":[{"href":"https:\/\/defrentealaverdad.com\/index.php\/wp-json\/wp\/v2\/posts"}],"about":[{"href":"https:\/\/defrentealaverdad.com\/index.php\/wp-json\/wp\/v2\/types\/post"}],"author":[{"embeddable":true,"href":"https:\/\/defrentealaverdad.com\/index.php\/wp-json\/wp\/v2\/users\/4"}],"replies":[{"embeddable":true,"href":"https:\/\/defrentealaverdad.com\/index.php\/wp-json\/wp\/v2\/comments?post=4948"}],"version-history":[{"count":1,"href":"https:\/\/defrentealaverdad.com\/index.php\/wp-json\/wp\/v2\/posts\/4948\/revisions"}],"predecessor-version":[{"id":4949,"href":"https:\/\/defrentealaverdad.com\/index.php\/wp-json\/wp\/v2\/posts\/4948\/revisions\/4949"}],"wp:attachment":[{"href":"https:\/\/defrentealaverdad.com\/index.php\/wp-json\/wp\/v2\/media?parent=4948"}],"wp:term":[{"taxonomy":"category","embeddable":true,"href":"https:\/\/defrentealaverdad.com\/index.php\/wp-json\/wp\/v2\/categories?post=4948"},{"taxonomy":"post_tag","embeddable":true,"href":"https:\/\/defrentealaverdad.com\/index.php\/wp-json\/wp\/v2\/tags?post=4948"}],"curies":[{"name":"wp","href":"https:\/\/api.w.org\/{rel}","templated":true}]}}