{"id":4946,"date":"2023-05-15T13:00:54","date_gmt":"2023-05-15T13:00:54","guid":{"rendered":"https:\/\/defrentealaverdad.com\/?p=4946"},"modified":"2023-05-15T13:00:54","modified_gmt":"2023-05-15T13:00:54","slug":"dominicanos-expresan-preocupacion-por-familiares-y-amigos-no-pudieron-entrar-a-ee-uu-por-la-frontera-con-mexico","status":"publish","type":"post","link":"https:\/\/defrentealaverdad.com\/index.php\/2023\/05\/15\/dominicanos-expresan-preocupacion-por-familiares-y-amigos-no-pudieron-entrar-a-ee-uu-por-la-frontera-con-mexico\/","title":{"rendered":"Dominicanos expresan preocupaci\u00f3n por familiares y amigos no pudieron entrar a EE.UU. por la frontera con M\u00e9xico"},"content":{"rendered":"<div id=\"mvp-post-feat-img\" class=\"left relative mvp-post-feat-img-wide2\" style=\"text-align: justify;\"><img decoding=\"async\" class=\"attachment- size- wp-post-image lazyload\" data-src=\"https:\/\/www.ultimasnoticias.com.do\/wp-content\/uploads\/2023\/05\/1-Dominicanos-NYC-muestran-preocupacio%CC%81n-por-familiares-en-frontera-USA-no-pudieran-entrar-a-EUA.jpg\" data-sizes=\"(max-width: 498px) 100vw, 498px\" data-srcset=\"https:\/\/www.ultimasnoticias.com.do\/wp-content\/uploads\/2023\/05\/1-Dominicanos-NYC-muestran-preocupacio\u0301n-por-familiares-en-frontera-USA-no-pudieran-entrar-a-EUA.jpg 498w, https:\/\/www.ultimasnoticias.com.do\/wp-content\/uploads\/2023\/05\/1-Dominicanos-NYC-muestran-preocupacio\u0301n-por-familiares-en-frontera-USA-no-pudieran-entrar-a-EUA-300x177.jpg 300w\" alt=\"\" width=\"498\" height=\"293\" src=\"data:image\/svg+xml;base64,PHN2ZyB3aWR0aD0iMSIgaGVpZ2h0PSIxIiB4bWxucz0iaHR0cDovL3d3dy53My5vcmcvMjAwMC9zdmciPjwvc3ZnPg==\" style=\"--smush-placeholder-width: 498px; --smush-placeholder-aspect-ratio: 498\/293;\" \/><\/div>\n<div id=\"mvp-content-wrap\" class=\"left relative\">\n<div id=\"mvp-content-body\" class=\"left relative\">\n<div id=\"mvp-content-body-top\" class=\"left relative\">\n<div id=\"mvp-content-main\" class=\"left relative\">\n<p style=\"text-align: justify;\"><strong>NUEVA YORK.-<\/strong>\u00a0Dominicanos con familiares, amigos y relacionados que se mantuvieron por un tiempo en la frontera de M\u00e9xico con Estados Unidos tratando de entrar al territorio estadounidense antes que finalizara el T\u00edtulo 42 la semana pasada, se muestran preocupados porque no saben la suerte que correr\u00e1n.<\/p>\n<p style=\"text-align: justify;\">Sin querer identificarse al emitir sus declaraciones en el Alto Manhattan y El Bronx, los quisqueyanos dicen haber perdido la esperanza de juntarse con \u201clos suyos\u201d para que tuvieran una mejor vida aqu\u00ed.<\/p>\n<p style=\"text-align: justify;\">\u201cEs lamentable que al abandonar la RD gastaran mucho dinero, tiempo, pasar trabajo, y distanciarse de su familia en busca del sue\u00f1o americano, y que todo haya sido en vano\u201d, expresan.<\/p>\n<p style=\"text-align: justify;\">El pasado viernes entr\u00f3 en vigor el T\u00edtulo 8 de la Ley de Inmigraci\u00f3n y Nacionalidad, aplicable a los migrantes que ingresen de forma ilegal a USA que ser\u00e1n arrestados y procesados para una deportaci\u00f3n r\u00e1pida.<\/p>\n<p style=\"text-align: justify;\">Asimismo, el gobierno de EUA implementar\u00e1 un \u201cplan amplio\u201d de control migratorio a partir de este viernes, y las personas que son detenidas no ser\u00e1n retenidas en \u00e1reas congregadas para su procesamiento, sino, expulsadas inmediatamente al pa\u00eds.<\/p>\n<p style=\"text-align: justify;\">El actual ministro consejero de la Embajada estadounidense en RD, Greg Segas, declar\u00f3 la semana pasada que \u00abhay m\u00e1s de 25 mil ciudadanos dominicanos esperando volver a su pa\u00eds por entrar ilegalmente\u00bb a USA.<\/p>\n<p style=\"text-align: justify;\">Respecto a la famosa \u00abvuelta por M\u00e9xico\u00bb, Segas advierte que se trata de \u00abun mito\u00bb y que al contrario la frontera con M\u00e9xico resulta ser un \u00abambiente muy peligroso\u00bb y se\u00f1al\u00f3 la presencia de bandas \u00abque se dedican a victimizar a los migrantes\u00bb.<\/p>\n<p style=\"text-align: justify;\">En los \u00faltimos meses han penetrado a EUA millones de inmigrantes, entre ellos miles de dominicanos por la frontera con M\u00e9xico; muchos se han dirigido a la Gran Manzana. A la urbe han llegado m\u00e1s de 60 mil inmigrantes de diferentes etnias, principalmente desde Texas.<\/p>\n<p style=\"text-align: justify;\">Por su parte, el Departamento de Seguridad Nacional inform\u00f3 hace pocos d\u00edas que las deportaciones de migrantes durante los primeros 6 meses del a\u00f1o fiscal 2023, entre el 1 de octubre de 2022 y el 31 de marzo de 2023, aumentaron con respecto al a\u00f1o pasado, al expulsar 225.483 inmigrantes, un aumento de 54.587 con respecto a las 170. 896 realizadas durante el a\u00f1o fiscal anterior.<\/p>\n<\/div>\n<p>Fuente: Ultimas Noticias<\/p>\n<\/div>\n<\/div>\n<\/div>\n","protected":false},"excerpt":{"rendered":"<p>NUEVA YORK.-\u00a0Dominicanos con familiares, amigos y relacionados que se mantuvieron por un tiempo en la<\/p>\n","protected":false},"author":1,"featured_media":0,"comment_status":"open","ping_status":"open","sticky":false,"template":"","format":"standard","meta":{"footnotes":""},"categories":[16],"tags":[],"class_list":["post-4946","post","type-post","status-publish","format-standard","hentry","category-internacionales"],"_links":{"self":[{"href":"https:\/\/defrentealaverdad.com\/index.php\/wp-json\/wp\/v2\/posts\/4946","targetHints":{"allow":["GET"]}}],"collection":[{"href":"https:\/\/defrentealaverdad.com\/index.php\/wp-json\/wp\/v2\/posts"}],"about":[{"href":"https:\/\/defrentealaverdad.com\/index.php\/wp-json\/wp\/v2\/types\/post"}],"author":[{"embeddable":true,"href":"https:\/\/defrentealaverdad.com\/index.php\/wp-json\/wp\/v2\/users\/1"}],"replies":[{"embeddable":true,"href":"https:\/\/defrentealaverdad.com\/index.php\/wp-json\/wp\/v2\/comments?post=4946"}],"version-history":[{"count":1,"href":"https:\/\/defrentealaverdad.com\/index.php\/wp-json\/wp\/v2\/posts\/4946\/revisions"}],"predecessor-version":[{"id":4947,"href":"https:\/\/defrentealaverdad.com\/index.php\/wp-json\/wp\/v2\/posts\/4946\/revisions\/4947"}],"wp:attachment":[{"href":"https:\/\/defrentealaverdad.com\/index.php\/wp-json\/wp\/v2\/media?parent=4946"}],"wp:term":[{"taxonomy":"category","embeddable":true,"href":"https:\/\/defrentealaverdad.com\/index.php\/wp-json\/wp\/v2\/categories?post=4946"},{"taxonomy":"post_tag","embeddable":true,"href":"https:\/\/defrentealaverdad.com\/index.php\/wp-json\/wp\/v2\/tags?post=4946"}],"curies":[{"name":"wp","href":"https:\/\/api.w.org\/{rel}","templated":true}]}}