{"id":4944,"date":"2023-05-15T13:00:02","date_gmt":"2023-05-15T13:00:02","guid":{"rendered":"https:\/\/defrentealaverdad.com\/?p=4944"},"modified":"2023-05-15T13:00:02","modified_gmt":"2023-05-15T13:00:02","slug":"presidente-abinader-expresa-condolencias-a-abel-martinez-por-muerte-de-su-madre","status":"publish","type":"post","link":"https:\/\/defrentealaverdad.com\/index.php\/2023\/05\/15\/presidente-abinader-expresa-condolencias-a-abel-martinez-por-muerte-de-su-madre\/","title":{"rendered":"Presidente Abinader expresa condolencias a Abel Mart\u00ednez por muerte de su madre"},"content":{"rendered":"<p style=\"text-align: justify;\">La madre de Abel Mart\u00ednez falleci\u00f3 la ma\u00f1ana de este domingo<\/p>\n<p style=\"text-align: justify;\"><img decoding=\"async\" data-src=\"https:\/\/resources.diariolibre.com\/images\/2023\/05\/11\/crop-w771-h514-whatsapp-image-2023-05-11-at-123340-pm-f89873ea-focus-min0.01-0.59-895-573.jpg\" alt=\"Presidente Abinader expresa condolencias a Abel Mart\u00ednez por muerte de su madre\" src=\"data:image\/svg+xml;base64,PHN2ZyB3aWR0aD0iMSIgaGVpZ2h0PSIxIiB4bWxucz0iaHR0cDovL3d3dy53My5vcmcvMjAwMC9zdmciPjwvc3ZnPg==\" class=\"lazyload\" \/><\/p>\n<p style=\"text-align: justify;\"><strong>El presidente Luis Abinader<\/strong>\u00a0lament\u00f3 el fallecimiento de la madre del candidato presidencial por el Partido de la Liberaci\u00f3n Dominicana,<strong>\u00a0Abel Mart\u00ednez,<\/strong>\u00a0do\u00f1a M\u00e9lida Dur\u00e1n.<\/p>\n<p style=\"text-align: justify;\">A trav\u00e9s de su cuenta de Twitter el mandatario expres\u00f3 que sus oraciones est\u00e1n con la familia del tambi\u00e9n alcalde de Santiago.<\/p>\n<p style=\"text-align: justify;\">\u00abMis oraciones est\u00e1n con Abel Mart\u00ednez y su familia en estos momentos. Que el amor de su madre, M\u00e9lida Dur\u00e1n, les d\u00e9 la fuerza y la tranquilidad que necesitan. Mis m\u00e1s sinceras condolencias. Paz a su alma\u00bb, escribi\u00f3.<\/p>\n<p>&nbsp;<\/p>\n<p>Fuente: Diario Libre<\/p>\n","protected":false},"excerpt":{"rendered":"<p>La madre de Abel Mart\u00ednez falleci\u00f3 la ma\u00f1ana de este domingo El presidente Luis Abinader\u00a0lament\u00f3<\/p>\n","protected":false},"author":1,"featured_media":0,"comment_status":"open","ping_status":"open","sticky":false,"template":"","format":"standard","meta":{"footnotes":""},"categories":[7],"tags":[],"class_list":["post-4944","post","type-post","status-publish","format-standard","hentry","category-nacionales"],"_links":{"self":[{"href":"https:\/\/defrentealaverdad.com\/index.php\/wp-json\/wp\/v2\/posts\/4944","targetHints":{"allow":["GET"]}}],"collection":[{"href":"https:\/\/defrentealaverdad.com\/index.php\/wp-json\/wp\/v2\/posts"}],"about":[{"href":"https:\/\/defrentealaverdad.com\/index.php\/wp-json\/wp\/v2\/types\/post"}],"author":[{"embeddable":true,"href":"https:\/\/defrentealaverdad.com\/index.php\/wp-json\/wp\/v2\/users\/1"}],"replies":[{"embeddable":true,"href":"https:\/\/defrentealaverdad.com\/index.php\/wp-json\/wp\/v2\/comments?post=4944"}],"version-history":[{"count":1,"href":"https:\/\/defrentealaverdad.com\/index.php\/wp-json\/wp\/v2\/posts\/4944\/revisions"}],"predecessor-version":[{"id":4945,"href":"https:\/\/defrentealaverdad.com\/index.php\/wp-json\/wp\/v2\/posts\/4944\/revisions\/4945"}],"wp:attachment":[{"href":"https:\/\/defrentealaverdad.com\/index.php\/wp-json\/wp\/v2\/media?parent=4944"}],"wp:term":[{"taxonomy":"category","embeddable":true,"href":"https:\/\/defrentealaverdad.com\/index.php\/wp-json\/wp\/v2\/categories?post=4944"},{"taxonomy":"post_tag","embeddable":true,"href":"https:\/\/defrentealaverdad.com\/index.php\/wp-json\/wp\/v2\/tags?post=4944"}],"curies":[{"name":"wp","href":"https:\/\/api.w.org\/{rel}","templated":true}]}}