{"id":4939,"date":"2023-05-14T12:51:23","date_gmt":"2023-05-14T12:51:23","guid":{"rendered":"https:\/\/defrentealaverdad.com\/?p=4939"},"modified":"2023-05-15T12:54:26","modified_gmt":"2023-05-15T12:54:26","slug":"profesores-de-musica-aseguran-ensenar-arte-en-los-ninos-estimula-su-desarrollo-integral","status":"publish","type":"post","link":"https:\/\/defrentealaverdad.com\/index.php\/2023\/05\/14\/profesores-de-musica-aseguran-ensenar-arte-en-los-ninos-estimula-su-desarrollo-integral\/","title":{"rendered":"Profesores de m\u00fasica aseguran ense\u00f1ar arte en los ni\u00f1os estimula su desarrollo integral"},"content":{"rendered":"<p style=\"text-align: justify;\">Por Felix Rubio<\/p>\n<p style=\"text-align: justify;\">SANTO DOMINGO. -La presidente de la Fundaci\u00f3n para la Expansi\u00f3n\u00a0 Cultural y Art\u00edstica de Punta Cana e impulsora de la orquesta sinf\u00f3nica infantil y juvenil de esa demarcaci\u00f3n,\u00a0 Romina Achpurwis, asegura que brindar acceso al conocimiento de la m\u00fasica en los ni\u00f1os estimula su desarrollo integral y permite la formaci\u00f3n de una generaci\u00f3n rica en valores.<\/p>\n<div class=\"separator\" style=\"text-align: justify;\"><a href=\"https:\/\/blogger.googleusercontent.com\/img\/b\/R29vZ2xl\/AVvXsEiW32Ki_WHkc3PwHSKgSpSp_aV2pndN3XYlOmU5QBTB7AIQGRmU-uO9339q2QheCNNOnJbVFEdaNObs1bn64pH2Gc-WVDUW6eWqRGHzr-NtGnTigKnMMbpCEaVGz5FpG1vsPotrADDkKUFDDNY07fGCLgOx1G5Ij1v2kjWO3Zz9ftMzFrSdrRh_jLbjXQ\/s1024\/IMG-20230514-WA0018.jpg\"><img decoding=\"async\" data-src=\"https:\/\/blogger.googleusercontent.com\/img\/b\/R29vZ2xl\/AVvXsEiW32Ki_WHkc3PwHSKgSpSp_aV2pndN3XYlOmU5QBTB7AIQGRmU-uO9339q2QheCNNOnJbVFEdaNObs1bn64pH2Gc-WVDUW6eWqRGHzr-NtGnTigKnMMbpCEaVGz5FpG1vsPotrADDkKUFDDNY07fGCLgOx1G5Ij1v2kjWO3Zz9ftMzFrSdrRh_jLbjXQ\/s320\/IMG-20230514-WA0018.jpg\" width=\"320\" height=\"213\" border=\"0\" data-original-height=\"682\" data-original-width=\"1024\" src=\"data:image\/svg+xml;base64,PHN2ZyB3aWR0aD0iMSIgaGVpZ2h0PSIxIiB4bWxucz0iaHR0cDovL3d3dy53My5vcmcvMjAwMC9zdmciPjwvc3ZnPg==\" class=\"lazyload\" style=\"--smush-placeholder-width: 320px; --smush-placeholder-aspect-ratio: 320\/213;\" \/><\/a><\/div>\n<p style=\"text-align: justify;\">\n<p>Durante su intervenci\u00f3n en el programa \u201cJ-5 Interactivo\u201d, que se transmite todos los jueves de 10:00 a 11:00am, en el dial 106.9 y 102.7, por La Voz de las Fuerzas Armadas, Achpurwis dijo que la orquesta sinf\u00f3nica infantil y juvenil de Punta Cana fue dise\u00f1ada para promover la\u00a0 formaci\u00f3n art\u00edstica en ni\u00f1os de escasos recursos de la zona este que tienen anhelo de ser m\u00fasicos profesionales.<\/p>\n<div class=\"separator\" style=\"text-align: justify;\"><a href=\"https:\/\/blogger.googleusercontent.com\/img\/b\/R29vZ2xl\/AVvXsEhQC5SiymuAz9VbaVKVTpVEZ04JIGYCd2BLuNLguu9feo7eo0-GREUC0FksmlSl6YxLCEJV-DFbGH3d7ttTGCrZGxW6acSaj7CbJ0yvuWZLDW-BZED4XphG8H9fl5kBsmNRt9RGMiJ5nRWHeYP72PInjCaA7KPLSPfxFxvFmP0h1pc0J6vSD3njx4mc3g\/s1024\/IMG-20230514-WA0015.jpg\"><img decoding=\"async\" data-src=\"https:\/\/blogger.googleusercontent.com\/img\/b\/R29vZ2xl\/AVvXsEhQC5SiymuAz9VbaVKVTpVEZ04JIGYCd2BLuNLguu9feo7eo0-GREUC0FksmlSl6YxLCEJV-DFbGH3d7ttTGCrZGxW6acSaj7CbJ0yvuWZLDW-BZED4XphG8H9fl5kBsmNRt9RGMiJ5nRWHeYP72PInjCaA7KPLSPfxFxvFmP0h1pc0J6vSD3njx4mc3g\/s320\/IMG-20230514-WA0015.jpg\" width=\"320\" height=\"213\" border=\"0\" data-original-height=\"682\" data-original-width=\"1024\" src=\"data:image\/svg+xml;base64,PHN2ZyB3aWR0aD0iMSIgaGVpZ2h0PSIxIiB4bWxucz0iaHR0cDovL3d3dy53My5vcmcvMjAwMC9zdmciPjwvc3ZnPg==\" class=\"lazyload\" style=\"--smush-placeholder-width: 320px; --smush-placeholder-aspect-ratio: 320\/213;\" \/><\/a><\/div>\n<p style=\"text-align: justify;\">\n<p>A los estudiantes que integran la orquesta se les ense\u00f1an los conceptos b\u00e1sicos de la m\u00fasica, desarrollar el o\u00eddo, la memoria y luego de que adquieren las aptitudes musicales, la fundaci\u00f3n les asigna un instrumento, que ha sido donado por instituciones que apoyan el proyecto.<\/p>\n<div class=\"separator\" style=\"text-align: justify;\"><a href=\"https:\/\/blogger.googleusercontent.com\/img\/b\/R29vZ2xl\/AVvXsEhU6XhGwlOt122oApVwzUiB2NqCw81eT924aLRqk26q4tlh3IozEy8glbij-mvdHnK3LhbR_et0XXsJOYKpPKwWZFCjQWbNCFXSHFwIhublo6aW0MWdY0kVSq2AEnSnI-NrTjkNa4iFWklh51jWhfGX0Kqzi8vI303aRBvQU9DCUUvQuUg0QCjrL6gnLA\/s1024\/IMG-20230514-WA0019.jpg\"><img decoding=\"async\" data-src=\"https:\/\/blogger.googleusercontent.com\/img\/b\/R29vZ2xl\/AVvXsEhU6XhGwlOt122oApVwzUiB2NqCw81eT924aLRqk26q4tlh3IozEy8glbij-mvdHnK3LhbR_et0XXsJOYKpPKwWZFCjQWbNCFXSHFwIhublo6aW0MWdY0kVSq2AEnSnI-NrTjkNa4iFWklh51jWhfGX0Kqzi8vI303aRBvQU9DCUUvQuUg0QCjrL6gnLA\/s320\/IMG-20230514-WA0019.jpg\" width=\"320\" height=\"213\" border=\"0\" data-original-height=\"682\" data-original-width=\"1024\" src=\"data:image\/svg+xml;base64,PHN2ZyB3aWR0aD0iMSIgaGVpZ2h0PSIxIiB4bWxucz0iaHR0cDovL3d3dy53My5vcmcvMjAwMC9zdmciPjwvc3ZnPg==\" class=\"lazyload\" style=\"--smush-placeholder-width: 320px; --smush-placeholder-aspect-ratio: 320\/213;\" \/><\/a><\/div>\n<p style=\"text-align: justify;\">\n<p>La profesora Isabela Mart\u00edn, de origen cubano, dijo que los ni\u00f1os que aprenden m\u00fasica crecen con los valores fundamentales como el respeto, disciplina, trabajo en equipo y la solidaridad.<\/p>\n<p>Adem\u00e1s, particip\u00f3 una comisi\u00f3n de los ni\u00f1os de la referida orquesta sinf\u00f3nica, compuesta por Aar\u00f3n Di Lorenzo, \u00c1ngel Calder\u00f3n y Feder de los Santos, quienes manifestaron su alegr\u00eda de contar con espacios con grandes profesionales que los impulsan a potencializar su talento.<\/p>\n<div class=\"separator\" style=\"text-align: justify;\"><a href=\"https:\/\/blogger.googleusercontent.com\/img\/b\/R29vZ2xl\/AVvXsEjQTZyofGdk2T0NIZgXUA3nkiVRaLpwEsLG8qKsCgU3G5M3emBGgHQjwo-FdwFpG4hfS7ZXcRfUy7rmNQ0vNmo8xvExXrZSQS12Lua7K8CRjfFiqhUj7-U8jJKizX9llYlb6shjSH1mcErP7FEWreBUsWGepE7IAIahCcLK94biSMUBr-VEsaYaAMSMaA\/s1024\/IMG-20230514-WA0017.jpg\"><img decoding=\"async\" data-src=\"https:\/\/blogger.googleusercontent.com\/img\/b\/R29vZ2xl\/AVvXsEjQTZyofGdk2T0NIZgXUA3nkiVRaLpwEsLG8qKsCgU3G5M3emBGgHQjwo-FdwFpG4hfS7ZXcRfUy7rmNQ0vNmo8xvExXrZSQS12Lua7K8CRjfFiqhUj7-U8jJKizX9llYlb6shjSH1mcErP7FEWreBUsWGepE7IAIahCcLK94biSMUBr-VEsaYaAMSMaA\/s320\/IMG-20230514-WA0017.jpg\" width=\"320\" height=\"213\" border=\"0\" data-original-height=\"682\" data-original-width=\"1024\" src=\"data:image\/svg+xml;base64,PHN2ZyB3aWR0aD0iMSIgaGVpZ2h0PSIxIiB4bWxucz0iaHR0cDovL3d3dy53My5vcmcvMjAwMC9zdmciPjwvc3ZnPg==\" class=\"lazyload\" style=\"--smush-placeholder-width: 320px; --smush-placeholder-aspect-ratio: 320\/213;\" \/><\/a><\/div>\n<p style=\"text-align: justify;\">\n<p>La fundaci\u00f3n, que surgi\u00f3 en noviembre del 2021, actualmente est\u00e1 conformada por 53 j\u00f3venes que reciben clases de lenguaje musical, pr\u00e1ctica coral y formaci\u00f3n.<\/p>\n<div class=\"separator\" style=\"text-align: justify;\"><a href=\"https:\/\/blogger.googleusercontent.com\/img\/b\/R29vZ2xl\/AVvXsEjjhxu6gqatg8Jc2uZ4iQr95UtYQnNDYNxmzBSmml5cdMY3cscRkn_NRSQzerbrKHmeJ1pXLi39PZGGkrzgopZC-F4TWQLBHKcHktqEtVpaKxtZeCi65hJ3Kj2GT2dQi7Wk-pGZpz6axIG00gJ3C2pC0TkiQDW3y_eNNF46yoH9YENcXhuttMfaUWtU_A\/s1024\/IMG-20230514-WA0012.jpg\"><img decoding=\"async\" data-src=\"https:\/\/blogger.googleusercontent.com\/img\/b\/R29vZ2xl\/AVvXsEjjhxu6gqatg8Jc2uZ4iQr95UtYQnNDYNxmzBSmml5cdMY3cscRkn_NRSQzerbrKHmeJ1pXLi39PZGGkrzgopZC-F4TWQLBHKcHktqEtVpaKxtZeCi65hJ3Kj2GT2dQi7Wk-pGZpz6axIG00gJ3C2pC0TkiQDW3y_eNNF46yoH9YENcXhuttMfaUWtU_A\/s320\/IMG-20230514-WA0012.jpg\" width=\"320\" height=\"213\" border=\"0\" data-original-height=\"682\" data-original-width=\"1024\" src=\"data:image\/svg+xml;base64,PHN2ZyB3aWR0aD0iMSIgaGVpZ2h0PSIxIiB4bWxucz0iaHR0cDovL3d3dy53My5vcmcvMjAwMC9zdmciPjwvc3ZnPg==\" class=\"lazyload\" style=\"--smush-placeholder-width: 320px; --smush-placeholder-aspect-ratio: 320\/213;\" \/><\/a><\/div>\n<p style=\"text-align: justify;\">\n<div class=\"separator\" style=\"text-align: justify;\"><a href=\"https:\/\/blogger.googleusercontent.com\/img\/b\/R29vZ2xl\/AVvXsEi4g01CCZxyC0TdNIjvupRmbVhIb0gy_iRKNkA3795zBtONMv4wNIeH9jmVfu-YWNQ16Zl8JJt7rHomtMu9f7gvBawFHZ4OJ4oKk-UEpi42kJphk1yHFimSjzCTVFjhdBEk7fXIl6T6lDzUvHoB8z2_l4NOMCH1PH4zGPrzWPAG46x8fq4dwtJboQP0lQ\/s1600\/IMG-20230514-WA0009.jpg\"><img decoding=\"async\" data-src=\"https:\/\/blogger.googleusercontent.com\/img\/b\/R29vZ2xl\/AVvXsEi4g01CCZxyC0TdNIjvupRmbVhIb0gy_iRKNkA3795zBtONMv4wNIeH9jmVfu-YWNQ16Zl8JJt7rHomtMu9f7gvBawFHZ4OJ4oKk-UEpi42kJphk1yHFimSjzCTVFjhdBEk7fXIl6T6lDzUvHoB8z2_l4NOMCH1PH4zGPrzWPAG46x8fq4dwtJboQP0lQ\/s320\/IMG-20230514-WA0009.jpg\" width=\"320\" height=\"213\" border=\"0\" data-original-height=\"1066\" data-original-width=\"1600\" src=\"data:image\/svg+xml;base64,PHN2ZyB3aWR0aD0iMSIgaGVpZ2h0PSIxIiB4bWxucz0iaHR0cDovL3d3dy53My5vcmcvMjAwMC9zdmciPjwvc3ZnPg==\" class=\"lazyload\" style=\"--smush-placeholder-width: 320px; --smush-placeholder-aspect-ratio: 320\/213;\" \/><\/a><\/div>\n<div style=\"text-align: justify;\"><\/div>\n<div style=\"text-align: justify;\">Fuente: Fundaci\u00f3n para la Expansi\u00f3n\u00a0 Cultural y Art\u00edstica de Punta Cana<\/div>\n","protected":false},"excerpt":{"rendered":"<p>Por Felix Rubio SANTO DOMINGO. -La presidente de la Fundaci\u00f3n para la Expansi\u00f3n\u00a0 Cultural y<\/p>\n","protected":false},"author":1,"featured_media":0,"comment_status":"open","ping_status":"open","sticky":false,"template":"","format":"standard","meta":{"footnotes":""},"categories":[7],"tags":[],"class_list":["post-4939","post","type-post","status-publish","format-standard","hentry","category-nacionales"],"_links":{"self":[{"href":"https:\/\/defrentealaverdad.com\/index.php\/wp-json\/wp\/v2\/posts\/4939","targetHints":{"allow":["GET"]}}],"collection":[{"href":"https:\/\/defrentealaverdad.com\/index.php\/wp-json\/wp\/v2\/posts"}],"about":[{"href":"https:\/\/defrentealaverdad.com\/index.php\/wp-json\/wp\/v2\/types\/post"}],"author":[{"embeddable":true,"href":"https:\/\/defrentealaverdad.com\/index.php\/wp-json\/wp\/v2\/users\/1"}],"replies":[{"embeddable":true,"href":"https:\/\/defrentealaverdad.com\/index.php\/wp-json\/wp\/v2\/comments?post=4939"}],"version-history":[{"count":1,"href":"https:\/\/defrentealaverdad.com\/index.php\/wp-json\/wp\/v2\/posts\/4939\/revisions"}],"predecessor-version":[{"id":4940,"href":"https:\/\/defrentealaverdad.com\/index.php\/wp-json\/wp\/v2\/posts\/4939\/revisions\/4940"}],"wp:attachment":[{"href":"https:\/\/defrentealaverdad.com\/index.php\/wp-json\/wp\/v2\/media?parent=4939"}],"wp:term":[{"taxonomy":"category","embeddable":true,"href":"https:\/\/defrentealaverdad.com\/index.php\/wp-json\/wp\/v2\/categories?post=4939"},{"taxonomy":"post_tag","embeddable":true,"href":"https:\/\/defrentealaverdad.com\/index.php\/wp-json\/wp\/v2\/tags?post=4939"}],"curies":[{"name":"wp","href":"https:\/\/api.w.org\/{rel}","templated":true}]}}