{"id":4933,"date":"2023-05-12T17:02:56","date_gmt":"2023-05-12T17:02:56","guid":{"rendered":"https:\/\/defrentealaverdad.com\/?p=4933"},"modified":"2023-05-12T17:02:56","modified_gmt":"2023-05-12T17:02:56","slug":"depositan-solicitud-de-medida-de-coercion-contra-dos-hombres-asesinaron-empresario-y-ocultaron-el-cuerpo","status":"publish","type":"post","link":"https:\/\/defrentealaverdad.com\/index.php\/2023\/05\/12\/depositan-solicitud-de-medida-de-coercion-contra-dos-hombres-asesinaron-empresario-y-ocultaron-el-cuerpo\/","title":{"rendered":"Depositan solicitud de medida de coerci\u00f3n contra dos hombres asesinaron empresario y ocultaron el cuerpo"},"content":{"rendered":"<header id=\"mvp-post-head\" class=\"left relative\">\n<h3 class=\"mvp-post-cat left relative\"><\/h3>\n<\/header>\n<div id=\"mvp-post-content\" class=\"left relative\">\n<div id=\"mvp-post-feat-img\" class=\"left relative mvp-post-feat-img-wide2\"><img decoding=\"async\" class=\"attachment- size- wp-post-image aligncenter lazyload\" data-src=\"https:\/\/www.ultimasnoticias.com.do\/wp-content\/uploads\/2022\/01\/JUEZ.jpg\" data-sizes=\"(max-width: 1200px) 100vw, 1200px\" data-srcset=\"https:\/\/www.ultimasnoticias.com.do\/wp-content\/uploads\/2022\/01\/JUEZ.jpg 1200w, https:\/\/www.ultimasnoticias.com.do\/wp-content\/uploads\/2022\/01\/JUEZ-300x169.jpg 300w, https:\/\/www.ultimasnoticias.com.do\/wp-content\/uploads\/2022\/01\/JUEZ-1024x576.jpg 1024w, https:\/\/www.ultimasnoticias.com.do\/wp-content\/uploads\/2022\/01\/JUEZ-768x432.jpg 768w\" alt=\"\" width=\"1200\" height=\"675\" src=\"data:image\/svg+xml;base64,PHN2ZyB3aWR0aD0iMSIgaGVpZ2h0PSIxIiB4bWxucz0iaHR0cDovL3d3dy53My5vcmcvMjAwMC9zdmciPjwvc3ZnPg==\" style=\"--smush-placeholder-width: 1200px; --smush-placeholder-aspect-ratio: 1200\/675;\" \/><\/div>\n<div id=\"mvp-content-wrap\" class=\"left relative\">\n<div id=\"mvp-content-body\" class=\"left relative\">\n<div id=\"mvp-content-body-top\" class=\"left relative\">\n<div id=\"mvp-content-main\" class=\"left relative\">\n<p style=\"text-align: justify;\">\n<p style=\"text-align: justify;\"><strong>LA VEGA.-<\/strong> La Fiscal\u00eda de La Vega deposit\u00f3 ante la Oficina Judicial de Atenci\u00f3n Permanente de este distrito judicial, la solicitud de medida de coerci\u00f3n contra dos hombres imputados por el asesinato y ocultamiento del cad\u00e1ver, en un hecho ocurrido en el sector Villa Francisca, de este municipio. En el expediente depositado este jueves, el Ministerio P\u00fablico ha solicitado 18 a\u00f1os de prisi\u00f3n preventiva, como medida de coerci\u00f3n, y la declaratoria de complejidad del proceso en contra de Edwin Alberto Holgu\u00edn Robles y Anderson Lorenzo Alc\u00e1ntara, por el asesinato de Fausto Reyes Tejada.<\/p>\n<p style=\"text-align: justify;\">El Ministerio P\u00fablico, junto a agentes de la Direcci\u00f3n Central de Investigaciones Criminales (Dicrim), inici\u00f3 su investigaci\u00f3n tras la denuncia de la desaparici\u00f3n de Reyes Tejada, realizada por un sobrino de la v\u00edctima el pasado 6 del presente mes.<\/p>\n<p style=\"text-align: justify;\">En el proceso de investigaci\u00f3n, Holgu\u00edn Robles, quien fue entrevistado en varias ocasiones por el Ministerio P\u00fablico, confes\u00f3 el homicidio y el ocultamiento del cuerpo del occiso.<\/p>\n<p style=\"text-align: justify;\">El imputado revel\u00f3 que el desaparecido se encontraba enterrado en el patio de su residencia en el sector Villa Francisca, donde el Ministerio P\u00fablico, al realizar un allanamiento, encontr\u00f3 el cuerpo sin vida de Reyes Tejada, dentro de una maleta, sepultado debajo de una peque\u00f1a piscina que hab\u00eda construido Holgu\u00edn Robles.<\/p>\n<p style=\"text-align: justify;\">El \u00f3rgano de justicia, al realizar el allanamiento en la residencia del imputado Lorenzo Alc\u00e1ntara, le ocup\u00f3, dentro de una nevera, un tel\u00e9fono celular marca Samsung, color gris, propiedad del hoy occiso.<\/p>\n<p style=\"text-align: justify;\">La Fiscal\u00eda tambi\u00e9n le ocup\u00f3 un su\u00e9ter color verde, un pantal\u00f3n jean de hombre, con algunas manchas rojas, un par de chancletas color negra, marca Nike, un par de tenis color marr\u00f3n, que fueron utilizados por el imputado, Holgu\u00edn Robles.<\/p>\n<p style=\"text-align: justify;\">El Ministerio P\u00fablico recuper\u00f3 doscientos cincuenta mil pesos (RD$250,000.00) propiedad del occiso, que el imputado Holgu\u00edn Robles hab\u00eda entregado a una persona para que se los guardara.<\/p>\n<p style=\"text-align: justify;\">Los imputados asesinaron a Reyes Tejada el pasado 3 de mayo, en una caba\u00f1a de su propiedad, donde su cuerpo sin vida fue introducido en la maleta que fue encontrado.<\/p>\n<p style=\"text-align: justify;\">Tras ser introducido en la maleta, el cuerpo sin vida de Reyes fue trasladado, en horas de la madrugada, a la vivienda de su victimario, en la camioneta Nissan, modelo Frontier, color blanco, a\u00f1o 2018, propiedad de la v\u00edctima.<\/p>\n<p style=\"text-align: justify;\">El veh\u00edculo tambi\u00e9n fue recuperado por el Ministerio P\u00fablico, como parte de las evidencias del delito.<\/p>\n<p style=\"text-align: justify;\">La autopsia preliminar realizada al cuerpo de la v\u00edctima por el Instituto Nacional de Ciencias Forenses (Inacif), revel\u00f3 que Reyes Tejada muri\u00f3 debido a trauma contuso craneoencef\u00e1lico y facial severo, lo que evidencia una muerte violenta.<\/p>\n<p style=\"text-align: justify;\">La calificaci\u00f3n jur\u00eddica otorgada por el Ministerio P\u00fablico al presente proceso es la violaci\u00f3n a los art\u00edculos, 295, 296, 302,303, 379,382, 59 y 60 del C\u00f3digo Penal Dominicano, que tipifica y sanciona el il\u00edcito penal de homicidio agravado y robo.<\/p>\n<\/div>\n<\/div>\n<p>Fuente: Ultimas Noticias RD<\/p>\n<\/div>\n<\/div>\n<\/div>\n","protected":false},"excerpt":{"rendered":"<p>LA VEGA.- La Fiscal\u00eda de La Vega deposit\u00f3 ante la Oficina Judicial de Atenci\u00f3n Permanente<\/p>\n","protected":false},"author":1,"featured_media":0,"comment_status":"open","ping_status":"open","sticky":false,"template":"","format":"standard","meta":{"footnotes":""},"categories":[7],"tags":[],"class_list":["post-4933","post","type-post","status-publish","format-standard","hentry","category-nacionales"],"_links":{"self":[{"href":"https:\/\/defrentealaverdad.com\/index.php\/wp-json\/wp\/v2\/posts\/4933","targetHints":{"allow":["GET"]}}],"collection":[{"href":"https:\/\/defrentealaverdad.com\/index.php\/wp-json\/wp\/v2\/posts"}],"about":[{"href":"https:\/\/defrentealaverdad.com\/index.php\/wp-json\/wp\/v2\/types\/post"}],"author":[{"embeddable":true,"href":"https:\/\/defrentealaverdad.com\/index.php\/wp-json\/wp\/v2\/users\/1"}],"replies":[{"embeddable":true,"href":"https:\/\/defrentealaverdad.com\/index.php\/wp-json\/wp\/v2\/comments?post=4933"}],"version-history":[{"count":1,"href":"https:\/\/defrentealaverdad.com\/index.php\/wp-json\/wp\/v2\/posts\/4933\/revisions"}],"predecessor-version":[{"id":4934,"href":"https:\/\/defrentealaverdad.com\/index.php\/wp-json\/wp\/v2\/posts\/4933\/revisions\/4934"}],"wp:attachment":[{"href":"https:\/\/defrentealaverdad.com\/index.php\/wp-json\/wp\/v2\/media?parent=4933"}],"wp:term":[{"taxonomy":"category","embeddable":true,"href":"https:\/\/defrentealaverdad.com\/index.php\/wp-json\/wp\/v2\/categories?post=4933"},{"taxonomy":"post_tag","embeddable":true,"href":"https:\/\/defrentealaverdad.com\/index.php\/wp-json\/wp\/v2\/tags?post=4933"}],"curies":[{"name":"wp","href":"https:\/\/api.w.org\/{rel}","templated":true}]}}