{"id":49292,"date":"2025-09-23T12:09:58","date_gmt":"2025-09-23T12:09:58","guid":{"rendered":"https:\/\/defrentealaverdad.com\/?p=49292"},"modified":"2025-09-24T03:11:24","modified_gmt":"2025-09-24T03:11:24","slug":"ejercito-detiene-a-dos-hombres-con-10-haitianos-indocumentados-en-un-vehiculo-en-azua","status":"publish","type":"post","link":"https:\/\/defrentealaverdad.com\/index.php\/2025\/09\/23\/ejercito-detiene-a-dos-hombres-con-10-haitianos-indocumentados-en-un-vehiculo-en-azua\/","title":{"rendered":"Ej\u00e9rcito detiene a dos hombres con 10 haitianos indocumentados en un veh\u00edculo en Azua"},"content":{"rendered":"<blockquote>\n<p style=\"text-align: center;\">Los detenidos ser\u00e1n enviados ante el Ministerio P\u00fablico. Algunos de los indocumentados se encontraban en el ba\u00fal del veh\u00edculo.<\/p>\n<\/blockquote>\n<p style=\"text-align: justify;\"><strong>Azua, RD <\/strong>\u2013Dos hombres de nacionalidad dominicana fueron apresados por miembros del Ej\u00e9rcito de Rep\u00fablica Dominicana (ERD), asignados al Puesto de Chequeo Militar 15 de Azua, cuando transportaban en un veh\u00edculo peque\u00f1o tipo sedan, a diez (10) nacionales haitianos indocumentados.<\/p>\n<p style=\"text-align: justify;\">El veh\u00edculo marca Nissan Note, color negro, placa AA35956, fue interceptado por una patrulla del ERD en la zona del canal, logrando la detenci\u00f3n del conductor, identificado como Bladimir Pe\u00f1a C\u00e9spedes y su acompa\u00f1ante, Jurbin M\u00e9ndez Mateo.<\/p>\n<p style=\"text-align: justify;\">Al ser requisado el veh\u00edculo, se encontraron los extranjeros en situaci\u00f3n migratoria irregular, entre ellos 9 hombres y 1 mujer, quienes, de acuerdo con informaciones, habr\u00edan pagado a los detenidos para ser transportados hacia la comunidad de Sabana Yegua.<\/p>\n<p style=\"text-align: justify;\">Los dos apresados, junto al veh\u00edculo y los indocumentados, fueron trasladados bajo custodia a la sede del 13er. Batall\u00f3n de Infanter\u00eda del ERD para los procesos legales correspondientes.<\/p>\n<p>&nbsp;<\/p>\n<p>Fuente: Ej\u00e9rcito de Rep\u00fablica Dominicana<\/p>\n","protected":false},"excerpt":{"rendered":"<p>Los detenidos ser\u00e1n enviados ante el Ministerio P\u00fablico. Algunos de los indocumentados se encontraban en<\/p>\n","protected":false},"author":1,"featured_media":49293,"comment_status":"open","ping_status":"open","sticky":false,"template":"","format":"standard","meta":{"footnotes":""},"categories":[7],"tags":[],"class_list":["post-49292","post","type-post","status-publish","format-standard","has-post-thumbnail","hentry","category-nacionales"],"_links":{"self":[{"href":"https:\/\/defrentealaverdad.com\/index.php\/wp-json\/wp\/v2\/posts\/49292","targetHints":{"allow":["GET"]}}],"collection":[{"href":"https:\/\/defrentealaverdad.com\/index.php\/wp-json\/wp\/v2\/posts"}],"about":[{"href":"https:\/\/defrentealaverdad.com\/index.php\/wp-json\/wp\/v2\/types\/post"}],"author":[{"embeddable":true,"href":"https:\/\/defrentealaverdad.com\/index.php\/wp-json\/wp\/v2\/users\/1"}],"replies":[{"embeddable":true,"href":"https:\/\/defrentealaverdad.com\/index.php\/wp-json\/wp\/v2\/comments?post=49292"}],"version-history":[{"count":1,"href":"https:\/\/defrentealaverdad.com\/index.php\/wp-json\/wp\/v2\/posts\/49292\/revisions"}],"predecessor-version":[{"id":49294,"href":"https:\/\/defrentealaverdad.com\/index.php\/wp-json\/wp\/v2\/posts\/49292\/revisions\/49294"}],"wp:featuredmedia":[{"embeddable":true,"href":"https:\/\/defrentealaverdad.com\/index.php\/wp-json\/wp\/v2\/media\/49293"}],"wp:attachment":[{"href":"https:\/\/defrentealaverdad.com\/index.php\/wp-json\/wp\/v2\/media?parent=49292"}],"wp:term":[{"taxonomy":"category","embeddable":true,"href":"https:\/\/defrentealaverdad.com\/index.php\/wp-json\/wp\/v2\/categories?post=49292"},{"taxonomy":"post_tag","embeddable":true,"href":"https:\/\/defrentealaverdad.com\/index.php\/wp-json\/wp\/v2\/tags?post=49292"}],"curies":[{"name":"wp","href":"https:\/\/api.w.org\/{rel}","templated":true}]}}