{"id":49255,"date":"2025-09-23T10:08:09","date_gmt":"2025-09-23T10:08:09","guid":{"rendered":"https:\/\/defrentealaverdad.com\/?p=49255"},"modified":"2025-09-23T14:11:09","modified_gmt":"2025-09-23T14:11:09","slug":"frente-agropecuario-prm-jarabacoa-anuncia-respaldo-a-raquel-pena","status":"publish","type":"post","link":"https:\/\/defrentealaverdad.com\/index.php\/2025\/09\/23\/frente-agropecuario-prm-jarabacoa-anuncia-respaldo-a-raquel-pena\/","title":{"rendered":"Frente Agropecuario PRM Jarabacoa anuncia respaldo a Raquel Pe\u00f1a"},"content":{"rendered":"<p style=\"text-align: justify;\">El Frente Agropecuario del Partido Revolucionario Moderno (PRM) del municipio de Jarabacoa anunci\u00f3 formalmente su respaldo a la vicepresidenta Raquel Pe\u00f1a para sus aspiraciones presidenciales en la contienda electoral del a\u00f1o 2028.<\/p>\n<p style=\"text-align: justify;\">En medio de una actividad multitudinaria que cont\u00f3 la presencia del ingeniero Alberto Rodr\u00edguez, presidente del Frente Agropecuario; ingeniero Ram\u00f3n Garc\u00eda, secretario general y el licenciado Pedro Luis Mateo Del Orbe, miembro de la direcci\u00f3n Nacional del Frente Agropecuario, los dirigentes pol\u00edticos destacaron las cualidades de Pe\u00f1a para convertirse en la primera mujer en llegar a la Presidencia de la Rep\u00fablica.<\/p>\n<p style=\"text-align: justify;\">De igual modo, estuvo presidiendo el Frente Agropecuario: el ingeniero Daniel Ortiz, secretario de organizaci\u00f3n; Ing. Rosina Dur\u00e1n, coordinadora de la mujer; Ing. Starlyn Rodr\u00edguez, coordinador de la Juventud y\u00a0 Lic. Jose Gabriel Garc\u00eda, coordinador de los adultos mayores, junto a decenas de agr\u00f3nomos y personas afines al sector.<\/p>\n<p style=\"text-align: justify;\">El acto finaliz\u00f3 con muestras de entusiasmo y consignas en favor de la candidatura de Raquel Pe\u00f1a, consolidando as\u00ed un nuevo bloque de apoyo dentro de las estructuras sociales y productivas del pa\u00eds.<\/p>\n<p>Fuente: Prensa PRM<\/p>\n","protected":false},"excerpt":{"rendered":"<p>El Frente Agropecuario del Partido Revolucionario Moderno (PRM) del municipio de Jarabacoa anunci\u00f3 formalmente su<\/p>\n","protected":false},"author":1,"featured_media":49256,"comment_status":"open","ping_status":"open","sticky":false,"template":"","format":"standard","meta":{"footnotes":""},"categories":[12],"tags":[],"class_list":["post-49255","post","type-post","status-publish","format-standard","has-post-thumbnail","hentry","category-politicas"],"_links":{"self":[{"href":"https:\/\/defrentealaverdad.com\/index.php\/wp-json\/wp\/v2\/posts\/49255","targetHints":{"allow":["GET"]}}],"collection":[{"href":"https:\/\/defrentealaverdad.com\/index.php\/wp-json\/wp\/v2\/posts"}],"about":[{"href":"https:\/\/defrentealaverdad.com\/index.php\/wp-json\/wp\/v2\/types\/post"}],"author":[{"embeddable":true,"href":"https:\/\/defrentealaverdad.com\/index.php\/wp-json\/wp\/v2\/users\/1"}],"replies":[{"embeddable":true,"href":"https:\/\/defrentealaverdad.com\/index.php\/wp-json\/wp\/v2\/comments?post=49255"}],"version-history":[{"count":1,"href":"https:\/\/defrentealaverdad.com\/index.php\/wp-json\/wp\/v2\/posts\/49255\/revisions"}],"predecessor-version":[{"id":49257,"href":"https:\/\/defrentealaverdad.com\/index.php\/wp-json\/wp\/v2\/posts\/49255\/revisions\/49257"}],"wp:featuredmedia":[{"embeddable":true,"href":"https:\/\/defrentealaverdad.com\/index.php\/wp-json\/wp\/v2\/media\/49256"}],"wp:attachment":[{"href":"https:\/\/defrentealaverdad.com\/index.php\/wp-json\/wp\/v2\/media?parent=49255"}],"wp:term":[{"taxonomy":"category","embeddable":true,"href":"https:\/\/defrentealaverdad.com\/index.php\/wp-json\/wp\/v2\/categories?post=49255"},{"taxonomy":"post_tag","embeddable":true,"href":"https:\/\/defrentealaverdad.com\/index.php\/wp-json\/wp\/v2\/tags?post=49255"}],"curies":[{"name":"wp","href":"https:\/\/api.w.org\/{rel}","templated":true}]}}