{"id":49235,"date":"2025-09-22T12:24:03","date_gmt":"2025-09-22T12:24:03","guid":{"rendered":"https:\/\/defrentealaverdad.com\/?p=49235"},"modified":"2025-09-23T01:26:58","modified_gmt":"2025-09-23T01:26:58","slug":"desde-el-abrazo-transformando-vidas-iniciativa-que-brinda-esperanza-a-la-ninez","status":"publish","type":"post","link":"https:\/\/defrentealaverdad.com\/index.php\/2025\/09\/22\/desde-el-abrazo-transformando-vidas-iniciativa-que-brinda-esperanza-a-la-ninez\/","title":{"rendered":"Desde el Abrazo, Transformando vidas: iniciativa que brinda esperanza a la ni\u00f1ez"},"content":{"rendered":"<p style=\"text-align: justify;\">Santo Domingo.- Desde el Abrazo, Transformando Vidas, es un proyecto impulsado por Nara\u00ef, un grupo de l\u00edderes comprometidos con el desarrollo humano y el impacto social, en colaboraci\u00f3n con la Fundaci\u00f3n Luzma. El proyecto busca ofrecer diagn\u00f3stico temprano y atenci\u00f3n integral a ni\u00f1os entre 3 y 6 a\u00f1os con la finalidad de mejorar su calidad de vida.<\/p>\n<p style=\"text-align: justify;\">Esta iniciativa nace del profundo entendimiento de que un diagn\u00f3stico oportuno puede marcar la diferencia en la vida de un ni\u00f1o, abriendo caminos hacia la inclusi\u00f3n, la salud y la esperanza. Muchos de los servicios necesarios para atender este tipo de condiciones como evaluaciones neurol\u00f3gicas, terapias o estudios especializados no est\u00e1n cubiertos por seguros m\u00e9dicos b\u00e1sicos ni cuentan con respaldo gubernamental.<\/p>\n<p style=\"text-align: justify;\">En su primera etapa, el proyecto acompa\u00f1a a 10 ni\u00f1os de diversas comunidades de Santo Domingo. Todos ellos ya han comenzado a recibir evaluaciones a trav\u00e9s de la Fundaci\u00f3n Luzma, y est\u00e1n siendo atendidos por profesionales como pediatras, neuropediatras y otros especialistas enfocados en la construcci\u00f3n de un diagn\u00f3stico integral.<\/p>\n<p style=\"text-align: justify;\">Adem\u00e1s de las consultas, el proyecto incluye acceso a estudios especializados, terapias y apoyo emocional y econ\u00f3mico, garantizando un abordaje completo que responde a los requerimientos de cada ni\u00f1o y su familia.<\/p>\n<p style=\"text-align: justify;\">La visi\u00f3n de Nara\u00ef es expandir este esfuerzo para alcanzar a m\u00e1s ni\u00f1os que requieren atenci\u00f3n temprana y acompa\u00f1amiento constante, creando as\u00ed una red s\u00f3lida que promueva la salud, la inclusi\u00f3n y el bienestar infantil.<\/p>\n<p style=\"text-align: justify;\">Asimismo, el grupo de l\u00edderes invita a entidades p\u00fablicas, profesionales, organizaciones, empresarios y la comunidad en general a unirse a esta causa para que juntos poder transformar vidas.<\/p>\n<p style=\"text-align: justify;\"><strong>Origen del<\/strong> <em>proyecto social<\/em><\/p>\n<p style=\"text-align: justify;\">La iniciativa toma su nombre de una convicci\u00f3n profunda: que toda transformaci\u00f3n comienza desde el abrazo.<\/p>\n<p style=\"text-align: justify;\">El abrazo representa cercan\u00eda, contenci\u00f3n y cuidado. En este contexto, simboliza el primer paso hacia el cambio: acoger la realidad del ni\u00f1o, acompa\u00f1arlo con empat\u00eda y brindar respuestas concretas. Desde ese gesto humano, nace la acci\u00f3n:<\/p>\n<p style=\"text-align: justify;\">&#8211; diagn\u00f3stico, tratamiento,<\/p>\n<p style=\"text-align: justify;\">&#8211; apoyo econ\u00f3mico.<\/p>\n<p><strong>Desde el Abrazo<\/strong><\/p>\n<p style=\"text-align: justify;\">Transformando Vidas es el compromiso de actuar desde la humanidad, siendo fuente de esperanza y generando un impacto real y duradero en la sociedad. Para conocer m\u00e1s sobre el proyecto pueden seguirlos en Instagram como @Narai_v131.<\/p>\n<p>Si deseas colaborar, puedes realizar donaciones a la cuenta #850333295 del Banco Popular a nombre de: Joan Jes\u00fas P\u00e9rez.<\/p>\n","protected":false},"excerpt":{"rendered":"<p>Santo Domingo.- Desde el Abrazo, Transformando Vidas, es un proyecto impulsado por Nara\u00ef, un grupo<\/p>\n","protected":false},"author":1,"featured_media":49236,"comment_status":"open","ping_status":"open","sticky":false,"template":"","format":"standard","meta":{"footnotes":""},"categories":[7],"tags":[],"class_list":["post-49235","post","type-post","status-publish","format-standard","has-post-thumbnail","hentry","category-nacionales"],"_links":{"self":[{"href":"https:\/\/defrentealaverdad.com\/index.php\/wp-json\/wp\/v2\/posts\/49235","targetHints":{"allow":["GET"]}}],"collection":[{"href":"https:\/\/defrentealaverdad.com\/index.php\/wp-json\/wp\/v2\/posts"}],"about":[{"href":"https:\/\/defrentealaverdad.com\/index.php\/wp-json\/wp\/v2\/types\/post"}],"author":[{"embeddable":true,"href":"https:\/\/defrentealaverdad.com\/index.php\/wp-json\/wp\/v2\/users\/1"}],"replies":[{"embeddable":true,"href":"https:\/\/defrentealaverdad.com\/index.php\/wp-json\/wp\/v2\/comments?post=49235"}],"version-history":[{"count":1,"href":"https:\/\/defrentealaverdad.com\/index.php\/wp-json\/wp\/v2\/posts\/49235\/revisions"}],"predecessor-version":[{"id":49237,"href":"https:\/\/defrentealaverdad.com\/index.php\/wp-json\/wp\/v2\/posts\/49235\/revisions\/49237"}],"wp:featuredmedia":[{"embeddable":true,"href":"https:\/\/defrentealaverdad.com\/index.php\/wp-json\/wp\/v2\/media\/49236"}],"wp:attachment":[{"href":"https:\/\/defrentealaverdad.com\/index.php\/wp-json\/wp\/v2\/media?parent=49235"}],"wp:term":[{"taxonomy":"category","embeddable":true,"href":"https:\/\/defrentealaverdad.com\/index.php\/wp-json\/wp\/v2\/categories?post=49235"},{"taxonomy":"post_tag","embeddable":true,"href":"https:\/\/defrentealaverdad.com\/index.php\/wp-json\/wp\/v2\/tags?post=49235"}],"curies":[{"name":"wp","href":"https:\/\/api.w.org\/{rel}","templated":true}]}}