{"id":49232,"date":"2025-09-22T10:21:45","date_gmt":"2025-09-22T10:21:45","guid":{"rendered":"https:\/\/defrentealaverdad.com\/?p=49232"},"modified":"2025-09-23T01:23:20","modified_gmt":"2025-09-23T01:23:20","slug":"diputada-daritza-zapata-presenta-dajabon-vivelo-para-impulsar-el-ecoturismo-y-el-desarrollo-sostenible-en-la-provincia","status":"publish","type":"post","link":"https:\/\/defrentealaverdad.com\/index.php\/2025\/09\/22\/diputada-daritza-zapata-presenta-dajabon-vivelo-para-impulsar-el-ecoturismo-y-el-desarrollo-sostenible-en-la-provincia\/","title":{"rendered":"Diputada Daritza Zapata presenta \u201c Dajab\u00f3n V\u00edvelo\u201d para impulsar el ecoturismo y el desarrollo sostenible en la provincia"},"content":{"rendered":"<p style=\"text-align: justify;\">La Oficina de Gesti\u00f3n Legislativa de la diputada Daritza Zapata presentar\u00e1n \u201cDajab\u00f3n V\u00edvelo\u201d una plataforma estrat\u00e9gica que busca posicionar a la provincia como un destino ecotur\u00edstico de referencia en el Caribe, destacando su riqueza natural, cultural y social, as\u00ed como el potencial de su gente.<\/p>\n<p style=\"text-align: justify;\">La feria ecoturistica , que se celebrar\u00e1 todo el d\u00eda 21 de octubre en el Hotel Embajador del Distrito Nacional, reunir\u00e1 a representantes del gobierno central, actores comunitarios ,autoridades de la provincia, organismos internacionales, agencias y operadores de turismo e inversionistas con el objetivo de visibilizar una nueva narrativa sobre Dajab\u00f3n :una provincia con oportunidades, talento y vocaci\u00f3n para liderar un modelo de desarrollo socieconomico sostenible desde la frontera.<\/p>\n<blockquote>\n<p style=\"text-align: center;\">\u201cDajab\u00f3n no solo tiene lo que se necesita para convertirse en un referente del ecoturismo, sino que tambi\u00e9n cuenta con una comunidad lista para asumir el liderazgo de su propio desarrollo, activando un encadenamiento productivo sostenible. Vive Dajab\u00f3n es una invitaci\u00f3n a descubrir, valorar y apostar por nuestra provincia\u201d, expres\u00f3 la diputada Zapata.<\/p>\n<\/blockquote>\n<p style=\"text-align: justify;\">Zapata indic\u00f3 que la plataforma forma parte de una hoja de ruta m\u00e1s amplia que promueve el desarrollo sostenible de la provincia, mediante incentivos a la inversi\u00f3n responsable, el dise\u00f1o de rutas ecotur\u00edsticas, la capacitaci\u00f3n de comunidades locales y el fortalecimiento institucional para impulsar pol\u00edticas p\u00fablicas con enfoque territorial.<\/p>\n<blockquote>\n<p style=\"text-align: center;\">\u201cEsta iniciativa se presenta en un contexto legislativo favorable, tras la aprobaci\u00f3n en junio de la ley que propusimos en el Congreso que refuerza el compromiso institucional con este nuevo enfoque de desarrollo para Dajab\u00f3n\u201d , indic\u00f3 la legisladora .<\/p>\n<\/blockquote>\n<p style=\"text-align: justify;\">Se\u00f1al\u00f3 adem\u00e1s que el evento busca generar alianzas estrat\u00e9gicas con instituciones, empresas y l\u00edderes comprometidos con el desarrollo sostenible, la equidad territorial y la inclusi\u00f3n de zonas hist\u00f3ricamente marginadas en la agenda nacional.<\/p>\n<p style=\"text-align: justify;\">Indic\u00f3 que la feria contar\u00e1 con exhibiciones, artesanos, paneles , ronda de negocio, experiencias visuales , auditivas , sensoriales y degustaciones de lo mejor de la producci\u00f3n local.<\/p>\n<p style=\"text-align: justify;\">Adem\u00e1s explic\u00f3 que se eligi\u00f3 la capital como el lugar de la feria porque es precisamente donde se concentra la toma de decisiones del sector p\u00fablico, privado y donde se puede sensibilizar a los actores clave sobre el potencial ecoturistico de Dajab\u00f3n.<\/p>\n<p>Fuente: J. Morales<\/p>\n","protected":false},"excerpt":{"rendered":"<p>La Oficina de Gesti\u00f3n Legislativa de la diputada Daritza Zapata presentar\u00e1n \u201cDajab\u00f3n V\u00edvelo\u201d una plataforma<\/p>\n","protected":false},"author":1,"featured_media":49233,"comment_status":"open","ping_status":"open","sticky":false,"template":"","format":"standard","meta":{"footnotes":""},"categories":[7],"tags":[],"class_list":["post-49232","post","type-post","status-publish","format-standard","has-post-thumbnail","hentry","category-nacionales"],"_links":{"self":[{"href":"https:\/\/defrentealaverdad.com\/index.php\/wp-json\/wp\/v2\/posts\/49232","targetHints":{"allow":["GET"]}}],"collection":[{"href":"https:\/\/defrentealaverdad.com\/index.php\/wp-json\/wp\/v2\/posts"}],"about":[{"href":"https:\/\/defrentealaverdad.com\/index.php\/wp-json\/wp\/v2\/types\/post"}],"author":[{"embeddable":true,"href":"https:\/\/defrentealaverdad.com\/index.php\/wp-json\/wp\/v2\/users\/1"}],"replies":[{"embeddable":true,"href":"https:\/\/defrentealaverdad.com\/index.php\/wp-json\/wp\/v2\/comments?post=49232"}],"version-history":[{"count":1,"href":"https:\/\/defrentealaverdad.com\/index.php\/wp-json\/wp\/v2\/posts\/49232\/revisions"}],"predecessor-version":[{"id":49234,"href":"https:\/\/defrentealaverdad.com\/index.php\/wp-json\/wp\/v2\/posts\/49232\/revisions\/49234"}],"wp:featuredmedia":[{"embeddable":true,"href":"https:\/\/defrentealaverdad.com\/index.php\/wp-json\/wp\/v2\/media\/49233"}],"wp:attachment":[{"href":"https:\/\/defrentealaverdad.com\/index.php\/wp-json\/wp\/v2\/media?parent=49232"}],"wp:term":[{"taxonomy":"category","embeddable":true,"href":"https:\/\/defrentealaverdad.com\/index.php\/wp-json\/wp\/v2\/categories?post=49232"},{"taxonomy":"post_tag","embeddable":true,"href":"https:\/\/defrentealaverdad.com\/index.php\/wp-json\/wp\/v2\/tags?post=49232"}],"curies":[{"name":"wp","href":"https:\/\/api.w.org\/{rel}","templated":true}]}}